{"id":9590,"date":"2025-09-09T22:59:11","date_gmt":"2025-09-10T04:59:11","guid":{"rendered":"https:\/\/esbozodeportivo.com\/?p=9590"},"modified":"2025-09-09T22:59:13","modified_gmt":"2025-09-10T04:59:13","slug":"egan-bernal-gana-etapa-16-de-la-vuelta-a-espana","status":"publish","type":"post","link":"https:\/\/esbozodeportivo.com\/index.php\/2025\/09\/09\/egan-bernal-gana-etapa-16-de-la-vuelta-a-espana\/","title":{"rendered":"Egan Bernal gana etapa 16 de la Vuelta a Espa\u00f1a"},"content":{"rendered":"\n<p>(Foto: Agencias) <\/p>\n\n\n\n<p>La 16ta etapa de la Vuelta a Espa\u00f1a fue acortada el martes despu\u00e9s de que manifestantes pro-palestinos bloquearan la carretera a pocos kil\u00f3metros de la l\u00ednea de meta.<\/p>\n\n\n\n<p>Los organizadores de la carrera tomaron los tiempos de los ciclistas a ocho kil\u00f3metros (cinco millas) de la meta, otorgando al colombiano Egan Bernal la victoria de la etapa. Jonas Vingegaard mantuvo el liderato general al entrar en la \u00faltima semana de la carrera.<\/p>\n\n\n\n<p>Bernal no ganaba una etapa en una de las tres grandes joyas del ciclismo desde su consagraci\u00f3n en el Giro de Italia 2021. El tambi\u00e9n campe\u00f3n del Tour de Francia 2019 sufri\u00f3 un aparatoso accidente de tr\u00e1fico en enero de 2022 cuando entrenaba en su pa\u00eds natal. Choc\u00f3 contra un autob\u00fas y estuvo cerca de quedar parapl\u00e9jico tras sufrir m\u00faltiples fracturas.<\/p>\n\n\n\n<p>El colombiano de 28 a\u00f1os, corredor del equipo Ineos Grenadiers, super\u00f3 en un sprint al espa\u00f1ol Mikel Landa (Soudal Quick-Step).<\/p>\n\n\n\n<p>Fue la segunda vez que una etapa se acort\u00f3 debido a las protestas en la carrera de tres semanas del Grand Tour en Espa\u00f1a.<\/p>\n\n\n\n<p>La decisi\u00f3n se tom\u00f3 despu\u00e9s de que cientos de manifestantes se reunieran a unos tres kil\u00f3metros (1,8 millas) de la meta en la etapa de 168 kil\u00f3metros (104 millas) en el noroeste de Espa\u00f1a.<\/p>\n\n\n\n<p>Los organizadores de la carrera informaron a los equipos que hab\u00eda una protesta a tres kil\u00f3metros antes de la meta.<\/p>\n\n\n\n<p>La polic\u00eda no pudo dispersar completamente a los manifestantes, quienes han estado pidiendo que el equipo Israel Premier Tech abandone la carrera. El equipo comenz\u00f3 la etapa del s\u00e1bado vistiendo nuevos uniformes sin el nombre del equipo.<\/p>\n\n\n\n<p>En un momento el martes, los manifestantes intentaron bloquear el paso de la furgoneta de apoyo del equipo israel\u00ed.<\/p>\n\n\n\n<p>El domingo, un manifestante que portaba la bandera palestina fue detenido despu\u00e9s de intentar invadir la carretera frente a los ciclistas y causar la ca\u00edda de dos de ellos.<\/p>\n\n\n\n<p>Javi Romo, uno de los ciclistas que se cay\u00f3, se retir\u00f3 de la carrera el martes despu\u00e9s de no recuperarse completamente de la ca\u00edda.<\/p>\n\n\n\n<p>La 11ma etapa tambi\u00e9n fue acortada \u2014y termin\u00f3 sin un ganador\u2014 debido a una interrupci\u00f3n por parte de los manifestantes cerca de la l\u00ednea de meta en la ciudad de Bilbao, en el Pa\u00eds Vasco.<\/p>\n\n\n\n<p>Javier Guill\u00e9n, el director de la Vuelta, compareci\u00f3 ante la prensa tras la etapa del martes y se\u00f1al\u00f3 que mantienen intacto el objetivo de completar la carrera el domingo en Madrid.<\/p>\n\n\n\n<p>\u201cPor segunda vez en esta edici\u00f3n tuvimos que tomar los tiempos antes de meta\u201d, dijo Guill\u00e9n. \u201cAfortunadamente, la etapa tuvo ganador y se tomaron los tiempos. El mensaje principal que quiero dar es que nosotros vamos a continuar haciendo La Vuelta y vamos a estar ma\u00f1ana en la salida de la 17m etapa\u201d.<\/p>\n\n\n\n<p>\u201cEntendemos que cada uno quiera utilizar la plataforma de comunicaci\u00f3n de la Vuelta para dar el mensaje que sea, y en este caso el mensaje pro-Palestina\u201d, agreg\u00f3. Es algo terrible lo que est\u00e1 sucediendo y todos queremos la paz all\u00ed. Tambi\u00e9n queremos defender nuestro deporte, nuestra carrera y por eso queremos seguir trabajando\u201d.<\/p>\n\n\n\n<p>Antes de la 16ta etapa, los organizadores borraron pinturas de banderas palestinas hechas por manifestantes cerca de la l\u00ednea de meta.<\/p>\n\n\n\n<p>Se esperan m\u00e1s protestas de cara al final el domingo. El mi\u00e9rcoles, los ciclistas enfrentar\u00e1n una etapa de media monta\u00f1a de 143 kil\u00f3metros (89 millas).<\/p>\n\n\n\n<p><\/p>\n","protected":false},"excerpt":{"rendered":"<p>(Foto: Agencias) La 16ta etapa de la Vuelta a Espa\u00f1a fue acortada el martes despu\u00e9s<\/p>\n","protected":false},"author":4,"featured_media":9579,"comment_status":"closed","ping_status":"open","sticky":false,"template":"","format":"standard","meta":{"_jetpack_memberships_contains_paid_content":false,"footnotes":""},"categories":[10],"tags":[],"class_list":["post-9590","post","type-post","status-publish","format-standard","has-post-thumbnail","hentry","category-ciclismo"],"yoast_head":"<!-- This site is optimized with the Yoast SEO plugin v25.7 - https:\/\/yoast.com\/wordpress\/plugins\/seo\/ -->\n<title>Egan Bernal gana etapa 16 de la Vuelta a Espa\u00f1a - Esbozo Deportivo<\/title>\n<meta name=\"description\" content=\"Los organizadores de la carrera tomaron los tiempos de los ciclistas a ocho kil\u00f3metros (cinco millas) de la meta, otorgando al colombiano Egan Bernal la victoria de la etapa. Jonas Vingegaard mantuvo el liderato general al entrar en la \u00faltima semana de la carrera.\" \/>\n<meta name=\"robots\" content=\"index, follow, max-snippet:-1, max-image-preview:large, max-video-preview:-1\" \/>\n<link rel=\"canonical\" href=\"https:\/\/esbozodeportivo.com\/index.php\/2025\/09\/09\/egan-bernal-gana-etapa-16-de-la-vuelta-a-espana\/\" \/>\n<meta property=\"og:locale\" content=\"es_MX\" \/>\n<meta property=\"og:type\" content=\"article\" \/>\n<meta property=\"og:title\" content=\"Egan Bernal gana etapa 16 de la Vuelta a Espa\u00f1a - Esbozo Deportivo\" \/>\n<meta property=\"og:description\" content=\"Los organizadores de la carrera tomaron los tiempos de los ciclistas a ocho kil\u00f3metros (cinco millas) de la meta, otorgando al colombiano Egan Bernal la victoria de la etapa. Jonas Vingegaard mantuvo el liderato general al entrar en la \u00faltima semana de la carrera.\" \/>\n<meta property=\"og:url\" content=\"https:\/\/esbozodeportivo.com\/index.php\/2025\/09\/09\/egan-bernal-gana-etapa-16-de-la-vuelta-a-espana\/\" \/>\n<meta property=\"og:site_name\" content=\"Esbozo Deportivo\" \/>\n<meta property=\"article:published_time\" content=\"2025-09-10T04:59:11+00:00\" \/>\n<meta property=\"article:modified_time\" content=\"2025-09-10T04:59:13+00:00\" \/>\n<meta property=\"og:image\" content=\"https:\/\/esbozodeportivo.com\/wp-content\/uploads\/2025\/09\/Ciclismo-5.jpg\" \/>\n\t<meta property=\"og:image:width\" content=\"768\" \/>\n\t<meta property=\"og:image:height\" content=\"576\" \/>\n\t<meta property=\"og:image:type\" content=\"image\/jpeg\" \/>\n<meta name=\"author\" content=\"Redacci\u00f3n\" \/>\n<meta name=\"twitter:card\" content=\"summary_large_image\" \/>\n<meta name=\"twitter:label1\" content=\"Escrito por\" \/>\n\t<meta name=\"twitter:data1\" content=\"Redacci\u00f3n\" \/>\n\t<meta name=\"twitter:label2\" content=\"Tiempo de lectura\" \/>\n\t<meta name=\"twitter:data2\" content=\"3 minutos\" \/>\n<script type=\"application\/ld+json\" class=\"yoast-schema-graph\">{\"@context\":\"https:\/\/schema.org\",\"@graph\":[{\"@type\":\"Article\",\"@id\":\"https:\/\/esbozodeportivo.com\/index.php\/2025\/09\/09\/egan-bernal-gana-etapa-16-de-la-vuelta-a-espana\/#article\",\"isPartOf\":{\"@id\":\"https:\/\/esbozodeportivo.com\/index.php\/2025\/09\/09\/egan-bernal-gana-etapa-16-de-la-vuelta-a-espana\/\"},\"author\":{\"name\":\"Redacci\u00f3n\",\"@id\":\"https:\/\/esbozodeportivo.com\/#\/schema\/person\/0f6df9196dfe6740dd0bb31bae50d374\"},\"headline\":\"Egan Bernal gana etapa 16 de la Vuelta a Espa\u00f1a\",\"datePublished\":\"2025-09-10T04:59:11+00:00\",\"dateModified\":\"2025-09-10T04:59:13+00:00\",\"mainEntityOfPage\":{\"@id\":\"https:\/\/esbozodeportivo.com\/index.php\/2025\/09\/09\/egan-bernal-gana-etapa-16-de-la-vuelta-a-espana\/\"},\"wordCount\":607,\"publisher\":{\"@id\":\"https:\/\/esbozodeportivo.com\/#organization\"},\"image\":{\"@id\":\"https:\/\/esbozodeportivo.com\/index.php\/2025\/09\/09\/egan-bernal-gana-etapa-16-de-la-vuelta-a-espana\/#primaryimage\"},\"thumbnailUrl\":\"https:\/\/esbozodeportivo.com\/wp-content\/uploads\/2025\/09\/Ciclismo-5.jpg\",\"articleSection\":[\"Ciclismo\"],\"inLanguage\":\"es\"},{\"@type\":\"WebPage\",\"@id\":\"https:\/\/esbozodeportivo.com\/index.php\/2025\/09\/09\/egan-bernal-gana-etapa-16-de-la-vuelta-a-espana\/\",\"url\":\"https:\/\/esbozodeportivo.com\/index.php\/2025\/09\/09\/egan-bernal-gana-etapa-16-de-la-vuelta-a-espana\/\",\"name\":\"Egan Bernal gana etapa 16 de la Vuelta a Espa\u00f1a - Esbozo Deportivo\",\"isPartOf\":{\"@id\":\"https:\/\/esbozodeportivo.com\/#website\"},\"primaryImageOfPage\":{\"@id\":\"https:\/\/esbozodeportivo.com\/index.php\/2025\/09\/09\/egan-bernal-gana-etapa-16-de-la-vuelta-a-espana\/#primaryimage\"},\"image\":{\"@id\":\"https:\/\/esbozodeportivo.com\/index.php\/2025\/09\/09\/egan-bernal-gana-etapa-16-de-la-vuelta-a-espana\/#primaryimage\"},\"thumbnailUrl\":\"https:\/\/esbozodeportivo.com\/wp-content\/uploads\/2025\/09\/Ciclismo-5.jpg\",\"datePublished\":\"2025-09-10T04:59:11+00:00\",\"dateModified\":\"2025-09-10T04:59:13+00:00\",\"description\":\"Los organizadores de la carrera tomaron los tiempos de los ciclistas a ocho kil\u00f3metros (cinco millas) de la meta, otorgando al colombiano Egan Bernal la victoria de la etapa. Jonas Vingegaard mantuvo el liderato general al entrar en la \u00faltima semana de la carrera.\",\"breadcrumb\":{\"@id\":\"https:\/\/esbozodeportivo.com\/index.php\/2025\/09\/09\/egan-bernal-gana-etapa-16-de-la-vuelta-a-espana\/#breadcrumb\"},\"inLanguage\":\"es\",\"potentialAction\":[{\"@type\":\"ReadAction\",\"target\":[\"https:\/\/esbozodeportivo.com\/index.php\/2025\/09\/09\/egan-bernal-gana-etapa-16-de-la-vuelta-a-espana\/\"]}]},{\"@type\":\"ImageObject\",\"inLanguage\":\"es\",\"@id\":\"https:\/\/esbozodeportivo.com\/index.php\/2025\/09\/09\/egan-bernal-gana-etapa-16-de-la-vuelta-a-espana\/#primaryimage\",\"url\":\"https:\/\/esbozodeportivo.com\/wp-content\/uploads\/2025\/09\/Ciclismo-5.jpg\",\"contentUrl\":\"https:\/\/esbozodeportivo.com\/wp-content\/uploads\/2025\/09\/Ciclismo-5.jpg\",\"width\":768,\"height\":576},{\"@type\":\"BreadcrumbList\",\"@id\":\"https:\/\/esbozodeportivo.com\/index.php\/2025\/09\/09\/egan-bernal-gana-etapa-16-de-la-vuelta-a-espana\/#breadcrumb\",\"itemListElement\":[{\"@type\":\"ListItem\",\"position\":1,\"name\":\"Inicio\",\"item\":\"https:\/\/esbozodeportivo.com\/\"},{\"@type\":\"ListItem\",\"position\":2,\"name\":\"Egan Bernal gana etapa 16 de la Vuelta a Espa\u00f1a\"}]},{\"@type\":\"WebSite\",\"@id\":\"https:\/\/esbozodeportivo.com\/#website\",\"url\":\"https:\/\/esbozodeportivo.com\/\",\"name\":\"Esbozo Deportivo\",\"description\":\"Lo m\u00e1s importante del Deporte\",\"publisher\":{\"@id\":\"https:\/\/esbozodeportivo.com\/#organization\"},\"potentialAction\":[{\"@type\":\"SearchAction\",\"target\":{\"@type\":\"EntryPoint\",\"urlTemplate\":\"https:\/\/esbozodeportivo.com\/?s={search_term_string}\"},\"query-input\":{\"@type\":\"PropertyValueSpecification\",\"valueRequired\":true,\"valueName\":\"search_term_string\"}}],\"inLanguage\":\"es\"},{\"@type\":\"Organization\",\"@id\":\"https:\/\/esbozodeportivo.com\/#organization\",\"name\":\"Esbozo Deportivo\",\"url\":\"https:\/\/esbozodeportivo.com\/\",\"logo\":{\"@type\":\"ImageObject\",\"inLanguage\":\"es\",\"@id\":\"https:\/\/esbozodeportivo.com\/#\/schema\/logo\/image\/\",\"url\":\"https:\/\/esbozodeportivo.com\/wp-content\/uploads\/2022\/08\/cropped-Logo-Esbozo-Web-2.png\",\"contentUrl\":\"https:\/\/esbozodeportivo.com\/wp-content\/uploads\/2022\/08\/cropped-Logo-Esbozo-Web-2.png\",\"width\":180,\"height\":50,\"caption\":\"Esbozo Deportivo\"},\"image\":{\"@id\":\"https:\/\/esbozodeportivo.com\/#\/schema\/logo\/image\/\"}},{\"@type\":\"Person\",\"@id\":\"https:\/\/esbozodeportivo.com\/#\/schema\/person\/0f6df9196dfe6740dd0bb31bae50d374\",\"name\":\"Redacci\u00f3n\",\"image\":{\"@type\":\"ImageObject\",\"inLanguage\":\"es\",\"@id\":\"https:\/\/esbozodeportivo.com\/#\/schema\/person\/image\/\",\"url\":\"https:\/\/secure.gravatar.com\/avatar\/f55268a89c3b418f2ef172ff52ab0d09b3e653c58de29539fe329fb93d78ebf3?s=96&d=mm&r=g\",\"contentUrl\":\"https:\/\/secure.gravatar.com\/avatar\/f55268a89c3b418f2ef172ff52ab0d09b3e653c58de29539fe329fb93d78ebf3?s=96&d=mm&r=g\",\"caption\":\"Redacci\u00f3n\"},\"url\":\"https:\/\/esbozodeportivo.com\/index.php\/author\/redaccion\/\"}]}<\/script>\n<!-- \/ Yoast SEO plugin. -->","yoast_head_json":{"title":"Egan Bernal gana etapa 16 de la Vuelta a Espa\u00f1a - Esbozo Deportivo","description":"Los organizadores de la carrera tomaron los tiempos de los ciclistas a ocho kil\u00f3metros (cinco millas) de la meta, otorgando al colombiano Egan Bernal la victoria de la etapa. Jonas Vingegaard mantuvo el liderato general al entrar en la \u00faltima semana de la carrera.","robots":{"index":"index","follow":"follow","max-snippet":"max-snippet:-1","max-image-preview":"max-image-preview:large","max-video-preview":"max-video-preview:-1"},"canonical":"https:\/\/esbozodeportivo.com\/index.php\/2025\/09\/09\/egan-bernal-gana-etapa-16-de-la-vuelta-a-espana\/","og_locale":"es_MX","og_type":"article","og_title":"Egan Bernal gana etapa 16 de la Vuelta a Espa\u00f1a - Esbozo Deportivo","og_description":"Los organizadores de la carrera tomaron los tiempos de los ciclistas a ocho kil\u00f3metros (cinco millas) de la meta, otorgando al colombiano Egan Bernal la victoria de la etapa. Jonas Vingegaard mantuvo el liderato general al entrar en la \u00faltima semana de la carrera.","og_url":"https:\/\/esbozodeportivo.com\/index.php\/2025\/09\/09\/egan-bernal-gana-etapa-16-de-la-vuelta-a-espana\/","og_site_name":"Esbozo Deportivo","article_published_time":"2025-09-10T04:59:11+00:00","article_modified_time":"2025-09-10T04:59:13+00:00","og_image":[{"width":768,"height":576,"url":"https:\/\/esbozodeportivo.com\/wp-content\/uploads\/2025\/09\/Ciclismo-5.jpg","type":"image\/jpeg"}],"author":"Redacci\u00f3n","twitter_card":"summary_large_image","twitter_misc":{"Escrito por":"Redacci\u00f3n","Tiempo de lectura":"3 minutos"},"schema":{"@context":"https:\/\/schema.org","@graph":[{"@type":"Article","@id":"https:\/\/esbozodeportivo.com\/index.php\/2025\/09\/09\/egan-bernal-gana-etapa-16-de-la-vuelta-a-espana\/#article","isPartOf":{"@id":"https:\/\/esbozodeportivo.com\/index.php\/2025\/09\/09\/egan-bernal-gana-etapa-16-de-la-vuelta-a-espana\/"},"author":{"name":"Redacci\u00f3n","@id":"https:\/\/esbozodeportivo.com\/#\/schema\/person\/0f6df9196dfe6740dd0bb31bae50d374"},"headline":"Egan Bernal gana etapa 16 de la Vuelta a Espa\u00f1a","datePublished":"2025-09-10T04:59:11+00:00","dateModified":"2025-09-10T04:59:13+00:00","mainEntityOfPage":{"@id":"https:\/\/esbozodeportivo.com\/index.php\/2025\/09\/09\/egan-bernal-gana-etapa-16-de-la-vuelta-a-espana\/"},"wordCount":607,"publisher":{"@id":"https:\/\/esbozodeportivo.com\/#organization"},"image":{"@id":"https:\/\/esbozodeportivo.com\/index.php\/2025\/09\/09\/egan-bernal-gana-etapa-16-de-la-vuelta-a-espana\/#primaryimage"},"thumbnailUrl":"https:\/\/esbozodeportivo.com\/wp-content\/uploads\/2025\/09\/Ciclismo-5.jpg","articleSection":["Ciclismo"],"inLanguage":"es"},{"@type":"WebPage","@id":"https:\/\/esbozodeportivo.com\/index.php\/2025\/09\/09\/egan-bernal-gana-etapa-16-de-la-vuelta-a-espana\/","url":"https:\/\/esbozodeportivo.com\/index.php\/2025\/09\/09\/egan-bernal-gana-etapa-16-de-la-vuelta-a-espana\/","name":"Egan Bernal gana etapa 16 de la Vuelta a Espa\u00f1a - Esbozo Deportivo","isPartOf":{"@id":"https:\/\/esbozodeportivo.com\/#website"},"primaryImageOfPage":{"@id":"https:\/\/esbozodeportivo.com\/index.php\/2025\/09\/09\/egan-bernal-gana-etapa-16-de-la-vuelta-a-espana\/#primaryimage"},"image":{"@id":"https:\/\/esbozodeportivo.com\/index.php\/2025\/09\/09\/egan-bernal-gana-etapa-16-de-la-vuelta-a-espana\/#primaryimage"},"thumbnailUrl":"https:\/\/esbozodeportivo.com\/wp-content\/uploads\/2025\/09\/Ciclismo-5.jpg","datePublished":"2025-09-10T04:59:11+00:00","dateModified":"2025-09-10T04:59:13+00:00","description":"Los organizadores de la carrera tomaron los tiempos de los ciclistas a ocho kil\u00f3metros (cinco millas) de la meta, otorgando al colombiano Egan Bernal la victoria de la etapa. Jonas Vingegaard mantuvo el liderato general al entrar en la \u00faltima semana de la carrera.","breadcrumb":{"@id":"https:\/\/esbozodeportivo.com\/index.php\/2025\/09\/09\/egan-bernal-gana-etapa-16-de-la-vuelta-a-espana\/#breadcrumb"},"inLanguage":"es","potentialAction":[{"@type":"ReadAction","target":["https:\/\/esbozodeportivo.com\/index.php\/2025\/09\/09\/egan-bernal-gana-etapa-16-de-la-vuelta-a-espana\/"]}]},{"@type":"ImageObject","inLanguage":"es","@id":"https:\/\/esbozodeportivo.com\/index.php\/2025\/09\/09\/egan-bernal-gana-etapa-16-de-la-vuelta-a-espana\/#primaryimage","url":"https:\/\/esbozodeportivo.com\/wp-content\/uploads\/2025\/09\/Ciclismo-5.jpg","contentUrl":"https:\/\/esbozodeportivo.com\/wp-content\/uploads\/2025\/09\/Ciclismo-5.jpg","width":768,"height":576},{"@type":"BreadcrumbList","@id":"https:\/\/esbozodeportivo.com\/index.php\/2025\/09\/09\/egan-bernal-gana-etapa-16-de-la-vuelta-a-espana\/#breadcrumb","itemListElement":[{"@type":"ListItem","position":1,"name":"Inicio","item":"https:\/\/esbozodeportivo.com\/"},{"@type":"ListItem","position":2,"name":"Egan Bernal gana etapa 16 de la Vuelta a Espa\u00f1a"}]},{"@type":"WebSite","@id":"https:\/\/esbozodeportivo.com\/#website","url":"https:\/\/esbozodeportivo.com\/","name":"Esbozo Deportivo","description":"Lo m\u00e1s importante del Deporte","publisher":{"@id":"https:\/\/esbozodeportivo.com\/#organization"},"potentialAction":[{"@type":"SearchAction","target":{"@type":"EntryPoint","urlTemplate":"https:\/\/esbozodeportivo.com\/?s={search_term_string}"},"query-input":{"@type":"PropertyValueSpecification","valueRequired":true,"valueName":"search_term_string"}}],"inLanguage":"es"},{"@type":"Organization","@id":"https:\/\/esbozodeportivo.com\/#organization","name":"Esbozo Deportivo","url":"https:\/\/esbozodeportivo.com\/","logo":{"@type":"ImageObject","inLanguage":"es","@id":"https:\/\/esbozodeportivo.com\/#\/schema\/logo\/image\/","url":"https:\/\/esbozodeportivo.com\/wp-content\/uploads\/2022\/08\/cropped-Logo-Esbozo-Web-2.png","contentUrl":"https:\/\/esbozodeportivo.com\/wp-content\/uploads\/2022\/08\/cropped-Logo-Esbozo-Web-2.png","width":180,"height":50,"caption":"Esbozo Deportivo"},"image":{"@id":"https:\/\/esbozodeportivo.com\/#\/schema\/logo\/image\/"}},{"@type":"Person","@id":"https:\/\/esbozodeportivo.com\/#\/schema\/person\/0f6df9196dfe6740dd0bb31bae50d374","name":"Redacci\u00f3n","image":{"@type":"ImageObject","inLanguage":"es","@id":"https:\/\/esbozodeportivo.com\/#\/schema\/person\/image\/","url":"https:\/\/secure.gravatar.com\/avatar\/f55268a89c3b418f2ef172ff52ab0d09b3e653c58de29539fe329fb93d78ebf3?s=96&d=mm&r=g","contentUrl":"https:\/\/secure.gravatar.com\/avatar\/f55268a89c3b418f2ef172ff52ab0d09b3e653c58de29539fe329fb93d78ebf3?s=96&d=mm&r=g","caption":"Redacci\u00f3n"},"url":"https:\/\/esbozodeportivo.com\/index.php\/author\/redaccion\/"}]}},"jetpack_featured_media_url":"https:\/\/esbozodeportivo.com\/wp-content\/uploads\/2025\/09\/Ciclismo-5.jpg","jetpack_sharing_enabled":true,"_links":{"self":[{"href":"https:\/\/esbozodeportivo.com\/index.php\/wp-json\/wp\/v2\/posts\/9590","targetHints":{"allow":["GET"]}}],"collection":[{"href":"https:\/\/esbozodeportivo.com\/index.php\/wp-json\/wp\/v2\/posts"}],"about":[{"href":"https:\/\/esbozodeportivo.com\/index.php\/wp-json\/wp\/v2\/types\/post"}],"author":[{"embeddable":true,"href":"https:\/\/esbozodeportivo.com\/index.php\/wp-json\/wp\/v2\/users\/4"}],"replies":[{"embeddable":true,"href":"https:\/\/esbozodeportivo.com\/index.php\/wp-json\/wp\/v2\/comments?post=9590"}],"version-history":[{"count":1,"href":"https:\/\/esbozodeportivo.com\/index.php\/wp-json\/wp\/v2\/posts\/9590\/revisions"}],"predecessor-version":[{"id":9591,"href":"https:\/\/esbozodeportivo.com\/index.php\/wp-json\/wp\/v2\/posts\/9590\/revisions\/9591"}],"wp:featuredmedia":[{"embeddable":true,"href":"https:\/\/esbozodeportivo.com\/index.php\/wp-json\/wp\/v2\/media\/9579"}],"wp:attachment":[{"href":"https:\/\/esbozodeportivo.com\/index.php\/wp-json\/wp\/v2\/media?parent=9590"}],"wp:term":[{"taxonomy":"category","embeddable":true,"href":"https:\/\/esbozodeportivo.com\/index.php\/wp-json\/wp\/v2\/categories?post=9590"},{"taxonomy":"post_tag","embeddable":true,"href":"https:\/\/esbozodeportivo.com\/index.php\/wp-json\/wp\/v2\/tags?post=9590"}],"curies":[{"name":"wp","href":"https:\/\/api.w.org\/{rel}","templated":true}]}}