{"id":963,"date":"2023-01-26T03:49:24","date_gmt":"2023-01-26T03:49:24","guid":{"rendered":"https:\/\/esbozodeportivo.com\/?p=963"},"modified":"2023-01-26T03:53:39","modified_gmt":"2023-01-26T03:53:39","slug":"inician-trabajos-para-prevenir-violencia-contra-las-mujeres-deportistas","status":"publish","type":"post","link":"https:\/\/esbozodeportivo.com\/index.php\/2023\/01\/26\/inician-trabajos-para-prevenir-violencia-contra-las-mujeres-deportistas\/","title":{"rendered":"Inician trabajos para prevenir violencia contra las mujeres deportistas"},"content":{"rendered":"<style>\/*! elementor - v3.10.1 - 17-01-2023 *\/\n.elementor-widget-image{text-align:center}.elementor-widget-image a{display:inline-block}.elementor-widget-image a img[src$=\".svg\"]{width:48px}.elementor-widget-image img{vertical-align:middle;display:inline-block}<\/style>\n<p>\t\t\t\t\t\t\t\t\t\t\t\t<img decoding=\"async\" width=\"640\" height=\"374\" src=\"https:\/\/esbozodeportivo.com\/wp-content\/uploads\/2023\/01\/Violencia.jpeg\" alt=\"\" loading=\"lazy\" srcset=\"https:\/\/esbozodeportivo.com\/wp-content\/uploads\/2023\/01\/Violencia.jpeg 650w, https:\/\/esbozodeportivo.com\/wp-content\/uploads\/2023\/01\/Violencia-300x175.jpeg 300w\" sizes=\"auto, (max-width: 640px) 100vw, 640px\" \/>\t\t\t\t\t\t\t\t\t\t\t\t\t\t\t<\/p>\n<p>(Foto: CONADE)<\/p>\n<p style=\"background: white; margin: 12.0pt 0cm .0001pt 0cm;\">(CONADE).- La Comisi\u00f3n Nacional de Cultura F\u00edsica y Deporte, a trav\u00e9s de la Direcci\u00f3n de Proyectos Especiales y del programa de la Unidad de G\u00e9nero y No Discriminaci\u00f3n, inici\u00f3 este mi\u00e9rcoles con los trabajos de 2023 para prevenir la violencia contra las mujeres en el deporte.<\/p>\n<p style=\"background: white; margin: 12.0pt 0cm .0001pt 0cm;\">La conferencia, que se celebr\u00f3 en Villas Tlalpan, cont\u00f3 con la presencia de la Dra. Anitzel Ramos Vel\u00e1zquez, coordinadora de la Unidad de G\u00e9nero de la Comisi\u00f3n Nacional para Prevenir y Erradicar la Violencia Contras las Mujeres (CONAVIM) y de la Mtra. Nancy Mu\u00f1oz L\u00f3pez, subdirectora de Vinculaci\u00f3n Institucional del Instituto Nacional de las Mujeres (Inmujeres), donde se plante\u00f3 que los objetivos del a\u00f1o es construir el activismo institucional y definir las acciones para prevenir este mal social.<\/p>\n<p>\t\t\t\t\t\t\t\t\t\t\t\t\t\t\t<img decoding=\"async\" width=\"640\" height=\"427\" src=\"https:\/\/esbozodeportivo.com\/wp-content\/uploads\/2023\/01\/Violencia2.jpeg\" alt=\"\" loading=\"lazy\" srcset=\"https:\/\/esbozodeportivo.com\/wp-content\/uploads\/2023\/01\/Violencia2.jpeg 1000w, https:\/\/esbozodeportivo.com\/wp-content\/uploads\/2023\/01\/Violencia2-300x200.jpeg 300w, https:\/\/esbozodeportivo.com\/wp-content\/uploads\/2023\/01\/Violencia2-768x512.jpeg 768w\" sizes=\"auto, (max-width: 640px) 100vw, 640px\" \/>\t\t\t\t\t\t\t\t\t\t\t\t\t\t\t<\/p>\n<p>(Foto: CONADE)<\/p>\n<p>Al respecto, Mariana Lim\u00f3n Ram\u00edrez, directora de Proyectos Especiales y encargada del Programa de G\u00e9nero en la CONADE, hizo \u00e9nfasis en la importancia de que esta instituci\u00f3n trabaje en temas puntuales, de acuerdo con las necesidades de cada \u00e1rea administrativas, que integran Villas Tlalpan, el Centro Nacional de Desarrollo de Talentos Deportivos y Alto Rendimiento (CNAR), el Centro Paral\u00edmpico Mexicano (CEPAMEX) y la Escuela Nacional de Entrenadores Deportivos (ENED).<\/p>\n<p>Lo anterior, tras el acercamiento que se llev\u00f3 a cabo el a\u00f1o pasado con los 16 d\u00edas de Activismo Deportivo, donde el personal que labora en este organismo comparti\u00f3 ideas y cada equipo de trabajo manifest\u00f3 problem\u00e1ticas, a partir de los cuales, se generaron compromisos con los que se trabajaran este a\u00f1o.<\/p>\n<p>Al respecto, en las actividades de enero 2023, la Subdirecci\u00f3n del Deporte, representada por Miguel \u00c1ngel Torres Garc\u00eda, enlace de alta responsabilidad, expuso la importancia del lenguaje respetuoso en el deporte, como tema central, donde se abord\u00f3 la relevancia de dirigirnos con equidad e inclusi\u00f3n, tanto de manera administrativa como el desempe\u00f1o de las disciplinas.<\/p>\n<p>\t\t\t\t\t\t\t\t\t\t\t\t\t\t\t<img decoding=\"async\" width=\"640\" height=\"426\" src=\"https:\/\/esbozodeportivo.com\/wp-content\/uploads\/2023\/01\/Violencia1-1024x682.jpeg\" alt=\"\" loading=\"lazy\" srcset=\"https:\/\/esbozodeportivo.com\/wp-content\/uploads\/2023\/01\/Violencia1-1024x682.jpeg 1024w, https:\/\/esbozodeportivo.com\/wp-content\/uploads\/2023\/01\/Violencia1-300x200.jpeg 300w, https:\/\/esbozodeportivo.com\/wp-content\/uploads\/2023\/01\/Violencia1-768x512.jpeg 768w, https:\/\/esbozodeportivo.com\/wp-content\/uploads\/2023\/01\/Violencia1.jpeg 1280w\" sizes=\"auto, (max-width: 640px) 100vw, 640px\" \/>\t\t\t\t\t\t\t\t\t\t\t\t\t\t\t<\/p>\n<p>(Foto: CONADE)<\/p>\n<p style=\"background: white; margin: 12.0pt 0cm .0001pt 0cm;\">\u201cEl trabajo de esta mesa fue muy enriquecedor, tanto para los enlaces como para nosotras, como encargadas del Programa de G\u00e9nero, ya que para fue importante tener este acercamiento; si bien tenemos en el deporte mucha normatividad, tambi\u00e9n hay \u00e1reas de oportunidad en esta perspectiva, por lo que necesitamos que los actores de cada unidad aporten su forma de trabajo y estructura de pensamiento para que los trabajos se puedan realizar con mayor \u00e9xito\u201d, expuso Mariana Lim\u00f3n.<\/p>\n<p style=\"margin: 0cm; margin-bottom: .0001pt; background: white;\"><strong>\u00a0<\/strong><\/p>\n<p style=\"margin: 0cm; margin-bottom: .0001pt; background: white;\"><strong>Trabajo interinstitucional, pieza clave<\/strong><\/p>\n<p style=\"background: white; margin: 12.0pt 0cm .0001pt 0cm;\">Durante el evento, tambi\u00e9n se expuso la importancia de no solo trabajar en el interior de la CONADE, sino fomentar las acciones interinstitucionales, por lo que, en esta primera mesa, se solicit\u00f3 el apoyo de CONAVIM e Inmujeres a favor del activismo.<\/p>\n<p>\t\t\t\t\t\t\t\t\t\t\t\t\t\t\t<img decoding=\"async\" width=\"640\" height=\"385\" src=\"https:\/\/esbozodeportivo.com\/wp-content\/uploads\/2023\/01\/Violencia3-1024x616.jpeg\" alt=\"\" loading=\"lazy\" srcset=\"https:\/\/esbozodeportivo.com\/wp-content\/uploads\/2023\/01\/Violencia3-1024x616.jpeg 1024w, https:\/\/esbozodeportivo.com\/wp-content\/uploads\/2023\/01\/Violencia3-300x180.jpeg 300w, https:\/\/esbozodeportivo.com\/wp-content\/uploads\/2023\/01\/Violencia3-768x462.jpeg 768w, https:\/\/esbozodeportivo.com\/wp-content\/uploads\/2023\/01\/Violencia3.jpeg 1280w\" sizes=\"auto, (max-width: 640px) 100vw, 640px\" \/>\t\t\t\t\t\t\t\t\t\t\t\t\t\t\t<\/p>\n<p>(Foto: CONADE)<\/p>\n<p>\u201cLa suma de trabajos impulsa cambios al tener una amplia red de servicios para estos casos, es algo que incide mucho en el manejo y\/o prevenci\u00f3n de la violencia contra las mujeres al interior de las instituciones; al ser la CONADE responsable del deporte en el pa\u00eds, origina que lo se haga aqu\u00ed, repercute a nivel nacional, as\u00ed como la CONAVIM est\u00e1 trabajando para que sea una realidad los espacios y derecho a una vida libre de violencia a trav\u00e9s de estas alianzas y acciones\u201d, destac\u00f3 Anitzel Ramos.<\/p>\n<p>\u201cGracias a este espacio deportivo se da la oportunidad de generar otras acciones, una oportunidad que nosotros tenemos como programa para dar a conocer el trabajo interinstitucional e incluir a otras autoridades para saber cu\u00e1les son los temas que podemos atender y de ah\u00ed surgen las alianzas de trabajo\u201d, manifest\u00f3 Mariana Lim\u00f3n.<\/p>\n<p>\u00a0<\/p>\n","protected":false},"excerpt":{"rendered":"<p>(Foto: CONADE) (CONADE).- La Comisi\u00f3n Nacional de Cultura F\u00edsica y Deporte, a trav\u00e9s de la<\/p>\n","protected":false},"author":2,"featured_media":0,"comment_status":"open","ping_status":"open","sticky":false,"template":"","format":"standard","meta":{"_jetpack_memberships_contains_paid_content":false,"footnotes":""},"categories":[5],"tags":[],"class_list":["post-963","post","type-post","status-publish","format-standard","hentry","category-amateur"],"yoast_head":"<!-- This site is optimized with the Yoast SEO plugin v25.7 - https:\/\/yoast.com\/wordpress\/plugins\/seo\/ -->\n<title>Inician trabajos para prevenir violencia contra las mujeres deportistas - Esbozo Deportivo<\/title>\n<meta name=\"robots\" content=\"index, follow, max-snippet:-1, max-image-preview:large, max-video-preview:-1\" \/>\n<link rel=\"canonical\" href=\"https:\/\/esbozodeportivo.com\/index.php\/2023\/01\/26\/inician-trabajos-para-prevenir-violencia-contra-las-mujeres-deportistas\/\" \/>\n<meta property=\"og:locale\" content=\"es_MX\" \/>\n<meta property=\"og:type\" content=\"article\" \/>\n<meta property=\"og:title\" content=\"Inician trabajos para prevenir violencia contra las mujeres deportistas - Esbozo Deportivo\" \/>\n<meta property=\"og:description\" content=\"(Foto: CONADE) (CONADE).- La Comisi\u00f3n Nacional de Cultura F\u00edsica y Deporte, a trav\u00e9s de la\" \/>\n<meta property=\"og:url\" content=\"https:\/\/esbozodeportivo.com\/index.php\/2023\/01\/26\/inician-trabajos-para-prevenir-violencia-contra-las-mujeres-deportistas\/\" \/>\n<meta property=\"og:site_name\" content=\"Esbozo Deportivo\" \/>\n<meta property=\"article:published_time\" content=\"2023-01-26T03:49:24+00:00\" \/>\n<meta property=\"article:modified_time\" content=\"2023-01-26T03:53:39+00:00\" \/>\n<meta property=\"og:image\" content=\"https:\/\/esbozodeportivo.com\/wp-content\/uploads\/2023\/01\/Violencia.jpeg\" \/>\n<meta name=\"author\" content=\"Javier De La Cruz\" \/>\n<meta name=\"twitter:card\" content=\"summary_large_image\" \/>\n<meta name=\"twitter:label1\" content=\"Escrito por\" \/>\n\t<meta name=\"twitter:data1\" content=\"Javier De La Cruz\" \/>\n\t<meta name=\"twitter:label2\" content=\"Tiempo de lectura\" \/>\n\t<meta name=\"twitter:data2\" content=\"3 minutos\" \/>\n<script type=\"application\/ld+json\" class=\"yoast-schema-graph\">{\"@context\":\"https:\/\/schema.org\",\"@graph\":[{\"@type\":\"Article\",\"@id\":\"https:\/\/esbozodeportivo.com\/index.php\/2023\/01\/26\/inician-trabajos-para-prevenir-violencia-contra-las-mujeres-deportistas\/#article\",\"isPartOf\":{\"@id\":\"https:\/\/esbozodeportivo.com\/index.php\/2023\/01\/26\/inician-trabajos-para-prevenir-violencia-contra-las-mujeres-deportistas\/\"},\"author\":{\"name\":\"Javier De La Cruz\",\"@id\":\"https:\/\/esbozodeportivo.com\/#\/schema\/person\/7277119c98823aec37bbb84e125efd44\"},\"headline\":\"Inician trabajos para prevenir violencia contra las mujeres deportistas\",\"datePublished\":\"2023-01-26T03:49:24+00:00\",\"dateModified\":\"2023-01-26T03:53:39+00:00\",\"mainEntityOfPage\":{\"@id\":\"https:\/\/esbozodeportivo.com\/index.php\/2023\/01\/26\/inician-trabajos-para-prevenir-violencia-contra-las-mujeres-deportistas\/\"},\"wordCount\":615,\"commentCount\":0,\"publisher\":{\"@id\":\"https:\/\/esbozodeportivo.com\/#organization\"},\"image\":{\"@id\":\"https:\/\/esbozodeportivo.com\/index.php\/2023\/01\/26\/inician-trabajos-para-prevenir-violencia-contra-las-mujeres-deportistas\/#primaryimage\"},\"thumbnailUrl\":\"https:\/\/esbozodeportivo.com\/wp-content\/uploads\/2023\/01\/Violencia.jpeg\",\"articleSection\":[\"Amateur\"],\"inLanguage\":\"es\",\"potentialAction\":[{\"@type\":\"CommentAction\",\"name\":\"Comment\",\"target\":[\"https:\/\/esbozodeportivo.com\/index.php\/2023\/01\/26\/inician-trabajos-para-prevenir-violencia-contra-las-mujeres-deportistas\/#respond\"]}]},{\"@type\":\"WebPage\",\"@id\":\"https:\/\/esbozodeportivo.com\/index.php\/2023\/01\/26\/inician-trabajos-para-prevenir-violencia-contra-las-mujeres-deportistas\/\",\"url\":\"https:\/\/esbozodeportivo.com\/index.php\/2023\/01\/26\/inician-trabajos-para-prevenir-violencia-contra-las-mujeres-deportistas\/\",\"name\":\"Inician trabajos para prevenir violencia contra las mujeres deportistas - Esbozo Deportivo\",\"isPartOf\":{\"@id\":\"https:\/\/esbozodeportivo.com\/#website\"},\"primaryImageOfPage\":{\"@id\":\"https:\/\/esbozodeportivo.com\/index.php\/2023\/01\/26\/inician-trabajos-para-prevenir-violencia-contra-las-mujeres-deportistas\/#primaryimage\"},\"image\":{\"@id\":\"https:\/\/esbozodeportivo.com\/index.php\/2023\/01\/26\/inician-trabajos-para-prevenir-violencia-contra-las-mujeres-deportistas\/#primaryimage\"},\"thumbnailUrl\":\"https:\/\/esbozodeportivo.com\/wp-content\/uploads\/2023\/01\/Violencia.jpeg\",\"datePublished\":\"2023-01-26T03:49:24+00:00\",\"dateModified\":\"2023-01-26T03:53:39+00:00\",\"breadcrumb\":{\"@id\":\"https:\/\/esbozodeportivo.com\/index.php\/2023\/01\/26\/inician-trabajos-para-prevenir-violencia-contra-las-mujeres-deportistas\/#breadcrumb\"},\"inLanguage\":\"es\",\"potentialAction\":[{\"@type\":\"ReadAction\",\"target\":[\"https:\/\/esbozodeportivo.com\/index.php\/2023\/01\/26\/inician-trabajos-para-prevenir-violencia-contra-las-mujeres-deportistas\/\"]}]},{\"@type\":\"ImageObject\",\"inLanguage\":\"es\",\"@id\":\"https:\/\/esbozodeportivo.com\/index.php\/2023\/01\/26\/inician-trabajos-para-prevenir-violencia-contra-las-mujeres-deportistas\/#primaryimage\",\"url\":\"https:\/\/esbozodeportivo.com\/wp-content\/uploads\/2023\/01\/Violencia.jpeg\",\"contentUrl\":\"https:\/\/esbozodeportivo.com\/wp-content\/uploads\/2023\/01\/Violencia.jpeg\",\"width\":650,\"height\":380},{\"@type\":\"BreadcrumbList\",\"@id\":\"https:\/\/esbozodeportivo.com\/index.php\/2023\/01\/26\/inician-trabajos-para-prevenir-violencia-contra-las-mujeres-deportistas\/#breadcrumb\",\"itemListElement\":[{\"@type\":\"ListItem\",\"position\":1,\"name\":\"Inicio\",\"item\":\"https:\/\/esbozodeportivo.com\/\"},{\"@type\":\"ListItem\",\"position\":2,\"name\":\"Inician trabajos para prevenir violencia contra las mujeres deportistas\"}]},{\"@type\":\"WebSite\",\"@id\":\"https:\/\/esbozodeportivo.com\/#website\",\"url\":\"https:\/\/esbozodeportivo.com\/\",\"name\":\"Esbozo Deportivo\",\"description\":\"Lo m\u00e1s importante del Deporte\",\"publisher\":{\"@id\":\"https:\/\/esbozodeportivo.com\/#organization\"},\"potentialAction\":[{\"@type\":\"SearchAction\",\"target\":{\"@type\":\"EntryPoint\",\"urlTemplate\":\"https:\/\/esbozodeportivo.com\/?s={search_term_string}\"},\"query-input\":{\"@type\":\"PropertyValueSpecification\",\"valueRequired\":true,\"valueName\":\"search_term_string\"}}],\"inLanguage\":\"es\"},{\"@type\":\"Organization\",\"@id\":\"https:\/\/esbozodeportivo.com\/#organization\",\"name\":\"Esbozo Deportivo\",\"url\":\"https:\/\/esbozodeportivo.com\/\",\"logo\":{\"@type\":\"ImageObject\",\"inLanguage\":\"es\",\"@id\":\"https:\/\/esbozodeportivo.com\/#\/schema\/logo\/image\/\",\"url\":\"https:\/\/esbozodeportivo.com\/wp-content\/uploads\/2022\/08\/cropped-Logo-Esbozo-Web-2.png\",\"contentUrl\":\"https:\/\/esbozodeportivo.com\/wp-content\/uploads\/2022\/08\/cropped-Logo-Esbozo-Web-2.png\",\"width\":180,\"height\":50,\"caption\":\"Esbozo Deportivo\"},\"image\":{\"@id\":\"https:\/\/esbozodeportivo.com\/#\/schema\/logo\/image\/\"}},{\"@type\":\"Person\",\"@id\":\"https:\/\/esbozodeportivo.com\/#\/schema\/person\/7277119c98823aec37bbb84e125efd44\",\"name\":\"Javier De La Cruz\",\"image\":{\"@type\":\"ImageObject\",\"inLanguage\":\"es\",\"@id\":\"https:\/\/esbozodeportivo.com\/#\/schema\/person\/image\/\",\"url\":\"https:\/\/secure.gravatar.com\/avatar\/366235a56d20f1a6e8e3d0b295897639357bea880470ddf261d17bb0bc052eb1?s=96&d=mm&r=g\",\"contentUrl\":\"https:\/\/secure.gravatar.com\/avatar\/366235a56d20f1a6e8e3d0b295897639357bea880470ddf261d17bb0bc052eb1?s=96&d=mm&r=g\",\"caption\":\"Javier De La Cruz\"},\"url\":\"https:\/\/esbozodeportivo.com\/index.php\/author\/javier-de-la-cruz-de-la-cruz\/\"}]}<\/script>\n<!-- \/ Yoast SEO plugin. -->","yoast_head_json":{"title":"Inician trabajos para prevenir violencia contra las mujeres deportistas - Esbozo Deportivo","robots":{"index":"index","follow":"follow","max-snippet":"max-snippet:-1","max-image-preview":"max-image-preview:large","max-video-preview":"max-video-preview:-1"},"canonical":"https:\/\/esbozodeportivo.com\/index.php\/2023\/01\/26\/inician-trabajos-para-prevenir-violencia-contra-las-mujeres-deportistas\/","og_locale":"es_MX","og_type":"article","og_title":"Inician trabajos para prevenir violencia contra las mujeres deportistas - Esbozo Deportivo","og_description":"(Foto: CONADE) (CONADE).- La Comisi\u00f3n Nacional de Cultura F\u00edsica y Deporte, a trav\u00e9s de la","og_url":"https:\/\/esbozodeportivo.com\/index.php\/2023\/01\/26\/inician-trabajos-para-prevenir-violencia-contra-las-mujeres-deportistas\/","og_site_name":"Esbozo Deportivo","article_published_time":"2023-01-26T03:49:24+00:00","article_modified_time":"2023-01-26T03:53:39+00:00","og_image":[{"url":"https:\/\/esbozodeportivo.com\/wp-content\/uploads\/2023\/01\/Violencia.jpeg","type":"","width":"","height":""}],"author":"Javier De La Cruz","twitter_card":"summary_large_image","twitter_misc":{"Escrito por":"Javier De La Cruz","Tiempo de lectura":"3 minutos"},"schema":{"@context":"https:\/\/schema.org","@graph":[{"@type":"Article","@id":"https:\/\/esbozodeportivo.com\/index.php\/2023\/01\/26\/inician-trabajos-para-prevenir-violencia-contra-las-mujeres-deportistas\/#article","isPartOf":{"@id":"https:\/\/esbozodeportivo.com\/index.php\/2023\/01\/26\/inician-trabajos-para-prevenir-violencia-contra-las-mujeres-deportistas\/"},"author":{"name":"Javier De La Cruz","@id":"https:\/\/esbozodeportivo.com\/#\/schema\/person\/7277119c98823aec37bbb84e125efd44"},"headline":"Inician trabajos para prevenir violencia contra las mujeres deportistas","datePublished":"2023-01-26T03:49:24+00:00","dateModified":"2023-01-26T03:53:39+00:00","mainEntityOfPage":{"@id":"https:\/\/esbozodeportivo.com\/index.php\/2023\/01\/26\/inician-trabajos-para-prevenir-violencia-contra-las-mujeres-deportistas\/"},"wordCount":615,"commentCount":0,"publisher":{"@id":"https:\/\/esbozodeportivo.com\/#organization"},"image":{"@id":"https:\/\/esbozodeportivo.com\/index.php\/2023\/01\/26\/inician-trabajos-para-prevenir-violencia-contra-las-mujeres-deportistas\/#primaryimage"},"thumbnailUrl":"https:\/\/esbozodeportivo.com\/wp-content\/uploads\/2023\/01\/Violencia.jpeg","articleSection":["Amateur"],"inLanguage":"es","potentialAction":[{"@type":"CommentAction","name":"Comment","target":["https:\/\/esbozodeportivo.com\/index.php\/2023\/01\/26\/inician-trabajos-para-prevenir-violencia-contra-las-mujeres-deportistas\/#respond"]}]},{"@type":"WebPage","@id":"https:\/\/esbozodeportivo.com\/index.php\/2023\/01\/26\/inician-trabajos-para-prevenir-violencia-contra-las-mujeres-deportistas\/","url":"https:\/\/esbozodeportivo.com\/index.php\/2023\/01\/26\/inician-trabajos-para-prevenir-violencia-contra-las-mujeres-deportistas\/","name":"Inician trabajos para prevenir violencia contra las mujeres deportistas - Esbozo Deportivo","isPartOf":{"@id":"https:\/\/esbozodeportivo.com\/#website"},"primaryImageOfPage":{"@id":"https:\/\/esbozodeportivo.com\/index.php\/2023\/01\/26\/inician-trabajos-para-prevenir-violencia-contra-las-mujeres-deportistas\/#primaryimage"},"image":{"@id":"https:\/\/esbozodeportivo.com\/index.php\/2023\/01\/26\/inician-trabajos-para-prevenir-violencia-contra-las-mujeres-deportistas\/#primaryimage"},"thumbnailUrl":"https:\/\/esbozodeportivo.com\/wp-content\/uploads\/2023\/01\/Violencia.jpeg","datePublished":"2023-01-26T03:49:24+00:00","dateModified":"2023-01-26T03:53:39+00:00","breadcrumb":{"@id":"https:\/\/esbozodeportivo.com\/index.php\/2023\/01\/26\/inician-trabajos-para-prevenir-violencia-contra-las-mujeres-deportistas\/#breadcrumb"},"inLanguage":"es","potentialAction":[{"@type":"ReadAction","target":["https:\/\/esbozodeportivo.com\/index.php\/2023\/01\/26\/inician-trabajos-para-prevenir-violencia-contra-las-mujeres-deportistas\/"]}]},{"@type":"ImageObject","inLanguage":"es","@id":"https:\/\/esbozodeportivo.com\/index.php\/2023\/01\/26\/inician-trabajos-para-prevenir-violencia-contra-las-mujeres-deportistas\/#primaryimage","url":"https:\/\/esbozodeportivo.com\/wp-content\/uploads\/2023\/01\/Violencia.jpeg","contentUrl":"https:\/\/esbozodeportivo.com\/wp-content\/uploads\/2023\/01\/Violencia.jpeg","width":650,"height":380},{"@type":"BreadcrumbList","@id":"https:\/\/esbozodeportivo.com\/index.php\/2023\/01\/26\/inician-trabajos-para-prevenir-violencia-contra-las-mujeres-deportistas\/#breadcrumb","itemListElement":[{"@type":"ListItem","position":1,"name":"Inicio","item":"https:\/\/esbozodeportivo.com\/"},{"@type":"ListItem","position":2,"name":"Inician trabajos para prevenir violencia contra las mujeres deportistas"}]},{"@type":"WebSite","@id":"https:\/\/esbozodeportivo.com\/#website","url":"https:\/\/esbozodeportivo.com\/","name":"Esbozo Deportivo","description":"Lo m\u00e1s importante del Deporte","publisher":{"@id":"https:\/\/esbozodeportivo.com\/#organization"},"potentialAction":[{"@type":"SearchAction","target":{"@type":"EntryPoint","urlTemplate":"https:\/\/esbozodeportivo.com\/?s={search_term_string}"},"query-input":{"@type":"PropertyValueSpecification","valueRequired":true,"valueName":"search_term_string"}}],"inLanguage":"es"},{"@type":"Organization","@id":"https:\/\/esbozodeportivo.com\/#organization","name":"Esbozo Deportivo","url":"https:\/\/esbozodeportivo.com\/","logo":{"@type":"ImageObject","inLanguage":"es","@id":"https:\/\/esbozodeportivo.com\/#\/schema\/logo\/image\/","url":"https:\/\/esbozodeportivo.com\/wp-content\/uploads\/2022\/08\/cropped-Logo-Esbozo-Web-2.png","contentUrl":"https:\/\/esbozodeportivo.com\/wp-content\/uploads\/2022\/08\/cropped-Logo-Esbozo-Web-2.png","width":180,"height":50,"caption":"Esbozo Deportivo"},"image":{"@id":"https:\/\/esbozodeportivo.com\/#\/schema\/logo\/image\/"}},{"@type":"Person","@id":"https:\/\/esbozodeportivo.com\/#\/schema\/person\/7277119c98823aec37bbb84e125efd44","name":"Javier De La Cruz","image":{"@type":"ImageObject","inLanguage":"es","@id":"https:\/\/esbozodeportivo.com\/#\/schema\/person\/image\/","url":"https:\/\/secure.gravatar.com\/avatar\/366235a56d20f1a6e8e3d0b295897639357bea880470ddf261d17bb0bc052eb1?s=96&d=mm&r=g","contentUrl":"https:\/\/secure.gravatar.com\/avatar\/366235a56d20f1a6e8e3d0b295897639357bea880470ddf261d17bb0bc052eb1?s=96&d=mm&r=g","caption":"Javier De La Cruz"},"url":"https:\/\/esbozodeportivo.com\/index.php\/author\/javier-de-la-cruz-de-la-cruz\/"}]}},"jetpack_featured_media_url":"","jetpack_sharing_enabled":true,"_links":{"self":[{"href":"https:\/\/esbozodeportivo.com\/index.php\/wp-json\/wp\/v2\/posts\/963","targetHints":{"allow":["GET"]}}],"collection":[{"href":"https:\/\/esbozodeportivo.com\/index.php\/wp-json\/wp\/v2\/posts"}],"about":[{"href":"https:\/\/esbozodeportivo.com\/index.php\/wp-json\/wp\/v2\/types\/post"}],"author":[{"embeddable":true,"href":"https:\/\/esbozodeportivo.com\/index.php\/wp-json\/wp\/v2\/users\/2"}],"replies":[{"embeddable":true,"href":"https:\/\/esbozodeportivo.com\/index.php\/wp-json\/wp\/v2\/comments?post=963"}],"version-history":[{"count":4,"href":"https:\/\/esbozodeportivo.com\/index.php\/wp-json\/wp\/v2\/posts\/963\/revisions"}],"predecessor-version":[{"id":971,"href":"https:\/\/esbozodeportivo.com\/index.php\/wp-json\/wp\/v2\/posts\/963\/revisions\/971"}],"wp:attachment":[{"href":"https:\/\/esbozodeportivo.com\/index.php\/wp-json\/wp\/v2\/media?parent=963"}],"wp:term":[{"taxonomy":"category","embeddable":true,"href":"https:\/\/esbozodeportivo.com\/index.php\/wp-json\/wp\/v2\/categories?post=963"},{"taxonomy":"post_tag","embeddable":true,"href":"https:\/\/esbozodeportivo.com\/index.php\/wp-json\/wp\/v2\/tags?post=963"}],"curies":[{"name":"wp","href":"https:\/\/api.w.org\/{rel}","templated":true}]}}