{"id":9682,"date":"2025-09-13T21:07:43","date_gmt":"2025-09-14T03:07:43","guid":{"rendered":"https:\/\/esbozodeportivo.com\/?p=9682"},"modified":"2025-09-13T21:07:44","modified_gmt":"2025-09-14T03:07:44","slug":"jim-plunkett-nominado-al-salon-de-la-fama","status":"publish","type":"post","link":"https:\/\/esbozodeportivo.com\/index.php\/2025\/09\/13\/jim-plunkett-nominado-al-salon-de-la-fama\/","title":{"rendered":"Jim Plunkett, nominado al Sal\u00f3n de la Fama"},"content":{"rendered":"\n<p>(Foto: Agencias) <\/p>\n\n\n\n<p><strong>Jim Plunkett, Doug Williams y Ottis Anderson<\/strong>, alguna vez nombrados <strong>Jugador M\u00e1s Valioso del Super Bowl<\/strong>, se encuentran entre los <strong>162 <\/strong>jugadores nominados para la Generaci\u00f3n de 2026 del <strong>Sal\u00f3n de la Fama del F\u00fatbol Americano<\/strong> <strong>Profesional <\/strong>en la categor\u00eda de veteranos.<\/p>\n\n\n\n<p>El grupo de nominados se conforma por <strong>90 jugadores ofensivos,<\/strong> <strong>67 defensivos<\/strong> y cinco miembros de los equipos especiales. Para ser considerado en la categor\u00eda, cada exjugador debe haber aparecido por \u00faltima vez en un partido de f\u00fatbol americano profesional a m\u00e1s tardar en la temporada 2000.<\/p>\n\n\n\n<p>El comit\u00e9 de selecci\u00f3n de veteranos reducir\u00e1 la lista a <strong>50 <\/strong>jugadores que ser\u00e1n considerados por un comit\u00e9 de expertos. Finalmente, habr\u00e1 tres finalistas para la inducci\u00f3n en la votaci\u00f3n que se llevar\u00e1 a cabo antes del <strong>Super Bowl<\/strong> en febrero.<\/p>\n\n\n\n<p>Entre los nominados se encuentran tres jugadores que fueron finalistas en los \u00faltimos dos a\u00f1os pero no ingresaron. El apoyador <strong>Maxie Baughan<\/strong> y el liniero ofensivo <strong>Jim Tyrer<\/strong> buscan ser finalistas por segundo a\u00f1o consecutivo, mientras que el receptor Art Powell pretende regresar al escenario despu\u00e9s de alcanzarlo en 2024.<\/p>\n\n\n\n<p>Entre los otros nominados est\u00e1n el ex <strong>Jugador M\u00e1s Valioso de la NFL Ken Anderson,<\/strong> el corredor <strong>Roger Craig<\/strong> y el destacado integrante de equipos especiales <strong>Steve Tasker.<\/strong><\/p>\n\n\n\n<p><strong>Plunkett <\/strong>llev\u00f3 a los <strong>Raiders<\/strong> a t\u00edtulos del <strong>Super Bowl<\/strong> tras las temporadas de 1980 y 1983. Fue el <strong>Jugador M\u00e1s Valioso del Super Bowl<\/strong> en su primer viaje, cuando lanz\u00f3 para 261 yardas y tres touchdowns en una victoria sobre <strong>Filadelfia.<\/strong><\/p>\n\n\n\n<p>Elegido en el primer turno general del draft por <strong>Nueva Inglaterra en 1971<\/strong>, <strong>Plunkett <\/strong>jug\u00f3 15 temporadas en la <strong>NFL<\/strong>. <strong>\u00c9l y Eli Manning <\/strong>son los \u00fanicos mariscales de campo titulares en dos victorias del <strong>Super Bowl<\/strong> y &nbsp;elegibles para el <strong>Sal\u00f3n de la Fama<\/strong> que a\u00fan no han sido inducidos.<\/p>\n\n\n\n<p><strong>Williams<\/strong> jug\u00f3 nueve temporadas en la <strong>NFL<\/strong> para <strong>Tampa Bay y Washington<\/strong>. Su momento m\u00e1s importante lleg\u00f3 en la temporada de 1987. Asumi\u00f3 como mariscal de campo titular para <strong>Washington<\/strong> en los playoffs y se convirti\u00f3 en el primer quarterback negro en comenzar y ganar un <strong>Super Bowl.<\/strong><\/p>\n\n\n\n<p>Lanz\u00f3 cuatro pases de touchdown en el segundo cuarto de una victoria 42-10 sobre <strong>Denver <\/strong>en el gran partido.<\/p>\n\n\n\n<p><strong>Anderson <\/strong>corri\u00f3 para 10.723 yardas en una carrera de 14 a\u00f1os para los <strong>Cardinals <\/strong>de <strong>San Luis y los Giants de Nueva York<\/strong>. Fue All-Pro como novato en <strong>San Luis en 1979<\/strong> y corri\u00f3 para <strong>102 yardas<\/strong> y un touchdown <strong>11 temporadas<\/strong> despu\u00e9s, cuando ayud\u00f3 a los <strong>Giants<\/strong> a vencer a los <strong>Bills de Buffalo<\/strong> por 20-19 en el <strong>Super Bowl<\/strong>.<\/p>\n\n\n\n<p><\/p>\n","protected":false},"excerpt":{"rendered":"<p>(Foto: Agencias) Jim Plunkett, Doug Williams y Ottis Anderson, alguna vez nombrados Jugador M\u00e1s Valioso<\/p>\n","protected":false},"author":4,"featured_media":9668,"comment_status":"closed","ping_status":"open","sticky":false,"template":"","format":"standard","meta":{"_jetpack_memberships_contains_paid_content":false,"footnotes":""},"categories":[6],"tags":[],"class_list":["post-9682","post","type-post","status-publish","format-standard","has-post-thumbnail","hentry","category-nfl"],"yoast_head":"<!-- This site is optimized with the Yoast SEO plugin v25.7 - https:\/\/yoast.com\/wordpress\/plugins\/seo\/ -->\n<title>Jim Plunkett, nominado al Sal\u00f3n de la Fama - Esbozo Deportivo<\/title>\n<meta name=\"description\" content=\"Jim Plunkett, Doug Williams y Ottis Anderson, alguna vez nombrados Jugador M\u00e1s Valioso del Super Bowl, se encuentran entre los 162 jugadores nominados para la Generaci\u00f3n de 2026 del Sal\u00f3n de la Fama del F\u00fatbol Americano Profesional en la categor\u00eda de veteranos.\" \/>\n<meta name=\"robots\" content=\"index, follow, max-snippet:-1, max-image-preview:large, max-video-preview:-1\" \/>\n<link rel=\"canonical\" href=\"https:\/\/esbozodeportivo.com\/index.php\/2025\/09\/13\/jim-plunkett-nominado-al-salon-de-la-fama\/\" \/>\n<meta property=\"og:locale\" content=\"es_MX\" \/>\n<meta property=\"og:type\" content=\"article\" \/>\n<meta property=\"og:title\" content=\"Jim Plunkett, nominado al Sal\u00f3n de la Fama - Esbozo Deportivo\" \/>\n<meta property=\"og:description\" content=\"Jim Plunkett, Doug Williams y Ottis Anderson, alguna vez nombrados Jugador M\u00e1s Valioso del Super Bowl, se encuentran entre los 162 jugadores nominados para la Generaci\u00f3n de 2026 del Sal\u00f3n de la Fama del F\u00fatbol Americano Profesional en la categor\u00eda de veteranos.\" \/>\n<meta property=\"og:url\" content=\"https:\/\/esbozodeportivo.com\/index.php\/2025\/09\/13\/jim-plunkett-nominado-al-salon-de-la-fama\/\" \/>\n<meta property=\"og:site_name\" content=\"Esbozo Deportivo\" \/>\n<meta property=\"article:published_time\" content=\"2025-09-14T03:07:43+00:00\" \/>\n<meta property=\"article:modified_time\" content=\"2025-09-14T03:07:44+00:00\" \/>\n<meta property=\"og:image\" content=\"https:\/\/esbozodeportivo.com\/wp-content\/uploads\/2025\/09\/Americano-8.jpg\" \/>\n\t<meta property=\"og:image:width\" content=\"980\" \/>\n\t<meta property=\"og:image:height\" content=\"653\" \/>\n\t<meta property=\"og:image:type\" content=\"image\/jpeg\" \/>\n<meta name=\"author\" content=\"Redacci\u00f3n\" \/>\n<meta name=\"twitter:card\" content=\"summary_large_image\" \/>\n<meta name=\"twitter:label1\" content=\"Escrito por\" \/>\n\t<meta name=\"twitter:data1\" content=\"Redacci\u00f3n\" \/>\n\t<meta name=\"twitter:label2\" content=\"Tiempo de lectura\" \/>\n\t<meta name=\"twitter:data2\" content=\"3 minutos\" \/>\n<script type=\"application\/ld+json\" class=\"yoast-schema-graph\">{\"@context\":\"https:\/\/schema.org\",\"@graph\":[{\"@type\":\"Article\",\"@id\":\"https:\/\/esbozodeportivo.com\/index.php\/2025\/09\/13\/jim-plunkett-nominado-al-salon-de-la-fama\/#article\",\"isPartOf\":{\"@id\":\"https:\/\/esbozodeportivo.com\/index.php\/2025\/09\/13\/jim-plunkett-nominado-al-salon-de-la-fama\/\"},\"author\":{\"name\":\"Redacci\u00f3n\",\"@id\":\"https:\/\/esbozodeportivo.com\/#\/schema\/person\/0f6df9196dfe6740dd0bb31bae50d374\"},\"headline\":\"Jim Plunkett, nominado al Sal\u00f3n de la Fama\",\"datePublished\":\"2025-09-14T03:07:43+00:00\",\"dateModified\":\"2025-09-14T03:07:44+00:00\",\"mainEntityOfPage\":{\"@id\":\"https:\/\/esbozodeportivo.com\/index.php\/2025\/09\/13\/jim-plunkett-nominado-al-salon-de-la-fama\/\"},\"wordCount\":447,\"publisher\":{\"@id\":\"https:\/\/esbozodeportivo.com\/#organization\"},\"image\":{\"@id\":\"https:\/\/esbozodeportivo.com\/index.php\/2025\/09\/13\/jim-plunkett-nominado-al-salon-de-la-fama\/#primaryimage\"},\"thumbnailUrl\":\"https:\/\/esbozodeportivo.com\/wp-content\/uploads\/2025\/09\/Americano-8.jpg\",\"articleSection\":[\"NFL\"],\"inLanguage\":\"es\"},{\"@type\":\"WebPage\",\"@id\":\"https:\/\/esbozodeportivo.com\/index.php\/2025\/09\/13\/jim-plunkett-nominado-al-salon-de-la-fama\/\",\"url\":\"https:\/\/esbozodeportivo.com\/index.php\/2025\/09\/13\/jim-plunkett-nominado-al-salon-de-la-fama\/\",\"name\":\"Jim Plunkett, nominado al Sal\u00f3n de la Fama - Esbozo Deportivo\",\"isPartOf\":{\"@id\":\"https:\/\/esbozodeportivo.com\/#website\"},\"primaryImageOfPage\":{\"@id\":\"https:\/\/esbozodeportivo.com\/index.php\/2025\/09\/13\/jim-plunkett-nominado-al-salon-de-la-fama\/#primaryimage\"},\"image\":{\"@id\":\"https:\/\/esbozodeportivo.com\/index.php\/2025\/09\/13\/jim-plunkett-nominado-al-salon-de-la-fama\/#primaryimage\"},\"thumbnailUrl\":\"https:\/\/esbozodeportivo.com\/wp-content\/uploads\/2025\/09\/Americano-8.jpg\",\"datePublished\":\"2025-09-14T03:07:43+00:00\",\"dateModified\":\"2025-09-14T03:07:44+00:00\",\"description\":\"Jim Plunkett, Doug Williams y Ottis Anderson, alguna vez nombrados Jugador M\u00e1s Valioso del Super Bowl, se encuentran entre los 162 jugadores nominados para la Generaci\u00f3n de 2026 del Sal\u00f3n de la Fama del F\u00fatbol Americano Profesional en la categor\u00eda de veteranos.\",\"breadcrumb\":{\"@id\":\"https:\/\/esbozodeportivo.com\/index.php\/2025\/09\/13\/jim-plunkett-nominado-al-salon-de-la-fama\/#breadcrumb\"},\"inLanguage\":\"es\",\"potentialAction\":[{\"@type\":\"ReadAction\",\"target\":[\"https:\/\/esbozodeportivo.com\/index.php\/2025\/09\/13\/jim-plunkett-nominado-al-salon-de-la-fama\/\"]}]},{\"@type\":\"ImageObject\",\"inLanguage\":\"es\",\"@id\":\"https:\/\/esbozodeportivo.com\/index.php\/2025\/09\/13\/jim-plunkett-nominado-al-salon-de-la-fama\/#primaryimage\",\"url\":\"https:\/\/esbozodeportivo.com\/wp-content\/uploads\/2025\/09\/Americano-8.jpg\",\"contentUrl\":\"https:\/\/esbozodeportivo.com\/wp-content\/uploads\/2025\/09\/Americano-8.jpg\",\"width\":980,\"height\":653},{\"@type\":\"BreadcrumbList\",\"@id\":\"https:\/\/esbozodeportivo.com\/index.php\/2025\/09\/13\/jim-plunkett-nominado-al-salon-de-la-fama\/#breadcrumb\",\"itemListElement\":[{\"@type\":\"ListItem\",\"position\":1,\"name\":\"Inicio\",\"item\":\"https:\/\/esbozodeportivo.com\/\"},{\"@type\":\"ListItem\",\"position\":2,\"name\":\"Jim Plunkett, nominado al Sal\u00f3n de la Fama\"}]},{\"@type\":\"WebSite\",\"@id\":\"https:\/\/esbozodeportivo.com\/#website\",\"url\":\"https:\/\/esbozodeportivo.com\/\",\"name\":\"Esbozo Deportivo\",\"description\":\"Lo m\u00e1s importante del Deporte\",\"publisher\":{\"@id\":\"https:\/\/esbozodeportivo.com\/#organization\"},\"potentialAction\":[{\"@type\":\"SearchAction\",\"target\":{\"@type\":\"EntryPoint\",\"urlTemplate\":\"https:\/\/esbozodeportivo.com\/?s={search_term_string}\"},\"query-input\":{\"@type\":\"PropertyValueSpecification\",\"valueRequired\":true,\"valueName\":\"search_term_string\"}}],\"inLanguage\":\"es\"},{\"@type\":\"Organization\",\"@id\":\"https:\/\/esbozodeportivo.com\/#organization\",\"name\":\"Esbozo Deportivo\",\"url\":\"https:\/\/esbozodeportivo.com\/\",\"logo\":{\"@type\":\"ImageObject\",\"inLanguage\":\"es\",\"@id\":\"https:\/\/esbozodeportivo.com\/#\/schema\/logo\/image\/\",\"url\":\"https:\/\/esbozodeportivo.com\/wp-content\/uploads\/2022\/08\/cropped-Logo-Esbozo-Web-2.png\",\"contentUrl\":\"https:\/\/esbozodeportivo.com\/wp-content\/uploads\/2022\/08\/cropped-Logo-Esbozo-Web-2.png\",\"width\":180,\"height\":50,\"caption\":\"Esbozo Deportivo\"},\"image\":{\"@id\":\"https:\/\/esbozodeportivo.com\/#\/schema\/logo\/image\/\"}},{\"@type\":\"Person\",\"@id\":\"https:\/\/esbozodeportivo.com\/#\/schema\/person\/0f6df9196dfe6740dd0bb31bae50d374\",\"name\":\"Redacci\u00f3n\",\"image\":{\"@type\":\"ImageObject\",\"inLanguage\":\"es\",\"@id\":\"https:\/\/esbozodeportivo.com\/#\/schema\/person\/image\/\",\"url\":\"https:\/\/secure.gravatar.com\/avatar\/f55268a89c3b418f2ef172ff52ab0d09b3e653c58de29539fe329fb93d78ebf3?s=96&d=mm&r=g\",\"contentUrl\":\"https:\/\/secure.gravatar.com\/avatar\/f55268a89c3b418f2ef172ff52ab0d09b3e653c58de29539fe329fb93d78ebf3?s=96&d=mm&r=g\",\"caption\":\"Redacci\u00f3n\"},\"url\":\"https:\/\/esbozodeportivo.com\/index.php\/author\/redaccion\/\"}]}<\/script>\n<!-- \/ Yoast SEO plugin. -->","yoast_head_json":{"title":"Jim Plunkett, nominado al Sal\u00f3n de la Fama - Esbozo Deportivo","description":"Jim Plunkett, Doug Williams y Ottis Anderson, alguna vez nombrados Jugador M\u00e1s Valioso del Super Bowl, se encuentran entre los 162 jugadores nominados para la Generaci\u00f3n de 2026 del Sal\u00f3n de la Fama del F\u00fatbol Americano Profesional en la categor\u00eda de veteranos.","robots":{"index":"index","follow":"follow","max-snippet":"max-snippet:-1","max-image-preview":"max-image-preview:large","max-video-preview":"max-video-preview:-1"},"canonical":"https:\/\/esbozodeportivo.com\/index.php\/2025\/09\/13\/jim-plunkett-nominado-al-salon-de-la-fama\/","og_locale":"es_MX","og_type":"article","og_title":"Jim Plunkett, nominado al Sal\u00f3n de la Fama - Esbozo Deportivo","og_description":"Jim Plunkett, Doug Williams y Ottis Anderson, alguna vez nombrados Jugador M\u00e1s Valioso del Super Bowl, se encuentran entre los 162 jugadores nominados para la Generaci\u00f3n de 2026 del Sal\u00f3n de la Fama del F\u00fatbol Americano Profesional en la categor\u00eda de veteranos.","og_url":"https:\/\/esbozodeportivo.com\/index.php\/2025\/09\/13\/jim-plunkett-nominado-al-salon-de-la-fama\/","og_site_name":"Esbozo Deportivo","article_published_time":"2025-09-14T03:07:43+00:00","article_modified_time":"2025-09-14T03:07:44+00:00","og_image":[{"width":980,"height":653,"url":"https:\/\/esbozodeportivo.com\/wp-content\/uploads\/2025\/09\/Americano-8.jpg","type":"image\/jpeg"}],"author":"Redacci\u00f3n","twitter_card":"summary_large_image","twitter_misc":{"Escrito por":"Redacci\u00f3n","Tiempo de lectura":"3 minutos"},"schema":{"@context":"https:\/\/schema.org","@graph":[{"@type":"Article","@id":"https:\/\/esbozodeportivo.com\/index.php\/2025\/09\/13\/jim-plunkett-nominado-al-salon-de-la-fama\/#article","isPartOf":{"@id":"https:\/\/esbozodeportivo.com\/index.php\/2025\/09\/13\/jim-plunkett-nominado-al-salon-de-la-fama\/"},"author":{"name":"Redacci\u00f3n","@id":"https:\/\/esbozodeportivo.com\/#\/schema\/person\/0f6df9196dfe6740dd0bb31bae50d374"},"headline":"Jim Plunkett, nominado al Sal\u00f3n de la Fama","datePublished":"2025-09-14T03:07:43+00:00","dateModified":"2025-09-14T03:07:44+00:00","mainEntityOfPage":{"@id":"https:\/\/esbozodeportivo.com\/index.php\/2025\/09\/13\/jim-plunkett-nominado-al-salon-de-la-fama\/"},"wordCount":447,"publisher":{"@id":"https:\/\/esbozodeportivo.com\/#organization"},"image":{"@id":"https:\/\/esbozodeportivo.com\/index.php\/2025\/09\/13\/jim-plunkett-nominado-al-salon-de-la-fama\/#primaryimage"},"thumbnailUrl":"https:\/\/esbozodeportivo.com\/wp-content\/uploads\/2025\/09\/Americano-8.jpg","articleSection":["NFL"],"inLanguage":"es"},{"@type":"WebPage","@id":"https:\/\/esbozodeportivo.com\/index.php\/2025\/09\/13\/jim-plunkett-nominado-al-salon-de-la-fama\/","url":"https:\/\/esbozodeportivo.com\/index.php\/2025\/09\/13\/jim-plunkett-nominado-al-salon-de-la-fama\/","name":"Jim Plunkett, nominado al Sal\u00f3n de la Fama - Esbozo Deportivo","isPartOf":{"@id":"https:\/\/esbozodeportivo.com\/#website"},"primaryImageOfPage":{"@id":"https:\/\/esbozodeportivo.com\/index.php\/2025\/09\/13\/jim-plunkett-nominado-al-salon-de-la-fama\/#primaryimage"},"image":{"@id":"https:\/\/esbozodeportivo.com\/index.php\/2025\/09\/13\/jim-plunkett-nominado-al-salon-de-la-fama\/#primaryimage"},"thumbnailUrl":"https:\/\/esbozodeportivo.com\/wp-content\/uploads\/2025\/09\/Americano-8.jpg","datePublished":"2025-09-14T03:07:43+00:00","dateModified":"2025-09-14T03:07:44+00:00","description":"Jim Plunkett, Doug Williams y Ottis Anderson, alguna vez nombrados Jugador M\u00e1s Valioso del Super Bowl, se encuentran entre los 162 jugadores nominados para la Generaci\u00f3n de 2026 del Sal\u00f3n de la Fama del F\u00fatbol Americano Profesional en la categor\u00eda de veteranos.","breadcrumb":{"@id":"https:\/\/esbozodeportivo.com\/index.php\/2025\/09\/13\/jim-plunkett-nominado-al-salon-de-la-fama\/#breadcrumb"},"inLanguage":"es","potentialAction":[{"@type":"ReadAction","target":["https:\/\/esbozodeportivo.com\/index.php\/2025\/09\/13\/jim-plunkett-nominado-al-salon-de-la-fama\/"]}]},{"@type":"ImageObject","inLanguage":"es","@id":"https:\/\/esbozodeportivo.com\/index.php\/2025\/09\/13\/jim-plunkett-nominado-al-salon-de-la-fama\/#primaryimage","url":"https:\/\/esbozodeportivo.com\/wp-content\/uploads\/2025\/09\/Americano-8.jpg","contentUrl":"https:\/\/esbozodeportivo.com\/wp-content\/uploads\/2025\/09\/Americano-8.jpg","width":980,"height":653},{"@type":"BreadcrumbList","@id":"https:\/\/esbozodeportivo.com\/index.php\/2025\/09\/13\/jim-plunkett-nominado-al-salon-de-la-fama\/#breadcrumb","itemListElement":[{"@type":"ListItem","position":1,"name":"Inicio","item":"https:\/\/esbozodeportivo.com\/"},{"@type":"ListItem","position":2,"name":"Jim Plunkett, nominado al Sal\u00f3n de la Fama"}]},{"@type":"WebSite","@id":"https:\/\/esbozodeportivo.com\/#website","url":"https:\/\/esbozodeportivo.com\/","name":"Esbozo Deportivo","description":"Lo m\u00e1s importante del Deporte","publisher":{"@id":"https:\/\/esbozodeportivo.com\/#organization"},"potentialAction":[{"@type":"SearchAction","target":{"@type":"EntryPoint","urlTemplate":"https:\/\/esbozodeportivo.com\/?s={search_term_string}"},"query-input":{"@type":"PropertyValueSpecification","valueRequired":true,"valueName":"search_term_string"}}],"inLanguage":"es"},{"@type":"Organization","@id":"https:\/\/esbozodeportivo.com\/#organization","name":"Esbozo Deportivo","url":"https:\/\/esbozodeportivo.com\/","logo":{"@type":"ImageObject","inLanguage":"es","@id":"https:\/\/esbozodeportivo.com\/#\/schema\/logo\/image\/","url":"https:\/\/esbozodeportivo.com\/wp-content\/uploads\/2022\/08\/cropped-Logo-Esbozo-Web-2.png","contentUrl":"https:\/\/esbozodeportivo.com\/wp-content\/uploads\/2022\/08\/cropped-Logo-Esbozo-Web-2.png","width":180,"height":50,"caption":"Esbozo Deportivo"},"image":{"@id":"https:\/\/esbozodeportivo.com\/#\/schema\/logo\/image\/"}},{"@type":"Person","@id":"https:\/\/esbozodeportivo.com\/#\/schema\/person\/0f6df9196dfe6740dd0bb31bae50d374","name":"Redacci\u00f3n","image":{"@type":"ImageObject","inLanguage":"es","@id":"https:\/\/esbozodeportivo.com\/#\/schema\/person\/image\/","url":"https:\/\/secure.gravatar.com\/avatar\/f55268a89c3b418f2ef172ff52ab0d09b3e653c58de29539fe329fb93d78ebf3?s=96&d=mm&r=g","contentUrl":"https:\/\/secure.gravatar.com\/avatar\/f55268a89c3b418f2ef172ff52ab0d09b3e653c58de29539fe329fb93d78ebf3?s=96&d=mm&r=g","caption":"Redacci\u00f3n"},"url":"https:\/\/esbozodeportivo.com\/index.php\/author\/redaccion\/"}]}},"jetpack_featured_media_url":"https:\/\/esbozodeportivo.com\/wp-content\/uploads\/2025\/09\/Americano-8.jpg","jetpack_sharing_enabled":true,"_links":{"self":[{"href":"https:\/\/esbozodeportivo.com\/index.php\/wp-json\/wp\/v2\/posts\/9682","targetHints":{"allow":["GET"]}}],"collection":[{"href":"https:\/\/esbozodeportivo.com\/index.php\/wp-json\/wp\/v2\/posts"}],"about":[{"href":"https:\/\/esbozodeportivo.com\/index.php\/wp-json\/wp\/v2\/types\/post"}],"author":[{"embeddable":true,"href":"https:\/\/esbozodeportivo.com\/index.php\/wp-json\/wp\/v2\/users\/4"}],"replies":[{"embeddable":true,"href":"https:\/\/esbozodeportivo.com\/index.php\/wp-json\/wp\/v2\/comments?post=9682"}],"version-history":[{"count":1,"href":"https:\/\/esbozodeportivo.com\/index.php\/wp-json\/wp\/v2\/posts\/9682\/revisions"}],"predecessor-version":[{"id":9683,"href":"https:\/\/esbozodeportivo.com\/index.php\/wp-json\/wp\/v2\/posts\/9682\/revisions\/9683"}],"wp:featuredmedia":[{"embeddable":true,"href":"https:\/\/esbozodeportivo.com\/index.php\/wp-json\/wp\/v2\/media\/9668"}],"wp:attachment":[{"href":"https:\/\/esbozodeportivo.com\/index.php\/wp-json\/wp\/v2\/media?parent=9682"}],"wp:term":[{"taxonomy":"category","embeddable":true,"href":"https:\/\/esbozodeportivo.com\/index.php\/wp-json\/wp\/v2\/categories?post=9682"},{"taxonomy":"post_tag","embeddable":true,"href":"https:\/\/esbozodeportivo.com\/index.php\/wp-json\/wp\/v2\/tags?post=9682"}],"curies":[{"name":"wp","href":"https:\/\/api.w.org\/{rel}","templated":true}]}}