{"id":9692,"date":"2025-09-13T21:27:47","date_gmt":"2025-09-14T03:27:47","guid":{"rendered":"https:\/\/esbozodeportivo.com\/?p=9692"},"modified":"2025-09-13T21:27:48","modified_gmt":"2025-09-14T03:27:48","slug":"en-plan-estelar-breyon-gorham-disputara-el-campeonato-de-norteamericano-ibf","status":"publish","type":"post","link":"https:\/\/esbozodeportivo.com\/index.php\/2025\/09\/13\/en-plan-estelar-breyon-gorham-disputara-el-campeonato-de-norteamericano-ibf\/","title":{"rendered":"En plan estelar, Breyon Gorham disputar\u00e1 el Campeonato de Norteamericano IBF"},"content":{"rendered":"\n<p>(Foto: Cortes\u00eda) <\/p>\n\n\n\n<p><strong>PRENSA R-33 SPORT MANAGMENT<\/strong><\/p>\n\n\n\n<p>En plan estelar Breyon Gorham se dispone a contender por el campeonato Norteamericano de la Federaci\u00f3n Internacional de Boxeo (IBF, por sus siglas en ingl\u00e9s) de peso superligero, el pr\u00f3ximo s\u00e1bado 20 de septiembre en el Bayou Music Center de Houston, Texas.<\/p>\n\n\n\n<p>En su casa y ante su gente, la estrella en ascenso Breyon Gorham encabezar\u00e1 cartelera encarando a un complicado oponente como lo es el puertorrique\u00f1o Yomar \u00c1lamo, en duelo acordado a diez vueltas dentro de la escala de las 140 libras de peso, que estar\u00e1 repleto de adrenalina y emociones.<\/p>\n\n\n\n<p>Con marca invicta de 20 triunfos, 16 de estos por la v\u00eda del \u201ccloroformo puro\u201d, Breyon Gorham, quien es apoyado por la agencia R-33 Sport Managment, que liderea Vincent Ruiz, y dirigido por el manager Juan L\u00f3pez (L\u00f3pez Boxing Club) subir\u00e1 al encordado con toda la intenci\u00f3n de ce\u00f1irse la corona NABF IBF, en una batalla que le permitir\u00e1 continuar en franco ascenso.<\/p>\n\n\n\n<p>A este duelo el boricua Yomar A Alamo De Jes\u00fas llegar\u00e1 con un palmar\u00e9s&nbsp; de 22 triunfos, con 13 nocauts, a cambio de cuatro derrotas y un empate, y grandes deseos de estropearle la noche al p\u00fagil local.<\/p>\n\n\n\n<figure class=\"wp-block-image size-large\"><img loading=\"lazy\" decoding=\"async\" width=\"821\" height=\"1024\" src=\"https:\/\/esbozodeportivo.com\/wp-content\/uploads\/2025\/09\/Box-1-821x1024.jpg\" alt=\"\" class=\"wp-image-9672\" srcset=\"https:\/\/esbozodeportivo.com\/wp-content\/uploads\/2025\/09\/Box-1-821x1024.jpg 821w, https:\/\/esbozodeportivo.com\/wp-content\/uploads\/2025\/09\/Box-1-240x300.jpg 240w, https:\/\/esbozodeportivo.com\/wp-content\/uploads\/2025\/09\/Box-1-768x958.jpg 768w, https:\/\/esbozodeportivo.com\/wp-content\/uploads\/2025\/09\/Box-1-1024x1278.jpg 1024w, https:\/\/esbozodeportivo.com\/wp-content\/uploads\/2025\/09\/Box-1.jpg 1170w\" sizes=\"auto, (max-width: 821px) 100vw, 821px\" \/><\/figure>\n\n\n\n<p>(Foto: Cortes\u00eda) <\/p>\n\n\n\n<p><\/p>\n","protected":false},"excerpt":{"rendered":"<p>(Foto: Cortes\u00eda) PRENSA R-33 SPORT MANAGMENT En plan estelar Breyon Gorham se dispone a contender<\/p>\n","protected":false},"author":4,"featured_media":9673,"comment_status":"closed","ping_status":"open","sticky":false,"template":"","format":"standard","meta":{"_jetpack_memberships_contains_paid_content":false,"footnotes":""},"categories":[64],"tags":[],"class_list":["post-9692","post","type-post","status-publish","format-standard","has-post-thumbnail","hentry","category-box"],"yoast_head":"<!-- This site is optimized with the Yoast SEO plugin v25.7 - https:\/\/yoast.com\/wordpress\/plugins\/seo\/ -->\n<title>En plan estelar, Breyon Gorham disputar\u00e1 el Campeonato de Norteamericano IBF - Esbozo Deportivo<\/title>\n<meta name=\"description\" content=\"En plan estelar Breyon Gorham se dispone a contender por el campeonato Norteamericano de la Federaci\u00f3n Internacional de Boxeo (IBF, por sus siglas en ingl\u00e9s) de peso superligero, el pr\u00f3ximo s\u00e1bado 20 de septiembre en el Bayou Music Center de Houston, Texas.\" \/>\n<meta name=\"robots\" content=\"index, follow, max-snippet:-1, max-image-preview:large, max-video-preview:-1\" \/>\n<link rel=\"canonical\" href=\"https:\/\/esbozodeportivo.com\/index.php\/2025\/09\/13\/en-plan-estelar-breyon-gorham-disputara-el-campeonato-de-norteamericano-ibf\/\" \/>\n<meta property=\"og:locale\" content=\"es_MX\" \/>\n<meta property=\"og:type\" content=\"article\" \/>\n<meta property=\"og:title\" content=\"En plan estelar, Breyon Gorham disputar\u00e1 el Campeonato de Norteamericano IBF - Esbozo Deportivo\" \/>\n<meta property=\"og:description\" content=\"En plan estelar Breyon Gorham se dispone a contender por el campeonato Norteamericano de la Federaci\u00f3n Internacional de Boxeo (IBF, por sus siglas en ingl\u00e9s) de peso superligero, el pr\u00f3ximo s\u00e1bado 20 de septiembre en el Bayou Music Center de Houston, Texas.\" \/>\n<meta property=\"og:url\" content=\"https:\/\/esbozodeportivo.com\/index.php\/2025\/09\/13\/en-plan-estelar-breyon-gorham-disputara-el-campeonato-de-norteamericano-ibf\/\" \/>\n<meta property=\"og:site_name\" content=\"Esbozo Deportivo\" \/>\n<meta property=\"article:published_time\" content=\"2025-09-14T03:27:47+00:00\" \/>\n<meta property=\"article:modified_time\" content=\"2025-09-14T03:27:48+00:00\" \/>\n<meta property=\"og:image\" content=\"https:\/\/esbozodeportivo.com\/wp-content\/uploads\/2025\/09\/Box1-1.jpg\" \/>\n\t<meta property=\"og:image:width\" content=\"1170\" \/>\n\t<meta property=\"og:image:height\" content=\"1437\" \/>\n\t<meta property=\"og:image:type\" content=\"image\/jpeg\" \/>\n<meta name=\"author\" content=\"Redacci\u00f3n\" \/>\n<meta name=\"twitter:card\" content=\"summary_large_image\" \/>\n<meta name=\"twitter:label1\" content=\"Escrito por\" \/>\n\t<meta name=\"twitter:data1\" content=\"Redacci\u00f3n\" \/>\n\t<meta name=\"twitter:label2\" content=\"Tiempo de lectura\" \/>\n\t<meta name=\"twitter:data2\" content=\"2 minutos\" \/>\n<script type=\"application\/ld+json\" class=\"yoast-schema-graph\">{\"@context\":\"https:\/\/schema.org\",\"@graph\":[{\"@type\":\"Article\",\"@id\":\"https:\/\/esbozodeportivo.com\/index.php\/2025\/09\/13\/en-plan-estelar-breyon-gorham-disputara-el-campeonato-de-norteamericano-ibf\/#article\",\"isPartOf\":{\"@id\":\"https:\/\/esbozodeportivo.com\/index.php\/2025\/09\/13\/en-plan-estelar-breyon-gorham-disputara-el-campeonato-de-norteamericano-ibf\/\"},\"author\":{\"name\":\"Redacci\u00f3n\",\"@id\":\"https:\/\/esbozodeportivo.com\/#\/schema\/person\/0f6df9196dfe6740dd0bb31bae50d374\"},\"headline\":\"En plan estelar, Breyon Gorham disputar\u00e1 el Campeonato de Norteamericano IBF\",\"datePublished\":\"2025-09-14T03:27:47+00:00\",\"dateModified\":\"2025-09-14T03:27:48+00:00\",\"mainEntityOfPage\":{\"@id\":\"https:\/\/esbozodeportivo.com\/index.php\/2025\/09\/13\/en-plan-estelar-breyon-gorham-disputara-el-campeonato-de-norteamericano-ibf\/\"},\"wordCount\":222,\"publisher\":{\"@id\":\"https:\/\/esbozodeportivo.com\/#organization\"},\"image\":{\"@id\":\"https:\/\/esbozodeportivo.com\/index.php\/2025\/09\/13\/en-plan-estelar-breyon-gorham-disputara-el-campeonato-de-norteamericano-ibf\/#primaryimage\"},\"thumbnailUrl\":\"https:\/\/esbozodeportivo.com\/wp-content\/uploads\/2025\/09\/Box1-1.jpg\",\"articleSection\":[\"Box\"],\"inLanguage\":\"es\"},{\"@type\":\"WebPage\",\"@id\":\"https:\/\/esbozodeportivo.com\/index.php\/2025\/09\/13\/en-plan-estelar-breyon-gorham-disputara-el-campeonato-de-norteamericano-ibf\/\",\"url\":\"https:\/\/esbozodeportivo.com\/index.php\/2025\/09\/13\/en-plan-estelar-breyon-gorham-disputara-el-campeonato-de-norteamericano-ibf\/\",\"name\":\"En plan estelar, Breyon Gorham disputar\u00e1 el Campeonato de Norteamericano IBF - Esbozo Deportivo\",\"isPartOf\":{\"@id\":\"https:\/\/esbozodeportivo.com\/#website\"},\"primaryImageOfPage\":{\"@id\":\"https:\/\/esbozodeportivo.com\/index.php\/2025\/09\/13\/en-plan-estelar-breyon-gorham-disputara-el-campeonato-de-norteamericano-ibf\/#primaryimage\"},\"image\":{\"@id\":\"https:\/\/esbozodeportivo.com\/index.php\/2025\/09\/13\/en-plan-estelar-breyon-gorham-disputara-el-campeonato-de-norteamericano-ibf\/#primaryimage\"},\"thumbnailUrl\":\"https:\/\/esbozodeportivo.com\/wp-content\/uploads\/2025\/09\/Box1-1.jpg\",\"datePublished\":\"2025-09-14T03:27:47+00:00\",\"dateModified\":\"2025-09-14T03:27:48+00:00\",\"description\":\"En plan estelar Breyon Gorham se dispone a contender por el campeonato Norteamericano de la Federaci\u00f3n Internacional de Boxeo (IBF, por sus siglas en ingl\u00e9s) de peso superligero, el pr\u00f3ximo s\u00e1bado 20 de septiembre en el Bayou Music Center de Houston, Texas.\",\"breadcrumb\":{\"@id\":\"https:\/\/esbozodeportivo.com\/index.php\/2025\/09\/13\/en-plan-estelar-breyon-gorham-disputara-el-campeonato-de-norteamericano-ibf\/#breadcrumb\"},\"inLanguage\":\"es\",\"potentialAction\":[{\"@type\":\"ReadAction\",\"target\":[\"https:\/\/esbozodeportivo.com\/index.php\/2025\/09\/13\/en-plan-estelar-breyon-gorham-disputara-el-campeonato-de-norteamericano-ibf\/\"]}]},{\"@type\":\"ImageObject\",\"inLanguage\":\"es\",\"@id\":\"https:\/\/esbozodeportivo.com\/index.php\/2025\/09\/13\/en-plan-estelar-breyon-gorham-disputara-el-campeonato-de-norteamericano-ibf\/#primaryimage\",\"url\":\"https:\/\/esbozodeportivo.com\/wp-content\/uploads\/2025\/09\/Box1-1.jpg\",\"contentUrl\":\"https:\/\/esbozodeportivo.com\/wp-content\/uploads\/2025\/09\/Box1-1.jpg\",\"width\":1170,\"height\":1437},{\"@type\":\"BreadcrumbList\",\"@id\":\"https:\/\/esbozodeportivo.com\/index.php\/2025\/09\/13\/en-plan-estelar-breyon-gorham-disputara-el-campeonato-de-norteamericano-ibf\/#breadcrumb\",\"itemListElement\":[{\"@type\":\"ListItem\",\"position\":1,\"name\":\"Inicio\",\"item\":\"https:\/\/esbozodeportivo.com\/\"},{\"@type\":\"ListItem\",\"position\":2,\"name\":\"En plan estelar, Breyon Gorham disputar\u00e1 el Campeonato de Norteamericano IBF\"}]},{\"@type\":\"WebSite\",\"@id\":\"https:\/\/esbozodeportivo.com\/#website\",\"url\":\"https:\/\/esbozodeportivo.com\/\",\"name\":\"Esbozo Deportivo\",\"description\":\"Lo m\u00e1s importante del Deporte\",\"publisher\":{\"@id\":\"https:\/\/esbozodeportivo.com\/#organization\"},\"potentialAction\":[{\"@type\":\"SearchAction\",\"target\":{\"@type\":\"EntryPoint\",\"urlTemplate\":\"https:\/\/esbozodeportivo.com\/?s={search_term_string}\"},\"query-input\":{\"@type\":\"PropertyValueSpecification\",\"valueRequired\":true,\"valueName\":\"search_term_string\"}}],\"inLanguage\":\"es\"},{\"@type\":\"Organization\",\"@id\":\"https:\/\/esbozodeportivo.com\/#organization\",\"name\":\"Esbozo Deportivo\",\"url\":\"https:\/\/esbozodeportivo.com\/\",\"logo\":{\"@type\":\"ImageObject\",\"inLanguage\":\"es\",\"@id\":\"https:\/\/esbozodeportivo.com\/#\/schema\/logo\/image\/\",\"url\":\"https:\/\/esbozodeportivo.com\/wp-content\/uploads\/2022\/08\/cropped-Logo-Esbozo-Web-2.png\",\"contentUrl\":\"https:\/\/esbozodeportivo.com\/wp-content\/uploads\/2022\/08\/cropped-Logo-Esbozo-Web-2.png\",\"width\":180,\"height\":50,\"caption\":\"Esbozo Deportivo\"},\"image\":{\"@id\":\"https:\/\/esbozodeportivo.com\/#\/schema\/logo\/image\/\"}},{\"@type\":\"Person\",\"@id\":\"https:\/\/esbozodeportivo.com\/#\/schema\/person\/0f6df9196dfe6740dd0bb31bae50d374\",\"name\":\"Redacci\u00f3n\",\"image\":{\"@type\":\"ImageObject\",\"inLanguage\":\"es\",\"@id\":\"https:\/\/esbozodeportivo.com\/#\/schema\/person\/image\/\",\"url\":\"https:\/\/secure.gravatar.com\/avatar\/f55268a89c3b418f2ef172ff52ab0d09b3e653c58de29539fe329fb93d78ebf3?s=96&d=mm&r=g\",\"contentUrl\":\"https:\/\/secure.gravatar.com\/avatar\/f55268a89c3b418f2ef172ff52ab0d09b3e653c58de29539fe329fb93d78ebf3?s=96&d=mm&r=g\",\"caption\":\"Redacci\u00f3n\"},\"url\":\"https:\/\/esbozodeportivo.com\/index.php\/author\/redaccion\/\"}]}<\/script>\n<!-- \/ Yoast SEO plugin. -->","yoast_head_json":{"title":"En plan estelar, Breyon Gorham disputar\u00e1 el Campeonato de Norteamericano IBF - Esbozo Deportivo","description":"En plan estelar Breyon Gorham se dispone a contender por el campeonato Norteamericano de la Federaci\u00f3n Internacional de Boxeo (IBF, por sus siglas en ingl\u00e9s) de peso superligero, el pr\u00f3ximo s\u00e1bado 20 de septiembre en el Bayou Music Center de Houston, Texas.","robots":{"index":"index","follow":"follow","max-snippet":"max-snippet:-1","max-image-preview":"max-image-preview:large","max-video-preview":"max-video-preview:-1"},"canonical":"https:\/\/esbozodeportivo.com\/index.php\/2025\/09\/13\/en-plan-estelar-breyon-gorham-disputara-el-campeonato-de-norteamericano-ibf\/","og_locale":"es_MX","og_type":"article","og_title":"En plan estelar, Breyon Gorham disputar\u00e1 el Campeonato de Norteamericano IBF - Esbozo Deportivo","og_description":"En plan estelar Breyon Gorham se dispone a contender por el campeonato Norteamericano de la Federaci\u00f3n Internacional de Boxeo (IBF, por sus siglas en ingl\u00e9s) de peso superligero, el pr\u00f3ximo s\u00e1bado 20 de septiembre en el Bayou Music Center de Houston, Texas.","og_url":"https:\/\/esbozodeportivo.com\/index.php\/2025\/09\/13\/en-plan-estelar-breyon-gorham-disputara-el-campeonato-de-norteamericano-ibf\/","og_site_name":"Esbozo Deportivo","article_published_time":"2025-09-14T03:27:47+00:00","article_modified_time":"2025-09-14T03:27:48+00:00","og_image":[{"width":1170,"height":1437,"url":"https:\/\/esbozodeportivo.com\/wp-content\/uploads\/2025\/09\/Box1-1.jpg","type":"image\/jpeg"}],"author":"Redacci\u00f3n","twitter_card":"summary_large_image","twitter_misc":{"Escrito por":"Redacci\u00f3n","Tiempo de lectura":"2 minutos"},"schema":{"@context":"https:\/\/schema.org","@graph":[{"@type":"Article","@id":"https:\/\/esbozodeportivo.com\/index.php\/2025\/09\/13\/en-plan-estelar-breyon-gorham-disputara-el-campeonato-de-norteamericano-ibf\/#article","isPartOf":{"@id":"https:\/\/esbozodeportivo.com\/index.php\/2025\/09\/13\/en-plan-estelar-breyon-gorham-disputara-el-campeonato-de-norteamericano-ibf\/"},"author":{"name":"Redacci\u00f3n","@id":"https:\/\/esbozodeportivo.com\/#\/schema\/person\/0f6df9196dfe6740dd0bb31bae50d374"},"headline":"En plan estelar, Breyon Gorham disputar\u00e1 el Campeonato de Norteamericano IBF","datePublished":"2025-09-14T03:27:47+00:00","dateModified":"2025-09-14T03:27:48+00:00","mainEntityOfPage":{"@id":"https:\/\/esbozodeportivo.com\/index.php\/2025\/09\/13\/en-plan-estelar-breyon-gorham-disputara-el-campeonato-de-norteamericano-ibf\/"},"wordCount":222,"publisher":{"@id":"https:\/\/esbozodeportivo.com\/#organization"},"image":{"@id":"https:\/\/esbozodeportivo.com\/index.php\/2025\/09\/13\/en-plan-estelar-breyon-gorham-disputara-el-campeonato-de-norteamericano-ibf\/#primaryimage"},"thumbnailUrl":"https:\/\/esbozodeportivo.com\/wp-content\/uploads\/2025\/09\/Box1-1.jpg","articleSection":["Box"],"inLanguage":"es"},{"@type":"WebPage","@id":"https:\/\/esbozodeportivo.com\/index.php\/2025\/09\/13\/en-plan-estelar-breyon-gorham-disputara-el-campeonato-de-norteamericano-ibf\/","url":"https:\/\/esbozodeportivo.com\/index.php\/2025\/09\/13\/en-plan-estelar-breyon-gorham-disputara-el-campeonato-de-norteamericano-ibf\/","name":"En plan estelar, Breyon Gorham disputar\u00e1 el Campeonato de Norteamericano IBF - Esbozo Deportivo","isPartOf":{"@id":"https:\/\/esbozodeportivo.com\/#website"},"primaryImageOfPage":{"@id":"https:\/\/esbozodeportivo.com\/index.php\/2025\/09\/13\/en-plan-estelar-breyon-gorham-disputara-el-campeonato-de-norteamericano-ibf\/#primaryimage"},"image":{"@id":"https:\/\/esbozodeportivo.com\/index.php\/2025\/09\/13\/en-plan-estelar-breyon-gorham-disputara-el-campeonato-de-norteamericano-ibf\/#primaryimage"},"thumbnailUrl":"https:\/\/esbozodeportivo.com\/wp-content\/uploads\/2025\/09\/Box1-1.jpg","datePublished":"2025-09-14T03:27:47+00:00","dateModified":"2025-09-14T03:27:48+00:00","description":"En plan estelar Breyon Gorham se dispone a contender por el campeonato Norteamericano de la Federaci\u00f3n Internacional de Boxeo (IBF, por sus siglas en ingl\u00e9s) de peso superligero, el pr\u00f3ximo s\u00e1bado 20 de septiembre en el Bayou Music Center de Houston, Texas.","breadcrumb":{"@id":"https:\/\/esbozodeportivo.com\/index.php\/2025\/09\/13\/en-plan-estelar-breyon-gorham-disputara-el-campeonato-de-norteamericano-ibf\/#breadcrumb"},"inLanguage":"es","potentialAction":[{"@type":"ReadAction","target":["https:\/\/esbozodeportivo.com\/index.php\/2025\/09\/13\/en-plan-estelar-breyon-gorham-disputara-el-campeonato-de-norteamericano-ibf\/"]}]},{"@type":"ImageObject","inLanguage":"es","@id":"https:\/\/esbozodeportivo.com\/index.php\/2025\/09\/13\/en-plan-estelar-breyon-gorham-disputara-el-campeonato-de-norteamericano-ibf\/#primaryimage","url":"https:\/\/esbozodeportivo.com\/wp-content\/uploads\/2025\/09\/Box1-1.jpg","contentUrl":"https:\/\/esbozodeportivo.com\/wp-content\/uploads\/2025\/09\/Box1-1.jpg","width":1170,"height":1437},{"@type":"BreadcrumbList","@id":"https:\/\/esbozodeportivo.com\/index.php\/2025\/09\/13\/en-plan-estelar-breyon-gorham-disputara-el-campeonato-de-norteamericano-ibf\/#breadcrumb","itemListElement":[{"@type":"ListItem","position":1,"name":"Inicio","item":"https:\/\/esbozodeportivo.com\/"},{"@type":"ListItem","position":2,"name":"En plan estelar, Breyon Gorham disputar\u00e1 el Campeonato de Norteamericano IBF"}]},{"@type":"WebSite","@id":"https:\/\/esbozodeportivo.com\/#website","url":"https:\/\/esbozodeportivo.com\/","name":"Esbozo Deportivo","description":"Lo m\u00e1s importante del Deporte","publisher":{"@id":"https:\/\/esbozodeportivo.com\/#organization"},"potentialAction":[{"@type":"SearchAction","target":{"@type":"EntryPoint","urlTemplate":"https:\/\/esbozodeportivo.com\/?s={search_term_string}"},"query-input":{"@type":"PropertyValueSpecification","valueRequired":true,"valueName":"search_term_string"}}],"inLanguage":"es"},{"@type":"Organization","@id":"https:\/\/esbozodeportivo.com\/#organization","name":"Esbozo Deportivo","url":"https:\/\/esbozodeportivo.com\/","logo":{"@type":"ImageObject","inLanguage":"es","@id":"https:\/\/esbozodeportivo.com\/#\/schema\/logo\/image\/","url":"https:\/\/esbozodeportivo.com\/wp-content\/uploads\/2022\/08\/cropped-Logo-Esbozo-Web-2.png","contentUrl":"https:\/\/esbozodeportivo.com\/wp-content\/uploads\/2022\/08\/cropped-Logo-Esbozo-Web-2.png","width":180,"height":50,"caption":"Esbozo Deportivo"},"image":{"@id":"https:\/\/esbozodeportivo.com\/#\/schema\/logo\/image\/"}},{"@type":"Person","@id":"https:\/\/esbozodeportivo.com\/#\/schema\/person\/0f6df9196dfe6740dd0bb31bae50d374","name":"Redacci\u00f3n","image":{"@type":"ImageObject","inLanguage":"es","@id":"https:\/\/esbozodeportivo.com\/#\/schema\/person\/image\/","url":"https:\/\/secure.gravatar.com\/avatar\/f55268a89c3b418f2ef172ff52ab0d09b3e653c58de29539fe329fb93d78ebf3?s=96&d=mm&r=g","contentUrl":"https:\/\/secure.gravatar.com\/avatar\/f55268a89c3b418f2ef172ff52ab0d09b3e653c58de29539fe329fb93d78ebf3?s=96&d=mm&r=g","caption":"Redacci\u00f3n"},"url":"https:\/\/esbozodeportivo.com\/index.php\/author\/redaccion\/"}]}},"jetpack_featured_media_url":"https:\/\/esbozodeportivo.com\/wp-content\/uploads\/2025\/09\/Box1-1.jpg","jetpack_sharing_enabled":true,"_links":{"self":[{"href":"https:\/\/esbozodeportivo.com\/index.php\/wp-json\/wp\/v2\/posts\/9692","targetHints":{"allow":["GET"]}}],"collection":[{"href":"https:\/\/esbozodeportivo.com\/index.php\/wp-json\/wp\/v2\/posts"}],"about":[{"href":"https:\/\/esbozodeportivo.com\/index.php\/wp-json\/wp\/v2\/types\/post"}],"author":[{"embeddable":true,"href":"https:\/\/esbozodeportivo.com\/index.php\/wp-json\/wp\/v2\/users\/4"}],"replies":[{"embeddable":true,"href":"https:\/\/esbozodeportivo.com\/index.php\/wp-json\/wp\/v2\/comments?post=9692"}],"version-history":[{"count":1,"href":"https:\/\/esbozodeportivo.com\/index.php\/wp-json\/wp\/v2\/posts\/9692\/revisions"}],"predecessor-version":[{"id":9693,"href":"https:\/\/esbozodeportivo.com\/index.php\/wp-json\/wp\/v2\/posts\/9692\/revisions\/9693"}],"wp:featuredmedia":[{"embeddable":true,"href":"https:\/\/esbozodeportivo.com\/index.php\/wp-json\/wp\/v2\/media\/9673"}],"wp:attachment":[{"href":"https:\/\/esbozodeportivo.com\/index.php\/wp-json\/wp\/v2\/media?parent=9692"}],"wp:term":[{"taxonomy":"category","embeddable":true,"href":"https:\/\/esbozodeportivo.com\/index.php\/wp-json\/wp\/v2\/categories?post=9692"},{"taxonomy":"post_tag","embeddable":true,"href":"https:\/\/esbozodeportivo.com\/index.php\/wp-json\/wp\/v2\/tags?post=9692"}],"curies":[{"name":"wp","href":"https:\/\/api.w.org\/{rel}","templated":true}]}}