{"id":9727,"date":"2025-09-14T20:56:39","date_gmt":"2025-09-15T02:56:39","guid":{"rendered":"https:\/\/esbozodeportivo.com\/?p=9727"},"modified":"2025-09-14T20:56:40","modified_gmt":"2025-09-15T02:56:40","slug":"chivas-se-lleva-el-clasico-al-derrotar-2-1-al-america","status":"publish","type":"post","link":"https:\/\/esbozodeportivo.com\/index.php\/2025\/09\/14\/chivas-se-lleva-el-clasico-al-derrotar-2-1-al-america\/","title":{"rendered":"Chivas se lleva el cl\u00e1sico al derrotar 2-1 al Am\u00e9rica"},"content":{"rendered":"\n<p>(Foto: Agencias) <\/p>\n\n\n\n<p><strong>Roberto Alvarado y Armando Gonz\u00e1lez<\/strong> anotaron durante el complemento las dianas con las que <strong>Chivas<\/strong> venci\u00f3 el s\u00e1bado 2-1 a <strong>Am\u00e9rica <\/strong>en el <strong>Cl\u00e1sico nacional,<\/strong> para cortar una racha de cuatro jornadas sin victoria en el torneo <strong>Apertura de la Liga MX.<\/strong><\/p>\n\n\n\n<p><strong>Alvarado<\/strong> se barri\u00f3 por el centro del \u00e1rea americanista para mandar a las redes un pase diagonal de <strong>\u00c9rick Guti\u00e9rrez<\/strong> a los 63 minutos.<\/p>\n\n\n\n<p><strong>Gonz\u00e1lez<\/strong> hizo m\u00e1s holgada la ventaja despu\u00e9s de conducir desde medio campo y, al llegar al balc\u00f3n del \u00e1rea, sentenciar con un disparo rasante junto al poste a los 88 minutos.<\/p>\n\n\n\n<p>El estadounidense <strong>Alejandro Zendejas<\/strong> recort\u00f3 durante el octavo minuto del descuento, con el cobro de un tiro libre, en el que sac\u00f3 beneficio de que la barrera se abri\u00f3 para que pasara el bal\u00f3n rumbo a las redes.<\/p>\n\n\n\n<p><strong>Chivas<\/strong> lleg\u00f3 a este partido con mucha presi\u00f3n, luego de sus malos resultados. Con esta victoria ascendieron a la 12da posici\u00f3n con siete unidades, teniendo pendiente su duelo de la primera jornada ante <strong>Tigres,<\/strong> que disputar\u00e1n el pr\u00f3ximo mi\u00e9rcoles. <strong>Am\u00e9rica<\/strong> dej\u00f3 su condici\u00f3n de invicto para estancarse en la tercera posici\u00f3n con 17 puntos.<\/p>\n\n\n\n<figure class=\"wp-block-image size-large\"><img loading=\"lazy\" decoding=\"async\" width=\"1024\" height=\"683\" src=\"https:\/\/esbozodeportivo.com\/wp-content\/uploads\/2025\/09\/Chivas-1-1024x683.jpg\" alt=\"\" class=\"wp-image-9708\" srcset=\"https:\/\/esbozodeportivo.com\/wp-content\/uploads\/2025\/09\/Chivas-1-1024x683.jpg 1024w, https:\/\/esbozodeportivo.com\/wp-content\/uploads\/2025\/09\/Chivas-1-300x200.jpg 300w, https:\/\/esbozodeportivo.com\/wp-content\/uploads\/2025\/09\/Chivas-1-768x512.jpg 768w, https:\/\/esbozodeportivo.com\/wp-content\/uploads\/2025\/09\/Chivas-1.jpg 1440w\" sizes=\"auto, (max-width: 1024px) 100vw, 1024px\" \/><\/figure>\n\n\n\n<p>(Foto: Agencias) <\/p>\n\n\n\n<p><strong>Alvarado<\/strong> acompa\u00f1\u00f3 la ofensiva que conduc\u00eda <strong>Guti\u00e9rrez <\/strong>y estuvo preciso en el momento de rematar la diagonal para mandar el esf\u00e9rico a las redes. El autor del primer tanto abandon\u00f3 el campo poco despu\u00e9s tras sufrir una aparatosa torcedura en el tobillo derecho.<\/p>\n\n\n\n<p><strong>Gonz\u00e1lez<\/strong> asegur\u00f3 apenas la segunda victoria rojiblanca en el curso, luego de aprovecharse de la displicencia azulcrema que lo dej\u00f3 avanzar y sacar el disparo lejano sin presionarlo.<\/p>\n\n\n\n<p>La reacci\u00f3n final americanista se vio impulsada con el tanto de <strong>Zendejas,<\/strong> que fue apenas el primer disparo a puerta del equipo azulcrema en la noche.<\/p>\n\n\n\n<p>Despu\u00e9s del segundo tanto de los dirigidos por el argentino <strong>Gabriel MIlito<\/strong> hubo una gresca entre los jugadores. Las bancas de ambos equipos se vaciaron, pero el \u00e1rbitro \u00fanicamente expuls\u00f3 a un auxiliar americanista.<\/p>\n\n\n\n<p><\/p>\n","protected":false},"excerpt":{"rendered":"<p>(Foto: Agencias) Roberto Alvarado y Armando Gonz\u00e1lez anotaron durante el complemento las dianas con las<\/p>\n","protected":false},"author":4,"featured_media":9709,"comment_status":"closed","ping_status":"open","sticky":false,"template":"","format":"standard","meta":{"_jetpack_memberships_contains_paid_content":false,"footnotes":""},"categories":[20],"tags":[],"class_list":["post-9727","post","type-post","status-publish","format-standard","has-post-thumbnail","hentry","category-liga"],"yoast_head":"<!-- This site is optimized with the Yoast SEO plugin v25.7 - https:\/\/yoast.com\/wordpress\/plugins\/seo\/ -->\n<title>Chivas se lleva el cl\u00e1sico al derrotar 2-1 al Am\u00e9rica - Esbozo Deportivo<\/title>\n<meta name=\"description\" content=\"Roberto Alvarado y Armando Gonz\u00e1lez anotaron durante el complemento las dianas con las que Chivas venci\u00f3 el s\u00e1bado 2-1 a Am\u00e9rica en el Cl\u00e1sico nacional, para cortar una racha de cuatro jornadas sin victoria en el torneo Apertura de la Liga MX.\" \/>\n<meta name=\"robots\" content=\"index, follow, max-snippet:-1, max-image-preview:large, max-video-preview:-1\" \/>\n<link rel=\"canonical\" href=\"https:\/\/esbozodeportivo.com\/index.php\/2025\/09\/14\/chivas-se-lleva-el-clasico-al-derrotar-2-1-al-america\/\" \/>\n<meta property=\"og:locale\" content=\"es_MX\" \/>\n<meta property=\"og:type\" content=\"article\" \/>\n<meta property=\"og:title\" content=\"Chivas se lleva el cl\u00e1sico al derrotar 2-1 al Am\u00e9rica - Esbozo Deportivo\" \/>\n<meta property=\"og:description\" content=\"Roberto Alvarado y Armando Gonz\u00e1lez anotaron durante el complemento las dianas con las que Chivas venci\u00f3 el s\u00e1bado 2-1 a Am\u00e9rica en el Cl\u00e1sico nacional, para cortar una racha de cuatro jornadas sin victoria en el torneo Apertura de la Liga MX.\" \/>\n<meta property=\"og:url\" content=\"https:\/\/esbozodeportivo.com\/index.php\/2025\/09\/14\/chivas-se-lleva-el-clasico-al-derrotar-2-1-al-america\/\" \/>\n<meta property=\"og:site_name\" content=\"Esbozo Deportivo\" \/>\n<meta property=\"article:published_time\" content=\"2025-09-15T02:56:39+00:00\" \/>\n<meta property=\"article:modified_time\" content=\"2025-09-15T02:56:40+00:00\" \/>\n<meta property=\"og:image\" content=\"https:\/\/esbozodeportivo.com\/wp-content\/uploads\/2025\/09\/Chivas.jpg\" \/>\n\t<meta property=\"og:image:width\" content=\"770\" \/>\n\t<meta property=\"og:image:height\" content=\"530\" \/>\n\t<meta property=\"og:image:type\" content=\"image\/jpeg\" \/>\n<meta name=\"author\" content=\"Redacci\u00f3n\" \/>\n<meta name=\"twitter:card\" content=\"summary_large_image\" \/>\n<meta name=\"twitter:label1\" content=\"Escrito por\" \/>\n\t<meta name=\"twitter:data1\" content=\"Redacci\u00f3n\" \/>\n\t<meta name=\"twitter:label2\" content=\"Tiempo de lectura\" \/>\n\t<meta name=\"twitter:data2\" content=\"2 minutos\" \/>\n<script type=\"application\/ld+json\" class=\"yoast-schema-graph\">{\"@context\":\"https:\/\/schema.org\",\"@graph\":[{\"@type\":\"Article\",\"@id\":\"https:\/\/esbozodeportivo.com\/index.php\/2025\/09\/14\/chivas-se-lleva-el-clasico-al-derrotar-2-1-al-america\/#article\",\"isPartOf\":{\"@id\":\"https:\/\/esbozodeportivo.com\/index.php\/2025\/09\/14\/chivas-se-lleva-el-clasico-al-derrotar-2-1-al-america\/\"},\"author\":{\"name\":\"Redacci\u00f3n\",\"@id\":\"https:\/\/esbozodeportivo.com\/#\/schema\/person\/0f6df9196dfe6740dd0bb31bae50d374\"},\"headline\":\"Chivas se lleva el cl\u00e1sico al derrotar 2-1 al Am\u00e9rica\",\"datePublished\":\"2025-09-15T02:56:39+00:00\",\"dateModified\":\"2025-09-15T02:56:40+00:00\",\"mainEntityOfPage\":{\"@id\":\"https:\/\/esbozodeportivo.com\/index.php\/2025\/09\/14\/chivas-se-lleva-el-clasico-al-derrotar-2-1-al-america\/\"},\"wordCount\":358,\"publisher\":{\"@id\":\"https:\/\/esbozodeportivo.com\/#organization\"},\"image\":{\"@id\":\"https:\/\/esbozodeportivo.com\/index.php\/2025\/09\/14\/chivas-se-lleva-el-clasico-al-derrotar-2-1-al-america\/#primaryimage\"},\"thumbnailUrl\":\"https:\/\/esbozodeportivo.com\/wp-content\/uploads\/2025\/09\/Chivas.jpg\",\"articleSection\":[\"Liga MX\"],\"inLanguage\":\"es\"},{\"@type\":\"WebPage\",\"@id\":\"https:\/\/esbozodeportivo.com\/index.php\/2025\/09\/14\/chivas-se-lleva-el-clasico-al-derrotar-2-1-al-america\/\",\"url\":\"https:\/\/esbozodeportivo.com\/index.php\/2025\/09\/14\/chivas-se-lleva-el-clasico-al-derrotar-2-1-al-america\/\",\"name\":\"Chivas se lleva el cl\u00e1sico al derrotar 2-1 al Am\u00e9rica - Esbozo Deportivo\",\"isPartOf\":{\"@id\":\"https:\/\/esbozodeportivo.com\/#website\"},\"primaryImageOfPage\":{\"@id\":\"https:\/\/esbozodeportivo.com\/index.php\/2025\/09\/14\/chivas-se-lleva-el-clasico-al-derrotar-2-1-al-america\/#primaryimage\"},\"image\":{\"@id\":\"https:\/\/esbozodeportivo.com\/index.php\/2025\/09\/14\/chivas-se-lleva-el-clasico-al-derrotar-2-1-al-america\/#primaryimage\"},\"thumbnailUrl\":\"https:\/\/esbozodeportivo.com\/wp-content\/uploads\/2025\/09\/Chivas.jpg\",\"datePublished\":\"2025-09-15T02:56:39+00:00\",\"dateModified\":\"2025-09-15T02:56:40+00:00\",\"description\":\"Roberto Alvarado y Armando Gonz\u00e1lez anotaron durante el complemento las dianas con las que Chivas venci\u00f3 el s\u00e1bado 2-1 a Am\u00e9rica en el Cl\u00e1sico nacional, para cortar una racha de cuatro jornadas sin victoria en el torneo Apertura de la Liga MX.\",\"breadcrumb\":{\"@id\":\"https:\/\/esbozodeportivo.com\/index.php\/2025\/09\/14\/chivas-se-lleva-el-clasico-al-derrotar-2-1-al-america\/#breadcrumb\"},\"inLanguage\":\"es\",\"potentialAction\":[{\"@type\":\"ReadAction\",\"target\":[\"https:\/\/esbozodeportivo.com\/index.php\/2025\/09\/14\/chivas-se-lleva-el-clasico-al-derrotar-2-1-al-america\/\"]}]},{\"@type\":\"ImageObject\",\"inLanguage\":\"es\",\"@id\":\"https:\/\/esbozodeportivo.com\/index.php\/2025\/09\/14\/chivas-se-lleva-el-clasico-al-derrotar-2-1-al-america\/#primaryimage\",\"url\":\"https:\/\/esbozodeportivo.com\/wp-content\/uploads\/2025\/09\/Chivas.jpg\",\"contentUrl\":\"https:\/\/esbozodeportivo.com\/wp-content\/uploads\/2025\/09\/Chivas.jpg\",\"width\":770,\"height\":530},{\"@type\":\"BreadcrumbList\",\"@id\":\"https:\/\/esbozodeportivo.com\/index.php\/2025\/09\/14\/chivas-se-lleva-el-clasico-al-derrotar-2-1-al-america\/#breadcrumb\",\"itemListElement\":[{\"@type\":\"ListItem\",\"position\":1,\"name\":\"Inicio\",\"item\":\"https:\/\/esbozodeportivo.com\/\"},{\"@type\":\"ListItem\",\"position\":2,\"name\":\"Chivas se lleva el cl\u00e1sico al derrotar 2-1 al Am\u00e9rica\"}]},{\"@type\":\"WebSite\",\"@id\":\"https:\/\/esbozodeportivo.com\/#website\",\"url\":\"https:\/\/esbozodeportivo.com\/\",\"name\":\"Esbozo Deportivo\",\"description\":\"Lo m\u00e1s importante del Deporte\",\"publisher\":{\"@id\":\"https:\/\/esbozodeportivo.com\/#organization\"},\"potentialAction\":[{\"@type\":\"SearchAction\",\"target\":{\"@type\":\"EntryPoint\",\"urlTemplate\":\"https:\/\/esbozodeportivo.com\/?s={search_term_string}\"},\"query-input\":{\"@type\":\"PropertyValueSpecification\",\"valueRequired\":true,\"valueName\":\"search_term_string\"}}],\"inLanguage\":\"es\"},{\"@type\":\"Organization\",\"@id\":\"https:\/\/esbozodeportivo.com\/#organization\",\"name\":\"Esbozo Deportivo\",\"url\":\"https:\/\/esbozodeportivo.com\/\",\"logo\":{\"@type\":\"ImageObject\",\"inLanguage\":\"es\",\"@id\":\"https:\/\/esbozodeportivo.com\/#\/schema\/logo\/image\/\",\"url\":\"https:\/\/esbozodeportivo.com\/wp-content\/uploads\/2022\/08\/cropped-Logo-Esbozo-Web-2.png\",\"contentUrl\":\"https:\/\/esbozodeportivo.com\/wp-content\/uploads\/2022\/08\/cropped-Logo-Esbozo-Web-2.png\",\"width\":180,\"height\":50,\"caption\":\"Esbozo Deportivo\"},\"image\":{\"@id\":\"https:\/\/esbozodeportivo.com\/#\/schema\/logo\/image\/\"}},{\"@type\":\"Person\",\"@id\":\"https:\/\/esbozodeportivo.com\/#\/schema\/person\/0f6df9196dfe6740dd0bb31bae50d374\",\"name\":\"Redacci\u00f3n\",\"image\":{\"@type\":\"ImageObject\",\"inLanguage\":\"es\",\"@id\":\"https:\/\/esbozodeportivo.com\/#\/schema\/person\/image\/\",\"url\":\"https:\/\/secure.gravatar.com\/avatar\/f55268a89c3b418f2ef172ff52ab0d09b3e653c58de29539fe329fb93d78ebf3?s=96&d=mm&r=g\",\"contentUrl\":\"https:\/\/secure.gravatar.com\/avatar\/f55268a89c3b418f2ef172ff52ab0d09b3e653c58de29539fe329fb93d78ebf3?s=96&d=mm&r=g\",\"caption\":\"Redacci\u00f3n\"},\"url\":\"https:\/\/esbozodeportivo.com\/index.php\/author\/redaccion\/\"}]}<\/script>\n<!-- \/ Yoast SEO plugin. -->","yoast_head_json":{"title":"Chivas se lleva el cl\u00e1sico al derrotar 2-1 al Am\u00e9rica - Esbozo Deportivo","description":"Roberto Alvarado y Armando Gonz\u00e1lez anotaron durante el complemento las dianas con las que Chivas venci\u00f3 el s\u00e1bado 2-1 a Am\u00e9rica en el Cl\u00e1sico nacional, para cortar una racha de cuatro jornadas sin victoria en el torneo Apertura de la Liga MX.","robots":{"index":"index","follow":"follow","max-snippet":"max-snippet:-1","max-image-preview":"max-image-preview:large","max-video-preview":"max-video-preview:-1"},"canonical":"https:\/\/esbozodeportivo.com\/index.php\/2025\/09\/14\/chivas-se-lleva-el-clasico-al-derrotar-2-1-al-america\/","og_locale":"es_MX","og_type":"article","og_title":"Chivas se lleva el cl\u00e1sico al derrotar 2-1 al Am\u00e9rica - Esbozo Deportivo","og_description":"Roberto Alvarado y Armando Gonz\u00e1lez anotaron durante el complemento las dianas con las que Chivas venci\u00f3 el s\u00e1bado 2-1 a Am\u00e9rica en el Cl\u00e1sico nacional, para cortar una racha de cuatro jornadas sin victoria en el torneo Apertura de la Liga MX.","og_url":"https:\/\/esbozodeportivo.com\/index.php\/2025\/09\/14\/chivas-se-lleva-el-clasico-al-derrotar-2-1-al-america\/","og_site_name":"Esbozo Deportivo","article_published_time":"2025-09-15T02:56:39+00:00","article_modified_time":"2025-09-15T02:56:40+00:00","og_image":[{"width":770,"height":530,"url":"https:\/\/esbozodeportivo.com\/wp-content\/uploads\/2025\/09\/Chivas.jpg","type":"image\/jpeg"}],"author":"Redacci\u00f3n","twitter_card":"summary_large_image","twitter_misc":{"Escrito por":"Redacci\u00f3n","Tiempo de lectura":"2 minutos"},"schema":{"@context":"https:\/\/schema.org","@graph":[{"@type":"Article","@id":"https:\/\/esbozodeportivo.com\/index.php\/2025\/09\/14\/chivas-se-lleva-el-clasico-al-derrotar-2-1-al-america\/#article","isPartOf":{"@id":"https:\/\/esbozodeportivo.com\/index.php\/2025\/09\/14\/chivas-se-lleva-el-clasico-al-derrotar-2-1-al-america\/"},"author":{"name":"Redacci\u00f3n","@id":"https:\/\/esbozodeportivo.com\/#\/schema\/person\/0f6df9196dfe6740dd0bb31bae50d374"},"headline":"Chivas se lleva el cl\u00e1sico al derrotar 2-1 al Am\u00e9rica","datePublished":"2025-09-15T02:56:39+00:00","dateModified":"2025-09-15T02:56:40+00:00","mainEntityOfPage":{"@id":"https:\/\/esbozodeportivo.com\/index.php\/2025\/09\/14\/chivas-se-lleva-el-clasico-al-derrotar-2-1-al-america\/"},"wordCount":358,"publisher":{"@id":"https:\/\/esbozodeportivo.com\/#organization"},"image":{"@id":"https:\/\/esbozodeportivo.com\/index.php\/2025\/09\/14\/chivas-se-lleva-el-clasico-al-derrotar-2-1-al-america\/#primaryimage"},"thumbnailUrl":"https:\/\/esbozodeportivo.com\/wp-content\/uploads\/2025\/09\/Chivas.jpg","articleSection":["Liga MX"],"inLanguage":"es"},{"@type":"WebPage","@id":"https:\/\/esbozodeportivo.com\/index.php\/2025\/09\/14\/chivas-se-lleva-el-clasico-al-derrotar-2-1-al-america\/","url":"https:\/\/esbozodeportivo.com\/index.php\/2025\/09\/14\/chivas-se-lleva-el-clasico-al-derrotar-2-1-al-america\/","name":"Chivas se lleva el cl\u00e1sico al derrotar 2-1 al Am\u00e9rica - Esbozo Deportivo","isPartOf":{"@id":"https:\/\/esbozodeportivo.com\/#website"},"primaryImageOfPage":{"@id":"https:\/\/esbozodeportivo.com\/index.php\/2025\/09\/14\/chivas-se-lleva-el-clasico-al-derrotar-2-1-al-america\/#primaryimage"},"image":{"@id":"https:\/\/esbozodeportivo.com\/index.php\/2025\/09\/14\/chivas-se-lleva-el-clasico-al-derrotar-2-1-al-america\/#primaryimage"},"thumbnailUrl":"https:\/\/esbozodeportivo.com\/wp-content\/uploads\/2025\/09\/Chivas.jpg","datePublished":"2025-09-15T02:56:39+00:00","dateModified":"2025-09-15T02:56:40+00:00","description":"Roberto Alvarado y Armando Gonz\u00e1lez anotaron durante el complemento las dianas con las que Chivas venci\u00f3 el s\u00e1bado 2-1 a Am\u00e9rica en el Cl\u00e1sico nacional, para cortar una racha de cuatro jornadas sin victoria en el torneo Apertura de la Liga MX.","breadcrumb":{"@id":"https:\/\/esbozodeportivo.com\/index.php\/2025\/09\/14\/chivas-se-lleva-el-clasico-al-derrotar-2-1-al-america\/#breadcrumb"},"inLanguage":"es","potentialAction":[{"@type":"ReadAction","target":["https:\/\/esbozodeportivo.com\/index.php\/2025\/09\/14\/chivas-se-lleva-el-clasico-al-derrotar-2-1-al-america\/"]}]},{"@type":"ImageObject","inLanguage":"es","@id":"https:\/\/esbozodeportivo.com\/index.php\/2025\/09\/14\/chivas-se-lleva-el-clasico-al-derrotar-2-1-al-america\/#primaryimage","url":"https:\/\/esbozodeportivo.com\/wp-content\/uploads\/2025\/09\/Chivas.jpg","contentUrl":"https:\/\/esbozodeportivo.com\/wp-content\/uploads\/2025\/09\/Chivas.jpg","width":770,"height":530},{"@type":"BreadcrumbList","@id":"https:\/\/esbozodeportivo.com\/index.php\/2025\/09\/14\/chivas-se-lleva-el-clasico-al-derrotar-2-1-al-america\/#breadcrumb","itemListElement":[{"@type":"ListItem","position":1,"name":"Inicio","item":"https:\/\/esbozodeportivo.com\/"},{"@type":"ListItem","position":2,"name":"Chivas se lleva el cl\u00e1sico al derrotar 2-1 al Am\u00e9rica"}]},{"@type":"WebSite","@id":"https:\/\/esbozodeportivo.com\/#website","url":"https:\/\/esbozodeportivo.com\/","name":"Esbozo Deportivo","description":"Lo m\u00e1s importante del Deporte","publisher":{"@id":"https:\/\/esbozodeportivo.com\/#organization"},"potentialAction":[{"@type":"SearchAction","target":{"@type":"EntryPoint","urlTemplate":"https:\/\/esbozodeportivo.com\/?s={search_term_string}"},"query-input":{"@type":"PropertyValueSpecification","valueRequired":true,"valueName":"search_term_string"}}],"inLanguage":"es"},{"@type":"Organization","@id":"https:\/\/esbozodeportivo.com\/#organization","name":"Esbozo Deportivo","url":"https:\/\/esbozodeportivo.com\/","logo":{"@type":"ImageObject","inLanguage":"es","@id":"https:\/\/esbozodeportivo.com\/#\/schema\/logo\/image\/","url":"https:\/\/esbozodeportivo.com\/wp-content\/uploads\/2022\/08\/cropped-Logo-Esbozo-Web-2.png","contentUrl":"https:\/\/esbozodeportivo.com\/wp-content\/uploads\/2022\/08\/cropped-Logo-Esbozo-Web-2.png","width":180,"height":50,"caption":"Esbozo Deportivo"},"image":{"@id":"https:\/\/esbozodeportivo.com\/#\/schema\/logo\/image\/"}},{"@type":"Person","@id":"https:\/\/esbozodeportivo.com\/#\/schema\/person\/0f6df9196dfe6740dd0bb31bae50d374","name":"Redacci\u00f3n","image":{"@type":"ImageObject","inLanguage":"es","@id":"https:\/\/esbozodeportivo.com\/#\/schema\/person\/image\/","url":"https:\/\/secure.gravatar.com\/avatar\/f55268a89c3b418f2ef172ff52ab0d09b3e653c58de29539fe329fb93d78ebf3?s=96&d=mm&r=g","contentUrl":"https:\/\/secure.gravatar.com\/avatar\/f55268a89c3b418f2ef172ff52ab0d09b3e653c58de29539fe329fb93d78ebf3?s=96&d=mm&r=g","caption":"Redacci\u00f3n"},"url":"https:\/\/esbozodeportivo.com\/index.php\/author\/redaccion\/"}]}},"jetpack_featured_media_url":"https:\/\/esbozodeportivo.com\/wp-content\/uploads\/2025\/09\/Chivas.jpg","jetpack_sharing_enabled":true,"_links":{"self":[{"href":"https:\/\/esbozodeportivo.com\/index.php\/wp-json\/wp\/v2\/posts\/9727","targetHints":{"allow":["GET"]}}],"collection":[{"href":"https:\/\/esbozodeportivo.com\/index.php\/wp-json\/wp\/v2\/posts"}],"about":[{"href":"https:\/\/esbozodeportivo.com\/index.php\/wp-json\/wp\/v2\/types\/post"}],"author":[{"embeddable":true,"href":"https:\/\/esbozodeportivo.com\/index.php\/wp-json\/wp\/v2\/users\/4"}],"replies":[{"embeddable":true,"href":"https:\/\/esbozodeportivo.com\/index.php\/wp-json\/wp\/v2\/comments?post=9727"}],"version-history":[{"count":1,"href":"https:\/\/esbozodeportivo.com\/index.php\/wp-json\/wp\/v2\/posts\/9727\/revisions"}],"predecessor-version":[{"id":9728,"href":"https:\/\/esbozodeportivo.com\/index.php\/wp-json\/wp\/v2\/posts\/9727\/revisions\/9728"}],"wp:featuredmedia":[{"embeddable":true,"href":"https:\/\/esbozodeportivo.com\/index.php\/wp-json\/wp\/v2\/media\/9709"}],"wp:attachment":[{"href":"https:\/\/esbozodeportivo.com\/index.php\/wp-json\/wp\/v2\/media?parent=9727"}],"wp:term":[{"taxonomy":"category","embeddable":true,"href":"https:\/\/esbozodeportivo.com\/index.php\/wp-json\/wp\/v2\/categories?post=9727"},{"taxonomy":"post_tag","embeddable":true,"href":"https:\/\/esbozodeportivo.com\/index.php\/wp-json\/wp\/v2\/tags?post=9727"}],"curies":[{"name":"wp","href":"https:\/\/api.w.org\/{rel}","templated":true}]}}