{"id":9729,"date":"2025-09-14T21:03:30","date_gmt":"2025-09-15T03:03:30","guid":{"rendered":"https:\/\/esbozodeportivo.com\/?p=9729"},"modified":"2025-09-14T21:03:31","modified_gmt":"2025-09-15T03:03:31","slug":"canelo-no-pudo-con-terence-crawford","status":"publish","type":"post","link":"https:\/\/esbozodeportivo.com\/index.php\/2025\/09\/14\/canelo-no-pudo-con-terence-crawford\/","title":{"rendered":"\u00a0\u201cCanelo\u201d no pudo con Terence Crawford"},"content":{"rendered":"\n<p>(Foto: Agencias) <\/p>\n\n\n\n<p><strong>Terence Crawford<\/strong> se convirti\u00f3 en el primer boxeador en unificar los t\u00edtulos de tres divisiones diferentes, tras imponerse por decisi\u00f3n un\u00e1nime a <strong>Sa\u00fal \u201cCanelo\u201d<\/strong> <strong>\u00c1lvarez<\/strong> para apoderarse de los cetros de los supermedianos.<\/p>\n\n\n\n<p>Ante una multitud r\u00e9cord de 70.482 espectadores, dos jueces otorgaron a <strong>Crawford<\/strong> (42-0 con 31 nocauts) el triunfo con puntuaciones de 115-113. El tercero dio tambi\u00e9n como ganador a Crawford, por 116-112.<\/p>\n\n\n\n<p>The Associated Press tuvo una anotaci\u00f3n de 118-110, tambi\u00e9n a favor del p\u00fagil de 37 a\u00f1os, originario de Omaha, Nebraska.<\/p>\n\n\n\n<p><strong>Crawford<\/strong>, quien subi\u00f3 dos categor\u00edas de peso, se arrodill\u00f3 incluso antes de que se anunciara la decisi\u00f3n y llor\u00f3 despu\u00e9s de ser declarado ganador.<\/p>\n\n\n\n<p>Se sobrepuso a una multitud que apoy\u00f3 mayoritariamente al <strong>\u201cCanelo\u201d,<\/strong> si bien hubo c\u00e1nticos de <strong>\u201cCrawford\u201d<\/strong> en los \u00faltimos asaltos del combate. Y los numerosos seguidores del mexicano ni siquiera intentaron acallarlos con abucheos.<\/p>\n\n\n\n<p><strong>\u00c1lvarez<\/strong> (63-3-2, 39 nocauts), el campe\u00f3n de 35 a\u00f1os, no sufr\u00eda una derrota desde el 7 de mayo de 2022, cuando <strong>Dimitri Bivol<\/strong> lo dobleg\u00f3 por decisi\u00f3n un\u00e1nime.<\/p>\n\n\n\n<figure class=\"wp-block-image size-full\"><img loading=\"lazy\" decoding=\"async\" width=\"770\" height=\"530\" src=\"https:\/\/esbozodeportivo.com\/wp-content\/uploads\/2025\/09\/Canelo3.jpg\" alt=\"\" class=\"wp-image-9707\" srcset=\"https:\/\/esbozodeportivo.com\/wp-content\/uploads\/2025\/09\/Canelo3.jpg 770w, https:\/\/esbozodeportivo.com\/wp-content\/uploads\/2025\/09\/Canelo3-300x206.jpg 300w, https:\/\/esbozodeportivo.com\/wp-content\/uploads\/2025\/09\/Canelo3-768x529.jpg 768w\" sizes=\"auto, (max-width: 770px) 100vw, 770px\" \/><\/figure>\n\n\n\n<p>(Foto: Agencias) <\/p>\n\n\n\n<p>Esta pelea ya se comparaba con algunas de las m\u00e1s grandes en la rica historia de <strong>Las Vegas<\/strong> mucho antes de que los dos contendientes chocaran los guantes.<\/p>\n\n\n\n<p>El escenario del <strong>Allegiant Stadium<\/strong> en s\u00ed mismo distingui\u00f3 a este combate porque fue el primer enfrentamiento boxistico en este recinto. Nunca estuvo en duda que caer\u00eda en esta noche el r\u00e9cord de asistencia para una pelea en <strong>Las Vegas<\/strong> \u201429.214 espectadores que atestiguaron en 1982 el nocaut propinado en el 13\u00ba asalto del campe\u00f3n de peso pesado <strong>Larry Holmes<\/strong> sobre <strong>Gerry Cooney<\/strong> en un estadio al aire libre especialmente construido para el <strong>Caesars Palace.<\/strong><\/p>\n\n\n\n<p>Tambi\u00e9n super\u00f3 la mayor asistencia para un evento deportivo en el estadio de 5 a\u00f1os de antig\u00fcedad. El r\u00e9cord anterior, de <strong>63.969<\/strong>, se estableci\u00f3 el 1 de septiembre del a\u00f1o pasado cuando <strong>Southern California<\/strong> derrot\u00f3 a LSU 27-20 para abrir la temporada de f\u00fatbol americano universitario.<\/p>\n\n\n\n<p>Hab\u00eda muchas celebridades en las gradas, incluidos los miembros del Sal\u00f3n de la Fama del boxeo, <strong>Mike Tyson, Evander Holyfield, Roy Jones Jr., Thomas Hearns y Julio C\u00e9sar Ch\u00e1vez.<\/strong> Estuvieron tambi\u00e9n ah\u00ed los actores <strong>Sof\u00eda Vergara,<\/strong> <strong>Michael J. Fox y Charlize Theron; los comediantes Dave Chappelle y Tracy Morgan,<\/strong> y la personalidad de ESPN <strong>Stephen A. Smith<\/strong> \u2014quien recibi\u00f3 abucheos.<\/p>\n\n\n\n<figure class=\"wp-block-image size-full\"><img loading=\"lazy\" decoding=\"async\" width=\"770\" height=\"530\" src=\"https:\/\/esbozodeportivo.com\/wp-content\/uploads\/2025\/09\/Canelo3.jpg\" alt=\"\" class=\"wp-image-9707\" srcset=\"https:\/\/esbozodeportivo.com\/wp-content\/uploads\/2025\/09\/Canelo3.jpg 770w, https:\/\/esbozodeportivo.com\/wp-content\/uploads\/2025\/09\/Canelo3-300x206.jpg 300w, https:\/\/esbozodeportivo.com\/wp-content\/uploads\/2025\/09\/Canelo3-768x529.jpg 768w\" sizes=\"auto, (max-width: 770px) 100vw, 770px\" \/><\/figure>\n\n\n\n<p>(Foto: Agencias) <\/p>\n\n\n\n<p>Pero el impacto de esta pelea fue m\u00e1s all\u00e1 de <strong>Las Vegas<\/strong>. Debido a que fue transmitida en Netflix en lugar de pago por ver, los promotores esperaban que la cartelera atrajera cifras de audiencia no vistas desde quiz\u00e1s los a\u00f1os 70, cuando las grandes peleas a menudo se transmit\u00edan en cadenas de televisi\u00f3n.<\/p>\n\n\n\n<p>Esto podr\u00eda ser m\u00e1s la norma en el futuro, a ra\u00edz de que el presidente y director general de UFC, <strong>Dana White<\/strong>, est\u00e1 involucrado en el boxeo. \u00c9sta fue su primera cartelera en colaboraci\u00f3n con la promotora <strong>Riyadh Season<\/strong>.<\/p>\n\n\n\n<p>El mes pasado, la UFC alcanz\u00f3 un acuerdo de siete a\u00f1os con Paramount, eligiendo poner su producto en el servicio de streaming en lugar del modelo de PPV que los deportes de combate han utilizado para sus eventos m\u00e1s importantes.<\/p>\n\n\n\n<p>No hubo mucha acci\u00f3n durante los primeros ocho asaltos, al menos no lo suficiente como para mantener a un aficionado casual de boxeo enganchado en la transmisi\u00f3n. Pero <strong>Crawford <\/strong>fue el m\u00e1s r\u00e1pido, m\u00e1s atl\u00e9tico y mejor boxeador hasta ese punto.<\/p>\n\n\n\n<p>La acci\u00f3n aument\u00f3 significativamente en el noveno. <strong>Crawford<\/strong> fue tras <strong>\u00c1lvarez <\/strong>temprano con varias combinaciones. Su impulso se detuvo cuando <strong>\u00c1lvarez<\/strong> le propin\u00f3 un cabezazo, causando una breve pausa 41 segundos en el round.<\/p>\n\n\n\n<figure class=\"wp-block-image size-full is-resized\"><img loading=\"lazy\" decoding=\"async\" width=\"660\" height=\"495\" src=\"https:\/\/esbozodeportivo.com\/wp-content\/uploads\/2025\/09\/Canelo2.jpg\" alt=\"\" class=\"wp-image-9706\" style=\"width:740px;height:auto\" srcset=\"https:\/\/esbozodeportivo.com\/wp-content\/uploads\/2025\/09\/Canelo2.jpg 660w, https:\/\/esbozodeportivo.com\/wp-content\/uploads\/2025\/09\/Canelo2-300x225.jpg 300w\" sizes=\"auto, (max-width: 660px) 100vw, 660px\" \/><\/figure>\n\n\n\n<p>(Foto: Agencias) <\/p>\n\n\n\n<p><strong>Crawford, sin embargo, fue el luchador superior el resto del camino.<\/strong><\/p>\n\n\n\n<p>En el combate coestelar, el irland\u00e9s <strong>Callum Walsh<\/strong> (15-0, 11 nocauts) derrot\u00f3 f\u00e1cilmente al local <strong>Fernando Vargas Jr<\/strong>. (17-1, 15 nocauts) con puntuaciones de 99-91, 99-91, 100-90. <strong>Vargas<\/strong> padre, miembro del <strong>Sal\u00f3n de la Fama Vargas<\/strong>, fue campe\u00f3n superwelter de la <strong>FIB, la AIB y el CMB<\/strong>.<\/p>\n\n\n\n<p>Adem\u00e1s, el franc\u00e9s <strong>Christian Mbilli<\/strong> (29-0-1, 24 nocauts), monarca interino supermediano del <strong>CMB<\/strong>, retuvo su t\u00edtulo tras un empate con el guatemalteco <strong>Lester Mart\u00ednez<\/strong> (19-0-1, 16 nocauts). <strong>Patricia Morse Jarman<\/strong> dictamin\u00f3 97-93 para Mart\u00ednez, <strong>Chris Migliore<\/strong> dio 96-94 para <strong>Mbilli y Glenn Feldman<\/strong> fall\u00f3 95-95.<\/p>\n\n\n\n<p><\/p>\n","protected":false},"excerpt":{"rendered":"<p>(Foto: Agencias) Terence Crawford se convirti\u00f3 en el primer boxeador en unificar los t\u00edtulos de<\/p>\n","protected":false},"author":4,"featured_media":9704,"comment_status":"closed","ping_status":"open","sticky":false,"template":"","format":"standard","meta":{"_jetpack_memberships_contains_paid_content":false,"footnotes":""},"categories":[15],"tags":[],"class_list":["post-9729","post","type-post","status-publish","format-standard","has-post-thumbnail","hentry","category-golpes"],"yoast_head":"<!-- This site is optimized with the Yoast SEO plugin v25.7 - https:\/\/yoast.com\/wordpress\/plugins\/seo\/ -->\n<title>\u00a0\u201cCanelo\u201d no pudo con Terence Crawford - Esbozo Deportivo<\/title>\n<meta name=\"description\" content=\"Terence Crawford se convirti\u00f3 en el primer boxeador en unificar los t\u00edtulos de tres divisiones diferentes, tras imponerse por decisi\u00f3n un\u00e1nime a Sa\u00fal \u201cCanelo\u201d \u00c1lvarez para apoderarse de los cetros de los supermedianos.\" \/>\n<meta name=\"robots\" content=\"index, follow, max-snippet:-1, max-image-preview:large, max-video-preview:-1\" \/>\n<link rel=\"canonical\" href=\"https:\/\/esbozodeportivo.com\/index.php\/2025\/09\/14\/canelo-no-pudo-con-terence-crawford\/\" \/>\n<meta property=\"og:locale\" content=\"es_MX\" \/>\n<meta property=\"og:type\" content=\"article\" \/>\n<meta property=\"og:title\" content=\"\u00a0\u201cCanelo\u201d no pudo con Terence Crawford - Esbozo Deportivo\" \/>\n<meta property=\"og:description\" content=\"Terence Crawford se convirti\u00f3 en el primer boxeador en unificar los t\u00edtulos de tres divisiones diferentes, tras imponerse por decisi\u00f3n un\u00e1nime a Sa\u00fal \u201cCanelo\u201d \u00c1lvarez para apoderarse de los cetros de los supermedianos.\" \/>\n<meta property=\"og:url\" content=\"https:\/\/esbozodeportivo.com\/index.php\/2025\/09\/14\/canelo-no-pudo-con-terence-crawford\/\" \/>\n<meta property=\"og:site_name\" content=\"Esbozo Deportivo\" \/>\n<meta property=\"article:published_time\" content=\"2025-09-15T03:03:30+00:00\" \/>\n<meta property=\"article:modified_time\" content=\"2025-09-15T03:03:31+00:00\" \/>\n<meta property=\"og:image\" content=\"https:\/\/esbozodeportivo.com\/wp-content\/uploads\/2025\/09\/Canelo-1.jpg\" \/>\n\t<meta property=\"og:image:width\" content=\"980\" \/>\n\t<meta property=\"og:image:height\" content=\"653\" \/>\n\t<meta property=\"og:image:type\" content=\"image\/jpeg\" \/>\n<meta name=\"author\" content=\"Redacci\u00f3n\" \/>\n<meta name=\"twitter:card\" content=\"summary_large_image\" \/>\n<meta name=\"twitter:label1\" content=\"Escrito por\" \/>\n\t<meta name=\"twitter:data1\" content=\"Redacci\u00f3n\" \/>\n\t<meta name=\"twitter:label2\" content=\"Tiempo de lectura\" \/>\n\t<meta name=\"twitter:data2\" content=\"5 minutos\" \/>\n<script type=\"application\/ld+json\" class=\"yoast-schema-graph\">{\"@context\":\"https:\/\/schema.org\",\"@graph\":[{\"@type\":\"Article\",\"@id\":\"https:\/\/esbozodeportivo.com\/index.php\/2025\/09\/14\/canelo-no-pudo-con-terence-crawford\/#article\",\"isPartOf\":{\"@id\":\"https:\/\/esbozodeportivo.com\/index.php\/2025\/09\/14\/canelo-no-pudo-con-terence-crawford\/\"},\"author\":{\"name\":\"Redacci\u00f3n\",\"@id\":\"https:\/\/esbozodeportivo.com\/#\/schema\/person\/0f6df9196dfe6740dd0bb31bae50d374\"},\"headline\":\"\u00a0\u201cCanelo\u201d no pudo con Terence Crawford\",\"datePublished\":\"2025-09-15T03:03:30+00:00\",\"dateModified\":\"2025-09-15T03:03:31+00:00\",\"mainEntityOfPage\":{\"@id\":\"https:\/\/esbozodeportivo.com\/index.php\/2025\/09\/14\/canelo-no-pudo-con-terence-crawford\/\"},\"wordCount\":751,\"publisher\":{\"@id\":\"https:\/\/esbozodeportivo.com\/#organization\"},\"image\":{\"@id\":\"https:\/\/esbozodeportivo.com\/index.php\/2025\/09\/14\/canelo-no-pudo-con-terence-crawford\/#primaryimage\"},\"thumbnailUrl\":\"https:\/\/esbozodeportivo.com\/wp-content\/uploads\/2025\/09\/Canelo-1.jpg\",\"articleSection\":[\"Box Internacional\"],\"inLanguage\":\"es\"},{\"@type\":\"WebPage\",\"@id\":\"https:\/\/esbozodeportivo.com\/index.php\/2025\/09\/14\/canelo-no-pudo-con-terence-crawford\/\",\"url\":\"https:\/\/esbozodeportivo.com\/index.php\/2025\/09\/14\/canelo-no-pudo-con-terence-crawford\/\",\"name\":\"\u00a0\u201cCanelo\u201d no pudo con Terence Crawford - Esbozo Deportivo\",\"isPartOf\":{\"@id\":\"https:\/\/esbozodeportivo.com\/#website\"},\"primaryImageOfPage\":{\"@id\":\"https:\/\/esbozodeportivo.com\/index.php\/2025\/09\/14\/canelo-no-pudo-con-terence-crawford\/#primaryimage\"},\"image\":{\"@id\":\"https:\/\/esbozodeportivo.com\/index.php\/2025\/09\/14\/canelo-no-pudo-con-terence-crawford\/#primaryimage\"},\"thumbnailUrl\":\"https:\/\/esbozodeportivo.com\/wp-content\/uploads\/2025\/09\/Canelo-1.jpg\",\"datePublished\":\"2025-09-15T03:03:30+00:00\",\"dateModified\":\"2025-09-15T03:03:31+00:00\",\"description\":\"Terence Crawford se convirti\u00f3 en el primer boxeador en unificar los t\u00edtulos de tres divisiones diferentes, tras imponerse por decisi\u00f3n un\u00e1nime a Sa\u00fal \u201cCanelo\u201d \u00c1lvarez para apoderarse de los cetros de los supermedianos.\",\"breadcrumb\":{\"@id\":\"https:\/\/esbozodeportivo.com\/index.php\/2025\/09\/14\/canelo-no-pudo-con-terence-crawford\/#breadcrumb\"},\"inLanguage\":\"es\",\"potentialAction\":[{\"@type\":\"ReadAction\",\"target\":[\"https:\/\/esbozodeportivo.com\/index.php\/2025\/09\/14\/canelo-no-pudo-con-terence-crawford\/\"]}]},{\"@type\":\"ImageObject\",\"inLanguage\":\"es\",\"@id\":\"https:\/\/esbozodeportivo.com\/index.php\/2025\/09\/14\/canelo-no-pudo-con-terence-crawford\/#primaryimage\",\"url\":\"https:\/\/esbozodeportivo.com\/wp-content\/uploads\/2025\/09\/Canelo-1.jpg\",\"contentUrl\":\"https:\/\/esbozodeportivo.com\/wp-content\/uploads\/2025\/09\/Canelo-1.jpg\",\"width\":980,\"height\":653},{\"@type\":\"BreadcrumbList\",\"@id\":\"https:\/\/esbozodeportivo.com\/index.php\/2025\/09\/14\/canelo-no-pudo-con-terence-crawford\/#breadcrumb\",\"itemListElement\":[{\"@type\":\"ListItem\",\"position\":1,\"name\":\"Inicio\",\"item\":\"https:\/\/esbozodeportivo.com\/\"},{\"@type\":\"ListItem\",\"position\":2,\"name\":\"\u00a0\u201cCanelo\u201d no pudo con Terence Crawford\"}]},{\"@type\":\"WebSite\",\"@id\":\"https:\/\/esbozodeportivo.com\/#website\",\"url\":\"https:\/\/esbozodeportivo.com\/\",\"name\":\"Esbozo Deportivo\",\"description\":\"Lo m\u00e1s importante del Deporte\",\"publisher\":{\"@id\":\"https:\/\/esbozodeportivo.com\/#organization\"},\"potentialAction\":[{\"@type\":\"SearchAction\",\"target\":{\"@type\":\"EntryPoint\",\"urlTemplate\":\"https:\/\/esbozodeportivo.com\/?s={search_term_string}\"},\"query-input\":{\"@type\":\"PropertyValueSpecification\",\"valueRequired\":true,\"valueName\":\"search_term_string\"}}],\"inLanguage\":\"es\"},{\"@type\":\"Organization\",\"@id\":\"https:\/\/esbozodeportivo.com\/#organization\",\"name\":\"Esbozo Deportivo\",\"url\":\"https:\/\/esbozodeportivo.com\/\",\"logo\":{\"@type\":\"ImageObject\",\"inLanguage\":\"es\",\"@id\":\"https:\/\/esbozodeportivo.com\/#\/schema\/logo\/image\/\",\"url\":\"https:\/\/esbozodeportivo.com\/wp-content\/uploads\/2022\/08\/cropped-Logo-Esbozo-Web-2.png\",\"contentUrl\":\"https:\/\/esbozodeportivo.com\/wp-content\/uploads\/2022\/08\/cropped-Logo-Esbozo-Web-2.png\",\"width\":180,\"height\":50,\"caption\":\"Esbozo Deportivo\"},\"image\":{\"@id\":\"https:\/\/esbozodeportivo.com\/#\/schema\/logo\/image\/\"}},{\"@type\":\"Person\",\"@id\":\"https:\/\/esbozodeportivo.com\/#\/schema\/person\/0f6df9196dfe6740dd0bb31bae50d374\",\"name\":\"Redacci\u00f3n\",\"image\":{\"@type\":\"ImageObject\",\"inLanguage\":\"es\",\"@id\":\"https:\/\/esbozodeportivo.com\/#\/schema\/person\/image\/\",\"url\":\"https:\/\/secure.gravatar.com\/avatar\/f55268a89c3b418f2ef172ff52ab0d09b3e653c58de29539fe329fb93d78ebf3?s=96&d=mm&r=g\",\"contentUrl\":\"https:\/\/secure.gravatar.com\/avatar\/f55268a89c3b418f2ef172ff52ab0d09b3e653c58de29539fe329fb93d78ebf3?s=96&d=mm&r=g\",\"caption\":\"Redacci\u00f3n\"},\"url\":\"https:\/\/esbozodeportivo.com\/index.php\/author\/redaccion\/\"}]}<\/script>\n<!-- \/ Yoast SEO plugin. -->","yoast_head_json":{"title":"\u00a0\u201cCanelo\u201d no pudo con Terence Crawford - Esbozo Deportivo","description":"Terence Crawford se convirti\u00f3 en el primer boxeador en unificar los t\u00edtulos de tres divisiones diferentes, tras imponerse por decisi\u00f3n un\u00e1nime a Sa\u00fal \u201cCanelo\u201d \u00c1lvarez para apoderarse de los cetros de los supermedianos.","robots":{"index":"index","follow":"follow","max-snippet":"max-snippet:-1","max-image-preview":"max-image-preview:large","max-video-preview":"max-video-preview:-1"},"canonical":"https:\/\/esbozodeportivo.com\/index.php\/2025\/09\/14\/canelo-no-pudo-con-terence-crawford\/","og_locale":"es_MX","og_type":"article","og_title":"\u00a0\u201cCanelo\u201d no pudo con Terence Crawford - Esbozo Deportivo","og_description":"Terence Crawford se convirti\u00f3 en el primer boxeador en unificar los t\u00edtulos de tres divisiones diferentes, tras imponerse por decisi\u00f3n un\u00e1nime a Sa\u00fal \u201cCanelo\u201d \u00c1lvarez para apoderarse de los cetros de los supermedianos.","og_url":"https:\/\/esbozodeportivo.com\/index.php\/2025\/09\/14\/canelo-no-pudo-con-terence-crawford\/","og_site_name":"Esbozo Deportivo","article_published_time":"2025-09-15T03:03:30+00:00","article_modified_time":"2025-09-15T03:03:31+00:00","og_image":[{"width":980,"height":653,"url":"https:\/\/esbozodeportivo.com\/wp-content\/uploads\/2025\/09\/Canelo-1.jpg","type":"image\/jpeg"}],"author":"Redacci\u00f3n","twitter_card":"summary_large_image","twitter_misc":{"Escrito por":"Redacci\u00f3n","Tiempo de lectura":"5 minutos"},"schema":{"@context":"https:\/\/schema.org","@graph":[{"@type":"Article","@id":"https:\/\/esbozodeportivo.com\/index.php\/2025\/09\/14\/canelo-no-pudo-con-terence-crawford\/#article","isPartOf":{"@id":"https:\/\/esbozodeportivo.com\/index.php\/2025\/09\/14\/canelo-no-pudo-con-terence-crawford\/"},"author":{"name":"Redacci\u00f3n","@id":"https:\/\/esbozodeportivo.com\/#\/schema\/person\/0f6df9196dfe6740dd0bb31bae50d374"},"headline":"\u00a0\u201cCanelo\u201d no pudo con Terence Crawford","datePublished":"2025-09-15T03:03:30+00:00","dateModified":"2025-09-15T03:03:31+00:00","mainEntityOfPage":{"@id":"https:\/\/esbozodeportivo.com\/index.php\/2025\/09\/14\/canelo-no-pudo-con-terence-crawford\/"},"wordCount":751,"publisher":{"@id":"https:\/\/esbozodeportivo.com\/#organization"},"image":{"@id":"https:\/\/esbozodeportivo.com\/index.php\/2025\/09\/14\/canelo-no-pudo-con-terence-crawford\/#primaryimage"},"thumbnailUrl":"https:\/\/esbozodeportivo.com\/wp-content\/uploads\/2025\/09\/Canelo-1.jpg","articleSection":["Box Internacional"],"inLanguage":"es"},{"@type":"WebPage","@id":"https:\/\/esbozodeportivo.com\/index.php\/2025\/09\/14\/canelo-no-pudo-con-terence-crawford\/","url":"https:\/\/esbozodeportivo.com\/index.php\/2025\/09\/14\/canelo-no-pudo-con-terence-crawford\/","name":"\u00a0\u201cCanelo\u201d no pudo con Terence Crawford - Esbozo Deportivo","isPartOf":{"@id":"https:\/\/esbozodeportivo.com\/#website"},"primaryImageOfPage":{"@id":"https:\/\/esbozodeportivo.com\/index.php\/2025\/09\/14\/canelo-no-pudo-con-terence-crawford\/#primaryimage"},"image":{"@id":"https:\/\/esbozodeportivo.com\/index.php\/2025\/09\/14\/canelo-no-pudo-con-terence-crawford\/#primaryimage"},"thumbnailUrl":"https:\/\/esbozodeportivo.com\/wp-content\/uploads\/2025\/09\/Canelo-1.jpg","datePublished":"2025-09-15T03:03:30+00:00","dateModified":"2025-09-15T03:03:31+00:00","description":"Terence Crawford se convirti\u00f3 en el primer boxeador en unificar los t\u00edtulos de tres divisiones diferentes, tras imponerse por decisi\u00f3n un\u00e1nime a Sa\u00fal \u201cCanelo\u201d \u00c1lvarez para apoderarse de los cetros de los supermedianos.","breadcrumb":{"@id":"https:\/\/esbozodeportivo.com\/index.php\/2025\/09\/14\/canelo-no-pudo-con-terence-crawford\/#breadcrumb"},"inLanguage":"es","potentialAction":[{"@type":"ReadAction","target":["https:\/\/esbozodeportivo.com\/index.php\/2025\/09\/14\/canelo-no-pudo-con-terence-crawford\/"]}]},{"@type":"ImageObject","inLanguage":"es","@id":"https:\/\/esbozodeportivo.com\/index.php\/2025\/09\/14\/canelo-no-pudo-con-terence-crawford\/#primaryimage","url":"https:\/\/esbozodeportivo.com\/wp-content\/uploads\/2025\/09\/Canelo-1.jpg","contentUrl":"https:\/\/esbozodeportivo.com\/wp-content\/uploads\/2025\/09\/Canelo-1.jpg","width":980,"height":653},{"@type":"BreadcrumbList","@id":"https:\/\/esbozodeportivo.com\/index.php\/2025\/09\/14\/canelo-no-pudo-con-terence-crawford\/#breadcrumb","itemListElement":[{"@type":"ListItem","position":1,"name":"Inicio","item":"https:\/\/esbozodeportivo.com\/"},{"@type":"ListItem","position":2,"name":"\u00a0\u201cCanelo\u201d no pudo con Terence Crawford"}]},{"@type":"WebSite","@id":"https:\/\/esbozodeportivo.com\/#website","url":"https:\/\/esbozodeportivo.com\/","name":"Esbozo Deportivo","description":"Lo m\u00e1s importante del Deporte","publisher":{"@id":"https:\/\/esbozodeportivo.com\/#organization"},"potentialAction":[{"@type":"SearchAction","target":{"@type":"EntryPoint","urlTemplate":"https:\/\/esbozodeportivo.com\/?s={search_term_string}"},"query-input":{"@type":"PropertyValueSpecification","valueRequired":true,"valueName":"search_term_string"}}],"inLanguage":"es"},{"@type":"Organization","@id":"https:\/\/esbozodeportivo.com\/#organization","name":"Esbozo Deportivo","url":"https:\/\/esbozodeportivo.com\/","logo":{"@type":"ImageObject","inLanguage":"es","@id":"https:\/\/esbozodeportivo.com\/#\/schema\/logo\/image\/","url":"https:\/\/esbozodeportivo.com\/wp-content\/uploads\/2022\/08\/cropped-Logo-Esbozo-Web-2.png","contentUrl":"https:\/\/esbozodeportivo.com\/wp-content\/uploads\/2022\/08\/cropped-Logo-Esbozo-Web-2.png","width":180,"height":50,"caption":"Esbozo Deportivo"},"image":{"@id":"https:\/\/esbozodeportivo.com\/#\/schema\/logo\/image\/"}},{"@type":"Person","@id":"https:\/\/esbozodeportivo.com\/#\/schema\/person\/0f6df9196dfe6740dd0bb31bae50d374","name":"Redacci\u00f3n","image":{"@type":"ImageObject","inLanguage":"es","@id":"https:\/\/esbozodeportivo.com\/#\/schema\/person\/image\/","url":"https:\/\/secure.gravatar.com\/avatar\/f55268a89c3b418f2ef172ff52ab0d09b3e653c58de29539fe329fb93d78ebf3?s=96&d=mm&r=g","contentUrl":"https:\/\/secure.gravatar.com\/avatar\/f55268a89c3b418f2ef172ff52ab0d09b3e653c58de29539fe329fb93d78ebf3?s=96&d=mm&r=g","caption":"Redacci\u00f3n"},"url":"https:\/\/esbozodeportivo.com\/index.php\/author\/redaccion\/"}]}},"jetpack_featured_media_url":"https:\/\/esbozodeportivo.com\/wp-content\/uploads\/2025\/09\/Canelo-1.jpg","jetpack_sharing_enabled":true,"_links":{"self":[{"href":"https:\/\/esbozodeportivo.com\/index.php\/wp-json\/wp\/v2\/posts\/9729","targetHints":{"allow":["GET"]}}],"collection":[{"href":"https:\/\/esbozodeportivo.com\/index.php\/wp-json\/wp\/v2\/posts"}],"about":[{"href":"https:\/\/esbozodeportivo.com\/index.php\/wp-json\/wp\/v2\/types\/post"}],"author":[{"embeddable":true,"href":"https:\/\/esbozodeportivo.com\/index.php\/wp-json\/wp\/v2\/users\/4"}],"replies":[{"embeddable":true,"href":"https:\/\/esbozodeportivo.com\/index.php\/wp-json\/wp\/v2\/comments?post=9729"}],"version-history":[{"count":1,"href":"https:\/\/esbozodeportivo.com\/index.php\/wp-json\/wp\/v2\/posts\/9729\/revisions"}],"predecessor-version":[{"id":9730,"href":"https:\/\/esbozodeportivo.com\/index.php\/wp-json\/wp\/v2\/posts\/9729\/revisions\/9730"}],"wp:featuredmedia":[{"embeddable":true,"href":"https:\/\/esbozodeportivo.com\/index.php\/wp-json\/wp\/v2\/media\/9704"}],"wp:attachment":[{"href":"https:\/\/esbozodeportivo.com\/index.php\/wp-json\/wp\/v2\/media?parent=9729"}],"wp:term":[{"taxonomy":"category","embeddable":true,"href":"https:\/\/esbozodeportivo.com\/index.php\/wp-json\/wp\/v2\/categories?post=9729"},{"taxonomy":"post_tag","embeddable":true,"href":"https:\/\/esbozodeportivo.com\/index.php\/wp-json\/wp\/v2\/tags?post=9729"}],"curies":[{"name":"wp","href":"https:\/\/api.w.org\/{rel}","templated":true}]}}