{"id":9739,"date":"2025-09-14T21:35:49","date_gmt":"2025-09-15T03:35:49","guid":{"rendered":"https:\/\/esbozodeportivo.com\/?p=9739"},"modified":"2025-09-14T21:35:51","modified_gmt":"2025-09-15T03:35:51","slug":"la-uruguaya-julia-paternain-logra-bronce-en-la-maraton","status":"publish","type":"post","link":"https:\/\/esbozodeportivo.com\/index.php\/2025\/09\/14\/la-uruguaya-julia-paternain-logra-bronce-en-la-maraton\/","title":{"rendered":"La uruguaya Julia Paternain, logra bronce en la marat\u00f3n"},"content":{"rendered":"\n<p>(Foto: Agencias) <\/p>\n\n\n\n<p><strong>Julia Paternain<\/strong> se asombr\u00f3 m\u00e1s que nadie por su tercer lugar en el marat\u00f3n femenino del <strong>Campeonato Mundial de Atletismo<\/strong>, d\u00e1ndole el domingo a <strong>Uruguay<\/strong> su primera medalla en la historia de la competici\u00f3n.<\/p>\n\n\n\n<p>Cuando ingres\u00f3 a la pista del <strong>Estadio Nacional de Tokio<\/strong> y cruz\u00f3 la meta, Paternain reaccion\u00f3 incr\u00e9dula ante el bullicio de los espectadores al entender que hab\u00eda logrado la presea de bronce.<\/p>\n\n\n\n<p>\u201cNo me lo pod\u00eda creer. Estoy en shock\u201d, se\u00f1al\u00f3 <strong>Paternain,<\/strong> quien cumplir\u00e1 26 a\u00f1os el 29 de septiembre. \u201cPensaba que a\u00fan me faltaba <strong>400 metros<\/strong> m\u00e1s. Un oficial me dijo que hab\u00eda terminado\u201d.<\/p>\n\n\n\n<p>\u201cNo estaba prestando atenci\u00f3n a mi tiempo, nada m\u00e1s intentaba correr\u201d, a\u00f1adi\u00f3 tras acabar con un tiempo de <strong>2 horas, 27 minutos y 23 minutos<\/strong>. \u201cSi hubiera sabido (que ten\u00eda la medalla al alcance), quiz\u00e1 me habr\u00eda puesto nerviosa&#8230; pero no lo sab\u00eda, as\u00ed que segu\u00ed adelante\u201d.<\/p>\n\n\n\n<p>La keniana <strong>Peres Jepchirchir<\/strong>, la campeona ol\u00edmpica en 2021, gan\u00f3 la carrera con un registro de <strong>2:24:43<\/strong>. La plata se la llev\u00f3 la et\u00edope <strong>Tigst Assefa<\/strong>, due\u00f1a del r\u00e9cord mundial del marat\u00f3n, con <strong>2:24:45.<\/strong><\/p>\n\n\n\n<p><strong>Paternain<\/strong> naci\u00f3 en <strong>M\u00e9xico,<\/strong> pero de padres uruguayos, creci\u00f3 en el <strong>Reino Unido<\/strong> (representando la bandera brit\u00e1nica en un campeonato europeo Sub23 en 2019 y luego se mud\u00f3 a <strong>Estados Unidos<\/strong>.<\/p>\n\n\n\n<p>Fue hasta este a\u00f1o que recibi\u00f3 el permiso de World Athletics para competir por Uruguay tras la intervenci\u00f3n de las autoridades deportivas del pa\u00eds sudamericano.<\/p>\n\n\n\n<p>\u201cTengo tres pasaportes y una tarjeta de residencia\u201d, dijo <strong>Paternain.<\/strong> \u201cNac\u00ed en <strong>M\u00e9xico<\/strong>, toda mi familia es uruguaya y crec\u00ed en Inglaterra desde los dos a\u00f1os\u201d.<\/p>\n\n\n\n<p>Su \u00e9xito mundialista sorprende m\u00e1s por lograrlo en su segundo marat\u00f3n. Era la n\u00famero 288 del ranking mundial previo a la carrera.<\/p>\n\n\n\n<p>\u201cHacia el final, pens\u00e9 mucho en correr por <strong>Uruguay<\/strong>. Me encanta competir por <strong>Uruguay<\/strong>\u201d, indic\u00f3. \u201cToda mi familia es de all\u00ed. Crec\u00ed en <strong>Inglaterra <\/strong>y vivo en <strong>Estados Unidos<\/strong>&#8230; \u201cEs un pa\u00eds peque\u00f1o, pero hay mucho orgullo\u201d.<\/p>\n\n\n\n<p>Se identific\u00f3 como hincha de <strong>El Nacional<\/strong>, el popular club de f\u00fatbol de la capital Montevideo, pero confes\u00f3 no tener agrado del t\u00e9 de hierbas que es la bebida tradicional del pa\u00eds: \u201cLo \u00fanico es que el mate no me cae bien\u201d.<\/p>\n\n\n\n<p><\/p>\n","protected":false},"excerpt":{"rendered":"<p>(Foto: Agencias) Julia Paternain se asombr\u00f3 m\u00e1s que nadie por su tercer lugar en el<\/p>\n","protected":false},"author":4,"featured_media":9703,"comment_status":"closed","ping_status":"open","sticky":false,"template":"","format":"standard","meta":{"_jetpack_memberships_contains_paid_content":false,"footnotes":""},"categories":[107],"tags":[],"class_list":["post-9739","post","type-post","status-publish","format-standard","has-post-thumbnail","hentry","category-mundial-de-atletismo"],"yoast_head":"<!-- This site is optimized with the Yoast SEO plugin v25.7 - https:\/\/yoast.com\/wordpress\/plugins\/seo\/ -->\n<title>La uruguaya Julia Paternain, logra bronce en la marat\u00f3n - Esbozo Deportivo<\/title>\n<meta name=\"description\" content=\"Julia Paternain se asombr\u00f3 m\u00e1s que nadie por su tercer lugar en el marat\u00f3n femenino del Campeonato Mundial de Atletismo, d\u00e1ndole el domingo a Uruguay su primera medalla en la historia de la competici\u00f3n.\" \/>\n<meta name=\"robots\" content=\"index, follow, max-snippet:-1, max-image-preview:large, max-video-preview:-1\" \/>\n<link rel=\"canonical\" href=\"https:\/\/esbozodeportivo.com\/index.php\/2025\/09\/14\/la-uruguaya-julia-paternain-logra-bronce-en-la-maraton\/\" \/>\n<meta property=\"og:locale\" content=\"es_MX\" \/>\n<meta property=\"og:type\" content=\"article\" \/>\n<meta property=\"og:title\" content=\"La uruguaya Julia Paternain, logra bronce en la marat\u00f3n - Esbozo Deportivo\" \/>\n<meta property=\"og:description\" content=\"Julia Paternain se asombr\u00f3 m\u00e1s que nadie por su tercer lugar en el marat\u00f3n femenino del Campeonato Mundial de Atletismo, d\u00e1ndole el domingo a Uruguay su primera medalla en la historia de la competici\u00f3n.\" \/>\n<meta property=\"og:url\" content=\"https:\/\/esbozodeportivo.com\/index.php\/2025\/09\/14\/la-uruguaya-julia-paternain-logra-bronce-en-la-maraton\/\" \/>\n<meta property=\"og:site_name\" content=\"Esbozo Deportivo\" \/>\n<meta property=\"article:published_time\" content=\"2025-09-15T03:35:49+00:00\" \/>\n<meta property=\"article:modified_time\" content=\"2025-09-15T03:35:51+00:00\" \/>\n<meta property=\"og:image\" content=\"https:\/\/esbozodeportivo.com\/wp-content\/uploads\/2025\/09\/Atletismo5.jpg\" \/>\n\t<meta property=\"og:image:width\" content=\"1440\" \/>\n\t<meta property=\"og:image:height\" content=\"960\" \/>\n\t<meta property=\"og:image:type\" content=\"image\/jpeg\" \/>\n<meta name=\"author\" content=\"Redacci\u00f3n\" \/>\n<meta name=\"twitter:card\" content=\"summary_large_image\" \/>\n<meta name=\"twitter:label1\" content=\"Escrito por\" \/>\n\t<meta name=\"twitter:data1\" content=\"Redacci\u00f3n\" \/>\n\t<meta name=\"twitter:label2\" content=\"Tiempo de lectura\" \/>\n\t<meta name=\"twitter:data2\" content=\"2 minutos\" \/>\n<script type=\"application\/ld+json\" class=\"yoast-schema-graph\">{\"@context\":\"https:\/\/schema.org\",\"@graph\":[{\"@type\":\"Article\",\"@id\":\"https:\/\/esbozodeportivo.com\/index.php\/2025\/09\/14\/la-uruguaya-julia-paternain-logra-bronce-en-la-maraton\/#article\",\"isPartOf\":{\"@id\":\"https:\/\/esbozodeportivo.com\/index.php\/2025\/09\/14\/la-uruguaya-julia-paternain-logra-bronce-en-la-maraton\/\"},\"author\":{\"name\":\"Redacci\u00f3n\",\"@id\":\"https:\/\/esbozodeportivo.com\/#\/schema\/person\/0f6df9196dfe6740dd0bb31bae50d374\"},\"headline\":\"La uruguaya Julia Paternain, logra bronce en la marat\u00f3n\",\"datePublished\":\"2025-09-15T03:35:49+00:00\",\"dateModified\":\"2025-09-15T03:35:51+00:00\",\"mainEntityOfPage\":{\"@id\":\"https:\/\/esbozodeportivo.com\/index.php\/2025\/09\/14\/la-uruguaya-julia-paternain-logra-bronce-en-la-maraton\/\"},\"wordCount\":401,\"publisher\":{\"@id\":\"https:\/\/esbozodeportivo.com\/#organization\"},\"image\":{\"@id\":\"https:\/\/esbozodeportivo.com\/index.php\/2025\/09\/14\/la-uruguaya-julia-paternain-logra-bronce-en-la-maraton\/#primaryimage\"},\"thumbnailUrl\":\"https:\/\/esbozodeportivo.com\/wp-content\/uploads\/2025\/09\/Atletismo5.jpg\",\"articleSection\":[\"Mundial de Atletismo\"],\"inLanguage\":\"es\"},{\"@type\":\"WebPage\",\"@id\":\"https:\/\/esbozodeportivo.com\/index.php\/2025\/09\/14\/la-uruguaya-julia-paternain-logra-bronce-en-la-maraton\/\",\"url\":\"https:\/\/esbozodeportivo.com\/index.php\/2025\/09\/14\/la-uruguaya-julia-paternain-logra-bronce-en-la-maraton\/\",\"name\":\"La uruguaya Julia Paternain, logra bronce en la marat\u00f3n - Esbozo Deportivo\",\"isPartOf\":{\"@id\":\"https:\/\/esbozodeportivo.com\/#website\"},\"primaryImageOfPage\":{\"@id\":\"https:\/\/esbozodeportivo.com\/index.php\/2025\/09\/14\/la-uruguaya-julia-paternain-logra-bronce-en-la-maraton\/#primaryimage\"},\"image\":{\"@id\":\"https:\/\/esbozodeportivo.com\/index.php\/2025\/09\/14\/la-uruguaya-julia-paternain-logra-bronce-en-la-maraton\/#primaryimage\"},\"thumbnailUrl\":\"https:\/\/esbozodeportivo.com\/wp-content\/uploads\/2025\/09\/Atletismo5.jpg\",\"datePublished\":\"2025-09-15T03:35:49+00:00\",\"dateModified\":\"2025-09-15T03:35:51+00:00\",\"description\":\"Julia Paternain se asombr\u00f3 m\u00e1s que nadie por su tercer lugar en el marat\u00f3n femenino del Campeonato Mundial de Atletismo, d\u00e1ndole el domingo a Uruguay su primera medalla en la historia de la competici\u00f3n.\",\"breadcrumb\":{\"@id\":\"https:\/\/esbozodeportivo.com\/index.php\/2025\/09\/14\/la-uruguaya-julia-paternain-logra-bronce-en-la-maraton\/#breadcrumb\"},\"inLanguage\":\"es\",\"potentialAction\":[{\"@type\":\"ReadAction\",\"target\":[\"https:\/\/esbozodeportivo.com\/index.php\/2025\/09\/14\/la-uruguaya-julia-paternain-logra-bronce-en-la-maraton\/\"]}]},{\"@type\":\"ImageObject\",\"inLanguage\":\"es\",\"@id\":\"https:\/\/esbozodeportivo.com\/index.php\/2025\/09\/14\/la-uruguaya-julia-paternain-logra-bronce-en-la-maraton\/#primaryimage\",\"url\":\"https:\/\/esbozodeportivo.com\/wp-content\/uploads\/2025\/09\/Atletismo5.jpg\",\"contentUrl\":\"https:\/\/esbozodeportivo.com\/wp-content\/uploads\/2025\/09\/Atletismo5.jpg\",\"width\":1440,\"height\":960},{\"@type\":\"BreadcrumbList\",\"@id\":\"https:\/\/esbozodeportivo.com\/index.php\/2025\/09\/14\/la-uruguaya-julia-paternain-logra-bronce-en-la-maraton\/#breadcrumb\",\"itemListElement\":[{\"@type\":\"ListItem\",\"position\":1,\"name\":\"Inicio\",\"item\":\"https:\/\/esbozodeportivo.com\/\"},{\"@type\":\"ListItem\",\"position\":2,\"name\":\"La uruguaya Julia Paternain, logra bronce en la marat\u00f3n\"}]},{\"@type\":\"WebSite\",\"@id\":\"https:\/\/esbozodeportivo.com\/#website\",\"url\":\"https:\/\/esbozodeportivo.com\/\",\"name\":\"Esbozo Deportivo\",\"description\":\"Lo m\u00e1s importante del Deporte\",\"publisher\":{\"@id\":\"https:\/\/esbozodeportivo.com\/#organization\"},\"potentialAction\":[{\"@type\":\"SearchAction\",\"target\":{\"@type\":\"EntryPoint\",\"urlTemplate\":\"https:\/\/esbozodeportivo.com\/?s={search_term_string}\"},\"query-input\":{\"@type\":\"PropertyValueSpecification\",\"valueRequired\":true,\"valueName\":\"search_term_string\"}}],\"inLanguage\":\"es\"},{\"@type\":\"Organization\",\"@id\":\"https:\/\/esbozodeportivo.com\/#organization\",\"name\":\"Esbozo Deportivo\",\"url\":\"https:\/\/esbozodeportivo.com\/\",\"logo\":{\"@type\":\"ImageObject\",\"inLanguage\":\"es\",\"@id\":\"https:\/\/esbozodeportivo.com\/#\/schema\/logo\/image\/\",\"url\":\"https:\/\/esbozodeportivo.com\/wp-content\/uploads\/2022\/08\/cropped-Logo-Esbozo-Web-2.png\",\"contentUrl\":\"https:\/\/esbozodeportivo.com\/wp-content\/uploads\/2022\/08\/cropped-Logo-Esbozo-Web-2.png\",\"width\":180,\"height\":50,\"caption\":\"Esbozo Deportivo\"},\"image\":{\"@id\":\"https:\/\/esbozodeportivo.com\/#\/schema\/logo\/image\/\"}},{\"@type\":\"Person\",\"@id\":\"https:\/\/esbozodeportivo.com\/#\/schema\/person\/0f6df9196dfe6740dd0bb31bae50d374\",\"name\":\"Redacci\u00f3n\",\"image\":{\"@type\":\"ImageObject\",\"inLanguage\":\"es\",\"@id\":\"https:\/\/esbozodeportivo.com\/#\/schema\/person\/image\/\",\"url\":\"https:\/\/secure.gravatar.com\/avatar\/f55268a89c3b418f2ef172ff52ab0d09b3e653c58de29539fe329fb93d78ebf3?s=96&d=mm&r=g\",\"contentUrl\":\"https:\/\/secure.gravatar.com\/avatar\/f55268a89c3b418f2ef172ff52ab0d09b3e653c58de29539fe329fb93d78ebf3?s=96&d=mm&r=g\",\"caption\":\"Redacci\u00f3n\"},\"url\":\"https:\/\/esbozodeportivo.com\/index.php\/author\/redaccion\/\"}]}<\/script>\n<!-- \/ Yoast SEO plugin. -->","yoast_head_json":{"title":"La uruguaya Julia Paternain, logra bronce en la marat\u00f3n - Esbozo Deportivo","description":"Julia Paternain se asombr\u00f3 m\u00e1s que nadie por su tercer lugar en el marat\u00f3n femenino del Campeonato Mundial de Atletismo, d\u00e1ndole el domingo a Uruguay su primera medalla en la historia de la competici\u00f3n.","robots":{"index":"index","follow":"follow","max-snippet":"max-snippet:-1","max-image-preview":"max-image-preview:large","max-video-preview":"max-video-preview:-1"},"canonical":"https:\/\/esbozodeportivo.com\/index.php\/2025\/09\/14\/la-uruguaya-julia-paternain-logra-bronce-en-la-maraton\/","og_locale":"es_MX","og_type":"article","og_title":"La uruguaya Julia Paternain, logra bronce en la marat\u00f3n - Esbozo Deportivo","og_description":"Julia Paternain se asombr\u00f3 m\u00e1s que nadie por su tercer lugar en el marat\u00f3n femenino del Campeonato Mundial de Atletismo, d\u00e1ndole el domingo a Uruguay su primera medalla en la historia de la competici\u00f3n.","og_url":"https:\/\/esbozodeportivo.com\/index.php\/2025\/09\/14\/la-uruguaya-julia-paternain-logra-bronce-en-la-maraton\/","og_site_name":"Esbozo Deportivo","article_published_time":"2025-09-15T03:35:49+00:00","article_modified_time":"2025-09-15T03:35:51+00:00","og_image":[{"width":1440,"height":960,"url":"https:\/\/esbozodeportivo.com\/wp-content\/uploads\/2025\/09\/Atletismo5.jpg","type":"image\/jpeg"}],"author":"Redacci\u00f3n","twitter_card":"summary_large_image","twitter_misc":{"Escrito por":"Redacci\u00f3n","Tiempo de lectura":"2 minutos"},"schema":{"@context":"https:\/\/schema.org","@graph":[{"@type":"Article","@id":"https:\/\/esbozodeportivo.com\/index.php\/2025\/09\/14\/la-uruguaya-julia-paternain-logra-bronce-en-la-maraton\/#article","isPartOf":{"@id":"https:\/\/esbozodeportivo.com\/index.php\/2025\/09\/14\/la-uruguaya-julia-paternain-logra-bronce-en-la-maraton\/"},"author":{"name":"Redacci\u00f3n","@id":"https:\/\/esbozodeportivo.com\/#\/schema\/person\/0f6df9196dfe6740dd0bb31bae50d374"},"headline":"La uruguaya Julia Paternain, logra bronce en la marat\u00f3n","datePublished":"2025-09-15T03:35:49+00:00","dateModified":"2025-09-15T03:35:51+00:00","mainEntityOfPage":{"@id":"https:\/\/esbozodeportivo.com\/index.php\/2025\/09\/14\/la-uruguaya-julia-paternain-logra-bronce-en-la-maraton\/"},"wordCount":401,"publisher":{"@id":"https:\/\/esbozodeportivo.com\/#organization"},"image":{"@id":"https:\/\/esbozodeportivo.com\/index.php\/2025\/09\/14\/la-uruguaya-julia-paternain-logra-bronce-en-la-maraton\/#primaryimage"},"thumbnailUrl":"https:\/\/esbozodeportivo.com\/wp-content\/uploads\/2025\/09\/Atletismo5.jpg","articleSection":["Mundial de Atletismo"],"inLanguage":"es"},{"@type":"WebPage","@id":"https:\/\/esbozodeportivo.com\/index.php\/2025\/09\/14\/la-uruguaya-julia-paternain-logra-bronce-en-la-maraton\/","url":"https:\/\/esbozodeportivo.com\/index.php\/2025\/09\/14\/la-uruguaya-julia-paternain-logra-bronce-en-la-maraton\/","name":"La uruguaya Julia Paternain, logra bronce en la marat\u00f3n - Esbozo Deportivo","isPartOf":{"@id":"https:\/\/esbozodeportivo.com\/#website"},"primaryImageOfPage":{"@id":"https:\/\/esbozodeportivo.com\/index.php\/2025\/09\/14\/la-uruguaya-julia-paternain-logra-bronce-en-la-maraton\/#primaryimage"},"image":{"@id":"https:\/\/esbozodeportivo.com\/index.php\/2025\/09\/14\/la-uruguaya-julia-paternain-logra-bronce-en-la-maraton\/#primaryimage"},"thumbnailUrl":"https:\/\/esbozodeportivo.com\/wp-content\/uploads\/2025\/09\/Atletismo5.jpg","datePublished":"2025-09-15T03:35:49+00:00","dateModified":"2025-09-15T03:35:51+00:00","description":"Julia Paternain se asombr\u00f3 m\u00e1s que nadie por su tercer lugar en el marat\u00f3n femenino del Campeonato Mundial de Atletismo, d\u00e1ndole el domingo a Uruguay su primera medalla en la historia de la competici\u00f3n.","breadcrumb":{"@id":"https:\/\/esbozodeportivo.com\/index.php\/2025\/09\/14\/la-uruguaya-julia-paternain-logra-bronce-en-la-maraton\/#breadcrumb"},"inLanguage":"es","potentialAction":[{"@type":"ReadAction","target":["https:\/\/esbozodeportivo.com\/index.php\/2025\/09\/14\/la-uruguaya-julia-paternain-logra-bronce-en-la-maraton\/"]}]},{"@type":"ImageObject","inLanguage":"es","@id":"https:\/\/esbozodeportivo.com\/index.php\/2025\/09\/14\/la-uruguaya-julia-paternain-logra-bronce-en-la-maraton\/#primaryimage","url":"https:\/\/esbozodeportivo.com\/wp-content\/uploads\/2025\/09\/Atletismo5.jpg","contentUrl":"https:\/\/esbozodeportivo.com\/wp-content\/uploads\/2025\/09\/Atletismo5.jpg","width":1440,"height":960},{"@type":"BreadcrumbList","@id":"https:\/\/esbozodeportivo.com\/index.php\/2025\/09\/14\/la-uruguaya-julia-paternain-logra-bronce-en-la-maraton\/#breadcrumb","itemListElement":[{"@type":"ListItem","position":1,"name":"Inicio","item":"https:\/\/esbozodeportivo.com\/"},{"@type":"ListItem","position":2,"name":"La uruguaya Julia Paternain, logra bronce en la marat\u00f3n"}]},{"@type":"WebSite","@id":"https:\/\/esbozodeportivo.com\/#website","url":"https:\/\/esbozodeportivo.com\/","name":"Esbozo Deportivo","description":"Lo m\u00e1s importante del Deporte","publisher":{"@id":"https:\/\/esbozodeportivo.com\/#organization"},"potentialAction":[{"@type":"SearchAction","target":{"@type":"EntryPoint","urlTemplate":"https:\/\/esbozodeportivo.com\/?s={search_term_string}"},"query-input":{"@type":"PropertyValueSpecification","valueRequired":true,"valueName":"search_term_string"}}],"inLanguage":"es"},{"@type":"Organization","@id":"https:\/\/esbozodeportivo.com\/#organization","name":"Esbozo Deportivo","url":"https:\/\/esbozodeportivo.com\/","logo":{"@type":"ImageObject","inLanguage":"es","@id":"https:\/\/esbozodeportivo.com\/#\/schema\/logo\/image\/","url":"https:\/\/esbozodeportivo.com\/wp-content\/uploads\/2022\/08\/cropped-Logo-Esbozo-Web-2.png","contentUrl":"https:\/\/esbozodeportivo.com\/wp-content\/uploads\/2022\/08\/cropped-Logo-Esbozo-Web-2.png","width":180,"height":50,"caption":"Esbozo Deportivo"},"image":{"@id":"https:\/\/esbozodeportivo.com\/#\/schema\/logo\/image\/"}},{"@type":"Person","@id":"https:\/\/esbozodeportivo.com\/#\/schema\/person\/0f6df9196dfe6740dd0bb31bae50d374","name":"Redacci\u00f3n","image":{"@type":"ImageObject","inLanguage":"es","@id":"https:\/\/esbozodeportivo.com\/#\/schema\/person\/image\/","url":"https:\/\/secure.gravatar.com\/avatar\/f55268a89c3b418f2ef172ff52ab0d09b3e653c58de29539fe329fb93d78ebf3?s=96&d=mm&r=g","contentUrl":"https:\/\/secure.gravatar.com\/avatar\/f55268a89c3b418f2ef172ff52ab0d09b3e653c58de29539fe329fb93d78ebf3?s=96&d=mm&r=g","caption":"Redacci\u00f3n"},"url":"https:\/\/esbozodeportivo.com\/index.php\/author\/redaccion\/"}]}},"jetpack_featured_media_url":"https:\/\/esbozodeportivo.com\/wp-content\/uploads\/2025\/09\/Atletismo5.jpg","jetpack_sharing_enabled":true,"_links":{"self":[{"href":"https:\/\/esbozodeportivo.com\/index.php\/wp-json\/wp\/v2\/posts\/9739","targetHints":{"allow":["GET"]}}],"collection":[{"href":"https:\/\/esbozodeportivo.com\/index.php\/wp-json\/wp\/v2\/posts"}],"about":[{"href":"https:\/\/esbozodeportivo.com\/index.php\/wp-json\/wp\/v2\/types\/post"}],"author":[{"embeddable":true,"href":"https:\/\/esbozodeportivo.com\/index.php\/wp-json\/wp\/v2\/users\/4"}],"replies":[{"embeddable":true,"href":"https:\/\/esbozodeportivo.com\/index.php\/wp-json\/wp\/v2\/comments?post=9739"}],"version-history":[{"count":1,"href":"https:\/\/esbozodeportivo.com\/index.php\/wp-json\/wp\/v2\/posts\/9739\/revisions"}],"predecessor-version":[{"id":9740,"href":"https:\/\/esbozodeportivo.com\/index.php\/wp-json\/wp\/v2\/posts\/9739\/revisions\/9740"}],"wp:featuredmedia":[{"embeddable":true,"href":"https:\/\/esbozodeportivo.com\/index.php\/wp-json\/wp\/v2\/media\/9703"}],"wp:attachment":[{"href":"https:\/\/esbozodeportivo.com\/index.php\/wp-json\/wp\/v2\/media?parent=9739"}],"wp:term":[{"taxonomy":"category","embeddable":true,"href":"https:\/\/esbozodeportivo.com\/index.php\/wp-json\/wp\/v2\/categories?post=9739"},{"taxonomy":"post_tag","embeddable":true,"href":"https:\/\/esbozodeportivo.com\/index.php\/wp-json\/wp\/v2\/tags?post=9739"}],"curies":[{"name":"wp","href":"https:\/\/api.w.org\/{rel}","templated":true}]}}