{"id":9757,"date":"2025-09-15T21:20:10","date_gmt":"2025-09-16T03:20:10","guid":{"rendered":"https:\/\/esbozodeportivo.com\/?p=9757"},"modified":"2025-09-15T21:20:11","modified_gmt":"2025-09-16T03:20:11","slug":"burrow-se-perdera-3-meses-por-lesion","status":"publish","type":"post","link":"https:\/\/esbozodeportivo.com\/index.php\/2025\/09\/15\/burrow-se-perdera-3-meses-por-lesion\/","title":{"rendered":"Burrow se perder\u00e1 3 meses por lesi\u00f3n"},"content":{"rendered":"\n<p>(Foto: Agencias) <\/p>\n\n\n\n<p><strong>Joe Burrow<\/strong> se someter\u00e1 a una cirug\u00eda en el dedo del pie izquierdo y se espera que el quarterback de los <strong>Bengals de Cincinnati<\/strong> se pierda tres meses, inform\u00f3 el lunes una persona con conocimiento de la situaci\u00f3n.<\/p>\n\n\n\n<p>La persona habl\u00f3 con The Associated Press bajo condici\u00f3n de anonimato porque no se espera que los <strong>Bengals<\/strong> hagan un anuncio hasta la conferencia de prensa del entrenador en jefe <strong>Zac Taylor<\/strong> m\u00e1s tarde el lunes.<\/p>\n\n\n\n<p>Se trata de la tercera lesi\u00f3n importante de <strong>Burrow<\/strong> en sus seis temporadas desde que fue la primera selecci\u00f3n general en el draft de 2020 y constituye un duro golpe para <strong>Cincinnati<\/strong>, que ha comenzado con un r\u00e9cord de 2-0 por primera vez desde 2018. Los <strong>Bengals<\/strong> cifras aspiraciones de postemporada despu\u00e9s de perderse los playoffs las dos \u00faltimas campa\u00f1as.<\/p>\n\n\n\n<p><strong>Burrow <\/strong>sali\u00f3 del vestuario de los <strong>Bengals<\/strong> con muletas y usando una bota en el pie izquierdo despu\u00e9s de lesionarse el dedo del pie durante el segundo cuarto de la victoria de Cincinnati por 31-27 sobre los <strong>Jaguars de Jacksonville<\/strong> el domingo.<\/p>\n\n\n\n<p><strong>Burrow<\/strong> fue capturado por <strong>Arik Armstead,<\/strong> tackle defensivo de los <strong>Jaguars<\/strong>, para una p\u00e9rdida de cinco yardas en la l\u00ednea de 35 yardas de los <strong>Bengals <\/strong>con 9:02 restantes en la primera mitad. Fue la segunda vez que <strong>Burrow<\/strong> fue capturado en el juego.<\/p>\n\n\n\n<p><strong>Burrow<\/strong> entr\u00f3 en la carpa m\u00e9dica a un costado del emparrillado. Sali\u00f3 y camin\u00f3 brevemente con una cojera antes de dirigirse al vestuario.<\/p>\n\n\n\n<p>\u201cEs dif\u00edcil ahora mismo. Vamos a estar bien. Es un tipo fuerte\u201d, dijo el receptor <strong>Tee Higgins.<\/strong> \u201cEsperamos ver cu\u00e1les son los resultados\u201d.<\/p>\n\n\n\n<p>La lesi\u00f3n de <strong>Burrow<\/strong> llega en un momento inoportuno para los <strong>Bengals<\/strong>, que jugar\u00e1n en <strong>Minnesota<\/strong> la pr\u00f3xima semana para comenzar una serie de cinco oponentes consecutivos que avanzaron a los playoffs el a\u00f1o pasado.<\/p>\n\n\n\n<p><strong>Jake Browning<\/strong> ser\u00e1 el titular en ausencia de <strong>Burrow.<\/strong> Complet\u00f3 21 de 32 pases para 241 yardas con dos touchdowns y tres intercepciones.<\/p>\n\n\n\n<p><strong>Browning<\/strong> tambi\u00e9n anot\u00f3 el touchdown de la ventaja con 18 segundos restantes en un salto de uno yarda.<\/p>\n\n\n\n<p>\u201cLo que me dijo fue: \u2018Buen trabajo\u2019. Estaba lidiando con la lesi\u00f3n, as\u00ed que fue breve\u201d, dijo <strong>Browning <\/strong>sobre su conversaci\u00f3n posterior al juego con <strong>Burrow.<\/strong><\/p>\n\n\n\n<p><strong>Browning<\/strong> ha disputado 13 partidos para <strong>Cincinnati<\/strong> y tuvo marca de 4-3 como titular hace dos a\u00f1os cuando <strong>Burrow<\/strong> caus\u00f3 baja.<\/p>\n\n\n\n<p>\u201cSe que no fue mi mejor juego, pero ganamos, as\u00ed que los domingos son felices\u201d, dijo <strong>Browning<\/strong>. \u201cPero el lunes, entraremos y mejoraremos\u201d.<\/p>\n\n\n\n<p><strong>Burrow<\/strong> lider\u00f3 la liga la temporada pasada con <strong>4.918 yardas<\/strong> por pase y 43 pases de touchdown. Una lesi\u00f3n de rodilla en su temporada de novato en 2020 le cost\u00f3 seis juegos, y una lesi\u00f3n de mu\u00f1eca en 2023 lo dej\u00f3 fuera de los \u00faltimos siete encuentros.<\/p>\n\n\n\n<p><\/p>\n","protected":false},"excerpt":{"rendered":"<p>(Foto: Agencias) Joe Burrow se someter\u00e1 a una cirug\u00eda en el dedo del pie izquierdo<\/p>\n","protected":false},"author":4,"featured_media":9750,"comment_status":"closed","ping_status":"open","sticky":false,"template":"","format":"standard","meta":{"_jetpack_memberships_contains_paid_content":false,"footnotes":""},"categories":[6],"tags":[],"class_list":["post-9757","post","type-post","status-publish","format-standard","has-post-thumbnail","hentry","category-nfl"],"yoast_head":"<!-- This site is optimized with the Yoast SEO plugin v25.7 - https:\/\/yoast.com\/wordpress\/plugins\/seo\/ -->\n<title>Burrow se perder\u00e1 3 meses por lesi\u00f3n - Esbozo Deportivo<\/title>\n<meta name=\"description\" content=\"Joe Burrow se someter\u00e1 a una cirug\u00eda en el dedo del pie izquierdo y se espera que el quarterback de los Bengals de Cincinnati se pierda tres meses, inform\u00f3 el lunes una persona con conocimiento de la situaci\u00f3n.\" \/>\n<meta name=\"robots\" content=\"index, follow, max-snippet:-1, max-image-preview:large, max-video-preview:-1\" \/>\n<link rel=\"canonical\" href=\"https:\/\/esbozodeportivo.com\/index.php\/2025\/09\/15\/burrow-se-perdera-3-meses-por-lesion\/\" \/>\n<meta property=\"og:locale\" content=\"es_MX\" \/>\n<meta property=\"og:type\" content=\"article\" \/>\n<meta property=\"og:title\" content=\"Burrow se perder\u00e1 3 meses por lesi\u00f3n - Esbozo Deportivo\" \/>\n<meta property=\"og:description\" content=\"Joe Burrow se someter\u00e1 a una cirug\u00eda en el dedo del pie izquierdo y se espera que el quarterback de los Bengals de Cincinnati se pierda tres meses, inform\u00f3 el lunes una persona con conocimiento de la situaci\u00f3n.\" \/>\n<meta property=\"og:url\" content=\"https:\/\/esbozodeportivo.com\/index.php\/2025\/09\/15\/burrow-se-perdera-3-meses-por-lesion\/\" \/>\n<meta property=\"og:site_name\" content=\"Esbozo Deportivo\" \/>\n<meta property=\"article:published_time\" content=\"2025-09-16T03:20:10+00:00\" \/>\n<meta property=\"article:modified_time\" content=\"2025-09-16T03:20:11+00:00\" \/>\n<meta property=\"og:image\" content=\"https:\/\/esbozodeportivo.com\/wp-content\/uploads\/2025\/09\/Americano1-3.jpg\" \/>\n\t<meta property=\"og:image:width\" content=\"980\" \/>\n\t<meta property=\"og:image:height\" content=\"653\" \/>\n\t<meta property=\"og:image:type\" content=\"image\/jpeg\" \/>\n<meta name=\"author\" content=\"Redacci\u00f3n\" \/>\n<meta name=\"twitter:card\" content=\"summary_large_image\" \/>\n<meta name=\"twitter:label1\" content=\"Escrito por\" \/>\n\t<meta name=\"twitter:data1\" content=\"Redacci\u00f3n\" \/>\n\t<meta name=\"twitter:label2\" content=\"Tiempo de lectura\" \/>\n\t<meta name=\"twitter:data2\" content=\"3 minutos\" \/>\n<script type=\"application\/ld+json\" class=\"yoast-schema-graph\">{\"@context\":\"https:\/\/schema.org\",\"@graph\":[{\"@type\":\"Article\",\"@id\":\"https:\/\/esbozodeportivo.com\/index.php\/2025\/09\/15\/burrow-se-perdera-3-meses-por-lesion\/#article\",\"isPartOf\":{\"@id\":\"https:\/\/esbozodeportivo.com\/index.php\/2025\/09\/15\/burrow-se-perdera-3-meses-por-lesion\/\"},\"author\":{\"name\":\"Redacci\u00f3n\",\"@id\":\"https:\/\/esbozodeportivo.com\/#\/schema\/person\/0f6df9196dfe6740dd0bb31bae50d374\"},\"headline\":\"Burrow se perder\u00e1 3 meses por lesi\u00f3n\",\"datePublished\":\"2025-09-16T03:20:10+00:00\",\"dateModified\":\"2025-09-16T03:20:11+00:00\",\"mainEntityOfPage\":{\"@id\":\"https:\/\/esbozodeportivo.com\/index.php\/2025\/09\/15\/burrow-se-perdera-3-meses-por-lesion\/\"},\"wordCount\":481,\"publisher\":{\"@id\":\"https:\/\/esbozodeportivo.com\/#organization\"},\"image\":{\"@id\":\"https:\/\/esbozodeportivo.com\/index.php\/2025\/09\/15\/burrow-se-perdera-3-meses-por-lesion\/#primaryimage\"},\"thumbnailUrl\":\"https:\/\/esbozodeportivo.com\/wp-content\/uploads\/2025\/09\/Americano1-3.jpg\",\"articleSection\":[\"NFL\"],\"inLanguage\":\"es\"},{\"@type\":\"WebPage\",\"@id\":\"https:\/\/esbozodeportivo.com\/index.php\/2025\/09\/15\/burrow-se-perdera-3-meses-por-lesion\/\",\"url\":\"https:\/\/esbozodeportivo.com\/index.php\/2025\/09\/15\/burrow-se-perdera-3-meses-por-lesion\/\",\"name\":\"Burrow se perder\u00e1 3 meses por lesi\u00f3n - Esbozo Deportivo\",\"isPartOf\":{\"@id\":\"https:\/\/esbozodeportivo.com\/#website\"},\"primaryImageOfPage\":{\"@id\":\"https:\/\/esbozodeportivo.com\/index.php\/2025\/09\/15\/burrow-se-perdera-3-meses-por-lesion\/#primaryimage\"},\"image\":{\"@id\":\"https:\/\/esbozodeportivo.com\/index.php\/2025\/09\/15\/burrow-se-perdera-3-meses-por-lesion\/#primaryimage\"},\"thumbnailUrl\":\"https:\/\/esbozodeportivo.com\/wp-content\/uploads\/2025\/09\/Americano1-3.jpg\",\"datePublished\":\"2025-09-16T03:20:10+00:00\",\"dateModified\":\"2025-09-16T03:20:11+00:00\",\"description\":\"Joe Burrow se someter\u00e1 a una cirug\u00eda en el dedo del pie izquierdo y se espera que el quarterback de los Bengals de Cincinnati se pierda tres meses, inform\u00f3 el lunes una persona con conocimiento de la situaci\u00f3n.\",\"breadcrumb\":{\"@id\":\"https:\/\/esbozodeportivo.com\/index.php\/2025\/09\/15\/burrow-se-perdera-3-meses-por-lesion\/#breadcrumb\"},\"inLanguage\":\"es\",\"potentialAction\":[{\"@type\":\"ReadAction\",\"target\":[\"https:\/\/esbozodeportivo.com\/index.php\/2025\/09\/15\/burrow-se-perdera-3-meses-por-lesion\/\"]}]},{\"@type\":\"ImageObject\",\"inLanguage\":\"es\",\"@id\":\"https:\/\/esbozodeportivo.com\/index.php\/2025\/09\/15\/burrow-se-perdera-3-meses-por-lesion\/#primaryimage\",\"url\":\"https:\/\/esbozodeportivo.com\/wp-content\/uploads\/2025\/09\/Americano1-3.jpg\",\"contentUrl\":\"https:\/\/esbozodeportivo.com\/wp-content\/uploads\/2025\/09\/Americano1-3.jpg\",\"width\":980,\"height\":653},{\"@type\":\"BreadcrumbList\",\"@id\":\"https:\/\/esbozodeportivo.com\/index.php\/2025\/09\/15\/burrow-se-perdera-3-meses-por-lesion\/#breadcrumb\",\"itemListElement\":[{\"@type\":\"ListItem\",\"position\":1,\"name\":\"Inicio\",\"item\":\"https:\/\/esbozodeportivo.com\/\"},{\"@type\":\"ListItem\",\"position\":2,\"name\":\"Burrow se perder\u00e1 3 meses por lesi\u00f3n\"}]},{\"@type\":\"WebSite\",\"@id\":\"https:\/\/esbozodeportivo.com\/#website\",\"url\":\"https:\/\/esbozodeportivo.com\/\",\"name\":\"Esbozo Deportivo\",\"description\":\"Lo m\u00e1s importante del Deporte\",\"publisher\":{\"@id\":\"https:\/\/esbozodeportivo.com\/#organization\"},\"potentialAction\":[{\"@type\":\"SearchAction\",\"target\":{\"@type\":\"EntryPoint\",\"urlTemplate\":\"https:\/\/esbozodeportivo.com\/?s={search_term_string}\"},\"query-input\":{\"@type\":\"PropertyValueSpecification\",\"valueRequired\":true,\"valueName\":\"search_term_string\"}}],\"inLanguage\":\"es\"},{\"@type\":\"Organization\",\"@id\":\"https:\/\/esbozodeportivo.com\/#organization\",\"name\":\"Esbozo Deportivo\",\"url\":\"https:\/\/esbozodeportivo.com\/\",\"logo\":{\"@type\":\"ImageObject\",\"inLanguage\":\"es\",\"@id\":\"https:\/\/esbozodeportivo.com\/#\/schema\/logo\/image\/\",\"url\":\"https:\/\/esbozodeportivo.com\/wp-content\/uploads\/2022\/08\/cropped-Logo-Esbozo-Web-2.png\",\"contentUrl\":\"https:\/\/esbozodeportivo.com\/wp-content\/uploads\/2022\/08\/cropped-Logo-Esbozo-Web-2.png\",\"width\":180,\"height\":50,\"caption\":\"Esbozo Deportivo\"},\"image\":{\"@id\":\"https:\/\/esbozodeportivo.com\/#\/schema\/logo\/image\/\"}},{\"@type\":\"Person\",\"@id\":\"https:\/\/esbozodeportivo.com\/#\/schema\/person\/0f6df9196dfe6740dd0bb31bae50d374\",\"name\":\"Redacci\u00f3n\",\"image\":{\"@type\":\"ImageObject\",\"inLanguage\":\"es\",\"@id\":\"https:\/\/esbozodeportivo.com\/#\/schema\/person\/image\/\",\"url\":\"https:\/\/secure.gravatar.com\/avatar\/f55268a89c3b418f2ef172ff52ab0d09b3e653c58de29539fe329fb93d78ebf3?s=96&d=mm&r=g\",\"contentUrl\":\"https:\/\/secure.gravatar.com\/avatar\/f55268a89c3b418f2ef172ff52ab0d09b3e653c58de29539fe329fb93d78ebf3?s=96&d=mm&r=g\",\"caption\":\"Redacci\u00f3n\"},\"url\":\"https:\/\/esbozodeportivo.com\/index.php\/author\/redaccion\/\"}]}<\/script>\n<!-- \/ Yoast SEO plugin. -->","yoast_head_json":{"title":"Burrow se perder\u00e1 3 meses por lesi\u00f3n - Esbozo Deportivo","description":"Joe Burrow se someter\u00e1 a una cirug\u00eda en el dedo del pie izquierdo y se espera que el quarterback de los Bengals de Cincinnati se pierda tres meses, inform\u00f3 el lunes una persona con conocimiento de la situaci\u00f3n.","robots":{"index":"index","follow":"follow","max-snippet":"max-snippet:-1","max-image-preview":"max-image-preview:large","max-video-preview":"max-video-preview:-1"},"canonical":"https:\/\/esbozodeportivo.com\/index.php\/2025\/09\/15\/burrow-se-perdera-3-meses-por-lesion\/","og_locale":"es_MX","og_type":"article","og_title":"Burrow se perder\u00e1 3 meses por lesi\u00f3n - Esbozo Deportivo","og_description":"Joe Burrow se someter\u00e1 a una cirug\u00eda en el dedo del pie izquierdo y se espera que el quarterback de los Bengals de Cincinnati se pierda tres meses, inform\u00f3 el lunes una persona con conocimiento de la situaci\u00f3n.","og_url":"https:\/\/esbozodeportivo.com\/index.php\/2025\/09\/15\/burrow-se-perdera-3-meses-por-lesion\/","og_site_name":"Esbozo Deportivo","article_published_time":"2025-09-16T03:20:10+00:00","article_modified_time":"2025-09-16T03:20:11+00:00","og_image":[{"width":980,"height":653,"url":"https:\/\/esbozodeportivo.com\/wp-content\/uploads\/2025\/09\/Americano1-3.jpg","type":"image\/jpeg"}],"author":"Redacci\u00f3n","twitter_card":"summary_large_image","twitter_misc":{"Escrito por":"Redacci\u00f3n","Tiempo de lectura":"3 minutos"},"schema":{"@context":"https:\/\/schema.org","@graph":[{"@type":"Article","@id":"https:\/\/esbozodeportivo.com\/index.php\/2025\/09\/15\/burrow-se-perdera-3-meses-por-lesion\/#article","isPartOf":{"@id":"https:\/\/esbozodeportivo.com\/index.php\/2025\/09\/15\/burrow-se-perdera-3-meses-por-lesion\/"},"author":{"name":"Redacci\u00f3n","@id":"https:\/\/esbozodeportivo.com\/#\/schema\/person\/0f6df9196dfe6740dd0bb31bae50d374"},"headline":"Burrow se perder\u00e1 3 meses por lesi\u00f3n","datePublished":"2025-09-16T03:20:10+00:00","dateModified":"2025-09-16T03:20:11+00:00","mainEntityOfPage":{"@id":"https:\/\/esbozodeportivo.com\/index.php\/2025\/09\/15\/burrow-se-perdera-3-meses-por-lesion\/"},"wordCount":481,"publisher":{"@id":"https:\/\/esbozodeportivo.com\/#organization"},"image":{"@id":"https:\/\/esbozodeportivo.com\/index.php\/2025\/09\/15\/burrow-se-perdera-3-meses-por-lesion\/#primaryimage"},"thumbnailUrl":"https:\/\/esbozodeportivo.com\/wp-content\/uploads\/2025\/09\/Americano1-3.jpg","articleSection":["NFL"],"inLanguage":"es"},{"@type":"WebPage","@id":"https:\/\/esbozodeportivo.com\/index.php\/2025\/09\/15\/burrow-se-perdera-3-meses-por-lesion\/","url":"https:\/\/esbozodeportivo.com\/index.php\/2025\/09\/15\/burrow-se-perdera-3-meses-por-lesion\/","name":"Burrow se perder\u00e1 3 meses por lesi\u00f3n - Esbozo Deportivo","isPartOf":{"@id":"https:\/\/esbozodeportivo.com\/#website"},"primaryImageOfPage":{"@id":"https:\/\/esbozodeportivo.com\/index.php\/2025\/09\/15\/burrow-se-perdera-3-meses-por-lesion\/#primaryimage"},"image":{"@id":"https:\/\/esbozodeportivo.com\/index.php\/2025\/09\/15\/burrow-se-perdera-3-meses-por-lesion\/#primaryimage"},"thumbnailUrl":"https:\/\/esbozodeportivo.com\/wp-content\/uploads\/2025\/09\/Americano1-3.jpg","datePublished":"2025-09-16T03:20:10+00:00","dateModified":"2025-09-16T03:20:11+00:00","description":"Joe Burrow se someter\u00e1 a una cirug\u00eda en el dedo del pie izquierdo y se espera que el quarterback de los Bengals de Cincinnati se pierda tres meses, inform\u00f3 el lunes una persona con conocimiento de la situaci\u00f3n.","breadcrumb":{"@id":"https:\/\/esbozodeportivo.com\/index.php\/2025\/09\/15\/burrow-se-perdera-3-meses-por-lesion\/#breadcrumb"},"inLanguage":"es","potentialAction":[{"@type":"ReadAction","target":["https:\/\/esbozodeportivo.com\/index.php\/2025\/09\/15\/burrow-se-perdera-3-meses-por-lesion\/"]}]},{"@type":"ImageObject","inLanguage":"es","@id":"https:\/\/esbozodeportivo.com\/index.php\/2025\/09\/15\/burrow-se-perdera-3-meses-por-lesion\/#primaryimage","url":"https:\/\/esbozodeportivo.com\/wp-content\/uploads\/2025\/09\/Americano1-3.jpg","contentUrl":"https:\/\/esbozodeportivo.com\/wp-content\/uploads\/2025\/09\/Americano1-3.jpg","width":980,"height":653},{"@type":"BreadcrumbList","@id":"https:\/\/esbozodeportivo.com\/index.php\/2025\/09\/15\/burrow-se-perdera-3-meses-por-lesion\/#breadcrumb","itemListElement":[{"@type":"ListItem","position":1,"name":"Inicio","item":"https:\/\/esbozodeportivo.com\/"},{"@type":"ListItem","position":2,"name":"Burrow se perder\u00e1 3 meses por lesi\u00f3n"}]},{"@type":"WebSite","@id":"https:\/\/esbozodeportivo.com\/#website","url":"https:\/\/esbozodeportivo.com\/","name":"Esbozo Deportivo","description":"Lo m\u00e1s importante del Deporte","publisher":{"@id":"https:\/\/esbozodeportivo.com\/#organization"},"potentialAction":[{"@type":"SearchAction","target":{"@type":"EntryPoint","urlTemplate":"https:\/\/esbozodeportivo.com\/?s={search_term_string}"},"query-input":{"@type":"PropertyValueSpecification","valueRequired":true,"valueName":"search_term_string"}}],"inLanguage":"es"},{"@type":"Organization","@id":"https:\/\/esbozodeportivo.com\/#organization","name":"Esbozo Deportivo","url":"https:\/\/esbozodeportivo.com\/","logo":{"@type":"ImageObject","inLanguage":"es","@id":"https:\/\/esbozodeportivo.com\/#\/schema\/logo\/image\/","url":"https:\/\/esbozodeportivo.com\/wp-content\/uploads\/2022\/08\/cropped-Logo-Esbozo-Web-2.png","contentUrl":"https:\/\/esbozodeportivo.com\/wp-content\/uploads\/2022\/08\/cropped-Logo-Esbozo-Web-2.png","width":180,"height":50,"caption":"Esbozo Deportivo"},"image":{"@id":"https:\/\/esbozodeportivo.com\/#\/schema\/logo\/image\/"}},{"@type":"Person","@id":"https:\/\/esbozodeportivo.com\/#\/schema\/person\/0f6df9196dfe6740dd0bb31bae50d374","name":"Redacci\u00f3n","image":{"@type":"ImageObject","inLanguage":"es","@id":"https:\/\/esbozodeportivo.com\/#\/schema\/person\/image\/","url":"https:\/\/secure.gravatar.com\/avatar\/f55268a89c3b418f2ef172ff52ab0d09b3e653c58de29539fe329fb93d78ebf3?s=96&d=mm&r=g","contentUrl":"https:\/\/secure.gravatar.com\/avatar\/f55268a89c3b418f2ef172ff52ab0d09b3e653c58de29539fe329fb93d78ebf3?s=96&d=mm&r=g","caption":"Redacci\u00f3n"},"url":"https:\/\/esbozodeportivo.com\/index.php\/author\/redaccion\/"}]}},"jetpack_featured_media_url":"https:\/\/esbozodeportivo.com\/wp-content\/uploads\/2025\/09\/Americano1-3.jpg","jetpack_sharing_enabled":true,"_links":{"self":[{"href":"https:\/\/esbozodeportivo.com\/index.php\/wp-json\/wp\/v2\/posts\/9757","targetHints":{"allow":["GET"]}}],"collection":[{"href":"https:\/\/esbozodeportivo.com\/index.php\/wp-json\/wp\/v2\/posts"}],"about":[{"href":"https:\/\/esbozodeportivo.com\/index.php\/wp-json\/wp\/v2\/types\/post"}],"author":[{"embeddable":true,"href":"https:\/\/esbozodeportivo.com\/index.php\/wp-json\/wp\/v2\/users\/4"}],"replies":[{"embeddable":true,"href":"https:\/\/esbozodeportivo.com\/index.php\/wp-json\/wp\/v2\/comments?post=9757"}],"version-history":[{"count":1,"href":"https:\/\/esbozodeportivo.com\/index.php\/wp-json\/wp\/v2\/posts\/9757\/revisions"}],"predecessor-version":[{"id":9758,"href":"https:\/\/esbozodeportivo.com\/index.php\/wp-json\/wp\/v2\/posts\/9757\/revisions\/9758"}],"wp:featuredmedia":[{"embeddable":true,"href":"https:\/\/esbozodeportivo.com\/index.php\/wp-json\/wp\/v2\/media\/9750"}],"wp:attachment":[{"href":"https:\/\/esbozodeportivo.com\/index.php\/wp-json\/wp\/v2\/media?parent=9757"}],"wp:term":[{"taxonomy":"category","embeddable":true,"href":"https:\/\/esbozodeportivo.com\/index.php\/wp-json\/wp\/v2\/categories?post=9757"},{"taxonomy":"post_tag","embeddable":true,"href":"https:\/\/esbozodeportivo.com\/index.php\/wp-json\/wp\/v2\/tags?post=9757"}],"curies":[{"name":"wp","href":"https:\/\/api.w.org\/{rel}","templated":true}]}}