{"id":9775,"date":"2025-09-16T23:10:50","date_gmt":"2025-09-17T05:10:50","guid":{"rendered":"https:\/\/esbozodeportivo.com\/?p=9775"},"modified":"2025-09-16T23:10:51","modified_gmt":"2025-09-17T05:10:51","slug":"yulimar-rojas-tras-lesion-reaparece-con-nuevo-look","status":"publish","type":"post","link":"https:\/\/esbozodeportivo.com\/index.php\/2025\/09\/16\/yulimar-rojas-tras-lesion-reaparece-con-nuevo-look\/","title":{"rendered":"Yulimar Rojas, tras lesi\u00f3n reaparece con nuevo \u201clook\u201d"},"content":{"rendered":"\n<p>(Foto: Agencias) <\/p>\n\n\n\n<p>La intensidad estaba intacta, al igual que su burbujeante sonrisa. Lo diferente en el retorno de <strong>Yulimar Rojas<\/strong> a las grandes citas del atletismo fue su nuevo \u2018look\u2019.<\/p>\n\n\n\n<p>Con unas largas trenzas en su pelo, la estrella venezolana de 29 a\u00f1os avanz\u00f3 la noche del martes sin sobresaltos a la final del salto triple del Mundial de atletismo tras su ausencia debido a la grave lesi\u00f3n del tend\u00f3n de Aquiles que sufri\u00f3 en abril de 2024 y que le impidi\u00f3 realizar su defensa de la medalla ol\u00edmpica de oro en los <strong>Juegos de Par\u00eds <\/strong>de ese a\u00f1o.<\/p>\n\n\n\n<p>Al abrir su campa\u00f1a por un quinto campeonato mundial consecutivo, <strong>Rojas<\/strong> nada m\u00e1s requiri\u00f3 un salto de 14,49 metros para acceder a la final \u2014 se requer\u00eda una marca m\u00ednima de 14,35 \u2014. Tras fijarse en la marca que hab\u00eda logrado, <strong>Rojas<\/strong> hizo un baile y sopl\u00f3 besos hacia el p\u00fablico en el Estadio Nacional de <strong>Tokio.<\/strong><\/p>\n\n\n\n<p>\u201cHa pasado mucho tiempo\u201d, dijo <strong>Rojas<\/strong>, cuya \u00faltima competencia de gran envergadura fue el <strong>Mundial de Budapest 2023<\/strong>. \u201c\u00a1Aqu\u00ed estoy de vuelta!\u201d<\/p>\n\n\n\n<p>Tambi\u00e9n evoc\u00f3 su experiencia ol\u00edmpica de 2021 al competir en el mismo escenario de <strong>Tokio<\/strong>, en unos Juegos retrasados que se disputaron sin espectadores debido a los protocolos sanitarios contra la pandemia de COVID-19.<\/p>\n\n\n\n<p><strong>Rojas<\/strong> se convirti\u00f3 en la primera mujer de <strong>Venezuela <\/strong>en colgarse un oro ol\u00edmpico al batir el r\u00e9cord mundial con su salto de 15,67 metros en el \u00faltimo de los seis intentos.<\/p>\n\n\n\n<p>\u201cEs maravilloso volver a este estadio. Volver a hacer lo que me apasiona, lo que me hace feliz, es a\u00fan mejor\u201d, se\u00f1al\u00f3 <strong>Rojas<\/strong>, quien ir\u00e1 por su quinto t\u00edtulo mundial el pr\u00f3ximo jueves.<\/p>\n\n\n\n<p>\u201cEstaba extra\u00f1ando la adrenalina de competir, ver a la gente que viene a ver y disfrutar del atletismo. Me encanta hacer vibrar al p\u00fablico con cada salto\u201d, a\u00f1adi\u00f3. \u201cMe encanta competir y sentirme llena de alegr\u00eda al hacerlo. Estoy feliz de volver a mi nivel y representar a mi pa\u00eds\u201d.<\/p>\n\n\n\n<p><\/p>\n","protected":false},"excerpt":{"rendered":"<p>(Foto: Agencias) La intensidad estaba intacta, al igual que su burbujeante sonrisa. Lo diferente en<\/p>\n","protected":false},"author":4,"featured_media":9762,"comment_status":"closed","ping_status":"open","sticky":false,"template":"","format":"standard","meta":{"_jetpack_memberships_contains_paid_content":false,"footnotes":""},"categories":[107],"tags":[],"class_list":["post-9775","post","type-post","status-publish","format-standard","has-post-thumbnail","hentry","category-mundial-de-atletismo"],"yoast_head":"<!-- This site is optimized with the Yoast SEO plugin v25.7 - https:\/\/yoast.com\/wordpress\/plugins\/seo\/ -->\n<title>Yulimar Rojas, tras lesi\u00f3n reaparece con nuevo \u201clook\u201d - Esbozo Deportivo<\/title>\n<meta name=\"description\" content=\"La intensidad estaba intacta, al igual que su burbujeante sonrisa. Lo diferente en el retorno de Yulimar Rojas a las grandes citas del atletismo fue su nuevo \u2018look\u2019.\" \/>\n<meta name=\"robots\" content=\"index, follow, max-snippet:-1, max-image-preview:large, max-video-preview:-1\" \/>\n<link rel=\"canonical\" href=\"https:\/\/esbozodeportivo.com\/index.php\/2025\/09\/16\/yulimar-rojas-tras-lesion-reaparece-con-nuevo-look\/\" \/>\n<meta property=\"og:locale\" content=\"es_MX\" \/>\n<meta property=\"og:type\" content=\"article\" \/>\n<meta property=\"og:title\" content=\"Yulimar Rojas, tras lesi\u00f3n reaparece con nuevo \u201clook\u201d - Esbozo Deportivo\" \/>\n<meta property=\"og:description\" content=\"La intensidad estaba intacta, al igual que su burbujeante sonrisa. Lo diferente en el retorno de Yulimar Rojas a las grandes citas del atletismo fue su nuevo \u2018look\u2019.\" \/>\n<meta property=\"og:url\" content=\"https:\/\/esbozodeportivo.com\/index.php\/2025\/09\/16\/yulimar-rojas-tras-lesion-reaparece-con-nuevo-look\/\" \/>\n<meta property=\"og:site_name\" content=\"Esbozo Deportivo\" \/>\n<meta property=\"article:published_time\" content=\"2025-09-17T05:10:50+00:00\" \/>\n<meta property=\"article:modified_time\" content=\"2025-09-17T05:10:51+00:00\" \/>\n<meta property=\"og:image\" content=\"https:\/\/esbozodeportivo.com\/wp-content\/uploads\/2025\/09\/Atletismo-3.jpg\" \/>\n\t<meta property=\"og:image:width\" content=\"980\" \/>\n\t<meta property=\"og:image:height\" content=\"653\" \/>\n\t<meta property=\"og:image:type\" content=\"image\/jpeg\" \/>\n<meta name=\"author\" content=\"Redacci\u00f3n\" \/>\n<meta name=\"twitter:card\" content=\"summary_large_image\" \/>\n<meta name=\"twitter:label1\" content=\"Escrito por\" \/>\n\t<meta name=\"twitter:data1\" content=\"Redacci\u00f3n\" \/>\n\t<meta name=\"twitter:label2\" content=\"Tiempo de lectura\" \/>\n\t<meta name=\"twitter:data2\" content=\"2 minutos\" \/>\n<script type=\"application\/ld+json\" class=\"yoast-schema-graph\">{\"@context\":\"https:\/\/schema.org\",\"@graph\":[{\"@type\":\"Article\",\"@id\":\"https:\/\/esbozodeportivo.com\/index.php\/2025\/09\/16\/yulimar-rojas-tras-lesion-reaparece-con-nuevo-look\/#article\",\"isPartOf\":{\"@id\":\"https:\/\/esbozodeportivo.com\/index.php\/2025\/09\/16\/yulimar-rojas-tras-lesion-reaparece-con-nuevo-look\/\"},\"author\":{\"name\":\"Redacci\u00f3n\",\"@id\":\"https:\/\/esbozodeportivo.com\/#\/schema\/person\/0f6df9196dfe6740dd0bb31bae50d374\"},\"headline\":\"Yulimar Rojas, tras lesi\u00f3n reaparece con nuevo \u201clook\u201d\",\"datePublished\":\"2025-09-17T05:10:50+00:00\",\"dateModified\":\"2025-09-17T05:10:51+00:00\",\"mainEntityOfPage\":{\"@id\":\"https:\/\/esbozodeportivo.com\/index.php\/2025\/09\/16\/yulimar-rojas-tras-lesion-reaparece-con-nuevo-look\/\"},\"wordCount\":352,\"publisher\":{\"@id\":\"https:\/\/esbozodeportivo.com\/#organization\"},\"image\":{\"@id\":\"https:\/\/esbozodeportivo.com\/index.php\/2025\/09\/16\/yulimar-rojas-tras-lesion-reaparece-con-nuevo-look\/#primaryimage\"},\"thumbnailUrl\":\"https:\/\/esbozodeportivo.com\/wp-content\/uploads\/2025\/09\/Atletismo-3.jpg\",\"articleSection\":[\"Mundial de Atletismo\"],\"inLanguage\":\"es\"},{\"@type\":\"WebPage\",\"@id\":\"https:\/\/esbozodeportivo.com\/index.php\/2025\/09\/16\/yulimar-rojas-tras-lesion-reaparece-con-nuevo-look\/\",\"url\":\"https:\/\/esbozodeportivo.com\/index.php\/2025\/09\/16\/yulimar-rojas-tras-lesion-reaparece-con-nuevo-look\/\",\"name\":\"Yulimar Rojas, tras lesi\u00f3n reaparece con nuevo \u201clook\u201d - Esbozo Deportivo\",\"isPartOf\":{\"@id\":\"https:\/\/esbozodeportivo.com\/#website\"},\"primaryImageOfPage\":{\"@id\":\"https:\/\/esbozodeportivo.com\/index.php\/2025\/09\/16\/yulimar-rojas-tras-lesion-reaparece-con-nuevo-look\/#primaryimage\"},\"image\":{\"@id\":\"https:\/\/esbozodeportivo.com\/index.php\/2025\/09\/16\/yulimar-rojas-tras-lesion-reaparece-con-nuevo-look\/#primaryimage\"},\"thumbnailUrl\":\"https:\/\/esbozodeportivo.com\/wp-content\/uploads\/2025\/09\/Atletismo-3.jpg\",\"datePublished\":\"2025-09-17T05:10:50+00:00\",\"dateModified\":\"2025-09-17T05:10:51+00:00\",\"description\":\"La intensidad estaba intacta, al igual que su burbujeante sonrisa. Lo diferente en el retorno de Yulimar Rojas a las grandes citas del atletismo fue su nuevo \u2018look\u2019.\",\"breadcrumb\":{\"@id\":\"https:\/\/esbozodeportivo.com\/index.php\/2025\/09\/16\/yulimar-rojas-tras-lesion-reaparece-con-nuevo-look\/#breadcrumb\"},\"inLanguage\":\"es\",\"potentialAction\":[{\"@type\":\"ReadAction\",\"target\":[\"https:\/\/esbozodeportivo.com\/index.php\/2025\/09\/16\/yulimar-rojas-tras-lesion-reaparece-con-nuevo-look\/\"]}]},{\"@type\":\"ImageObject\",\"inLanguage\":\"es\",\"@id\":\"https:\/\/esbozodeportivo.com\/index.php\/2025\/09\/16\/yulimar-rojas-tras-lesion-reaparece-con-nuevo-look\/#primaryimage\",\"url\":\"https:\/\/esbozodeportivo.com\/wp-content\/uploads\/2025\/09\/Atletismo-3.jpg\",\"contentUrl\":\"https:\/\/esbozodeportivo.com\/wp-content\/uploads\/2025\/09\/Atletismo-3.jpg\",\"width\":980,\"height\":653},{\"@type\":\"BreadcrumbList\",\"@id\":\"https:\/\/esbozodeportivo.com\/index.php\/2025\/09\/16\/yulimar-rojas-tras-lesion-reaparece-con-nuevo-look\/#breadcrumb\",\"itemListElement\":[{\"@type\":\"ListItem\",\"position\":1,\"name\":\"Inicio\",\"item\":\"https:\/\/esbozodeportivo.com\/\"},{\"@type\":\"ListItem\",\"position\":2,\"name\":\"Yulimar Rojas, tras lesi\u00f3n reaparece con nuevo \u201clook\u201d\"}]},{\"@type\":\"WebSite\",\"@id\":\"https:\/\/esbozodeportivo.com\/#website\",\"url\":\"https:\/\/esbozodeportivo.com\/\",\"name\":\"Esbozo Deportivo\",\"description\":\"Lo m\u00e1s importante del Deporte\",\"publisher\":{\"@id\":\"https:\/\/esbozodeportivo.com\/#organization\"},\"potentialAction\":[{\"@type\":\"SearchAction\",\"target\":{\"@type\":\"EntryPoint\",\"urlTemplate\":\"https:\/\/esbozodeportivo.com\/?s={search_term_string}\"},\"query-input\":{\"@type\":\"PropertyValueSpecification\",\"valueRequired\":true,\"valueName\":\"search_term_string\"}}],\"inLanguage\":\"es\"},{\"@type\":\"Organization\",\"@id\":\"https:\/\/esbozodeportivo.com\/#organization\",\"name\":\"Esbozo Deportivo\",\"url\":\"https:\/\/esbozodeportivo.com\/\",\"logo\":{\"@type\":\"ImageObject\",\"inLanguage\":\"es\",\"@id\":\"https:\/\/esbozodeportivo.com\/#\/schema\/logo\/image\/\",\"url\":\"https:\/\/esbozodeportivo.com\/wp-content\/uploads\/2022\/08\/cropped-Logo-Esbozo-Web-2.png\",\"contentUrl\":\"https:\/\/esbozodeportivo.com\/wp-content\/uploads\/2022\/08\/cropped-Logo-Esbozo-Web-2.png\",\"width\":180,\"height\":50,\"caption\":\"Esbozo Deportivo\"},\"image\":{\"@id\":\"https:\/\/esbozodeportivo.com\/#\/schema\/logo\/image\/\"}},{\"@type\":\"Person\",\"@id\":\"https:\/\/esbozodeportivo.com\/#\/schema\/person\/0f6df9196dfe6740dd0bb31bae50d374\",\"name\":\"Redacci\u00f3n\",\"image\":{\"@type\":\"ImageObject\",\"inLanguage\":\"es\",\"@id\":\"https:\/\/esbozodeportivo.com\/#\/schema\/person\/image\/\",\"url\":\"https:\/\/secure.gravatar.com\/avatar\/f55268a89c3b418f2ef172ff52ab0d09b3e653c58de29539fe329fb93d78ebf3?s=96&d=mm&r=g\",\"contentUrl\":\"https:\/\/secure.gravatar.com\/avatar\/f55268a89c3b418f2ef172ff52ab0d09b3e653c58de29539fe329fb93d78ebf3?s=96&d=mm&r=g\",\"caption\":\"Redacci\u00f3n\"},\"url\":\"https:\/\/esbozodeportivo.com\/index.php\/author\/redaccion\/\"}]}<\/script>\n<!-- \/ Yoast SEO plugin. -->","yoast_head_json":{"title":"Yulimar Rojas, tras lesi\u00f3n reaparece con nuevo \u201clook\u201d - Esbozo Deportivo","description":"La intensidad estaba intacta, al igual que su burbujeante sonrisa. Lo diferente en el retorno de Yulimar Rojas a las grandes citas del atletismo fue su nuevo \u2018look\u2019.","robots":{"index":"index","follow":"follow","max-snippet":"max-snippet:-1","max-image-preview":"max-image-preview:large","max-video-preview":"max-video-preview:-1"},"canonical":"https:\/\/esbozodeportivo.com\/index.php\/2025\/09\/16\/yulimar-rojas-tras-lesion-reaparece-con-nuevo-look\/","og_locale":"es_MX","og_type":"article","og_title":"Yulimar Rojas, tras lesi\u00f3n reaparece con nuevo \u201clook\u201d - Esbozo Deportivo","og_description":"La intensidad estaba intacta, al igual que su burbujeante sonrisa. Lo diferente en el retorno de Yulimar Rojas a las grandes citas del atletismo fue su nuevo \u2018look\u2019.","og_url":"https:\/\/esbozodeportivo.com\/index.php\/2025\/09\/16\/yulimar-rojas-tras-lesion-reaparece-con-nuevo-look\/","og_site_name":"Esbozo Deportivo","article_published_time":"2025-09-17T05:10:50+00:00","article_modified_time":"2025-09-17T05:10:51+00:00","og_image":[{"width":980,"height":653,"url":"https:\/\/esbozodeportivo.com\/wp-content\/uploads\/2025\/09\/Atletismo-3.jpg","type":"image\/jpeg"}],"author":"Redacci\u00f3n","twitter_card":"summary_large_image","twitter_misc":{"Escrito por":"Redacci\u00f3n","Tiempo de lectura":"2 minutos"},"schema":{"@context":"https:\/\/schema.org","@graph":[{"@type":"Article","@id":"https:\/\/esbozodeportivo.com\/index.php\/2025\/09\/16\/yulimar-rojas-tras-lesion-reaparece-con-nuevo-look\/#article","isPartOf":{"@id":"https:\/\/esbozodeportivo.com\/index.php\/2025\/09\/16\/yulimar-rojas-tras-lesion-reaparece-con-nuevo-look\/"},"author":{"name":"Redacci\u00f3n","@id":"https:\/\/esbozodeportivo.com\/#\/schema\/person\/0f6df9196dfe6740dd0bb31bae50d374"},"headline":"Yulimar Rojas, tras lesi\u00f3n reaparece con nuevo \u201clook\u201d","datePublished":"2025-09-17T05:10:50+00:00","dateModified":"2025-09-17T05:10:51+00:00","mainEntityOfPage":{"@id":"https:\/\/esbozodeportivo.com\/index.php\/2025\/09\/16\/yulimar-rojas-tras-lesion-reaparece-con-nuevo-look\/"},"wordCount":352,"publisher":{"@id":"https:\/\/esbozodeportivo.com\/#organization"},"image":{"@id":"https:\/\/esbozodeportivo.com\/index.php\/2025\/09\/16\/yulimar-rojas-tras-lesion-reaparece-con-nuevo-look\/#primaryimage"},"thumbnailUrl":"https:\/\/esbozodeportivo.com\/wp-content\/uploads\/2025\/09\/Atletismo-3.jpg","articleSection":["Mundial de Atletismo"],"inLanguage":"es"},{"@type":"WebPage","@id":"https:\/\/esbozodeportivo.com\/index.php\/2025\/09\/16\/yulimar-rojas-tras-lesion-reaparece-con-nuevo-look\/","url":"https:\/\/esbozodeportivo.com\/index.php\/2025\/09\/16\/yulimar-rojas-tras-lesion-reaparece-con-nuevo-look\/","name":"Yulimar Rojas, tras lesi\u00f3n reaparece con nuevo \u201clook\u201d - Esbozo Deportivo","isPartOf":{"@id":"https:\/\/esbozodeportivo.com\/#website"},"primaryImageOfPage":{"@id":"https:\/\/esbozodeportivo.com\/index.php\/2025\/09\/16\/yulimar-rojas-tras-lesion-reaparece-con-nuevo-look\/#primaryimage"},"image":{"@id":"https:\/\/esbozodeportivo.com\/index.php\/2025\/09\/16\/yulimar-rojas-tras-lesion-reaparece-con-nuevo-look\/#primaryimage"},"thumbnailUrl":"https:\/\/esbozodeportivo.com\/wp-content\/uploads\/2025\/09\/Atletismo-3.jpg","datePublished":"2025-09-17T05:10:50+00:00","dateModified":"2025-09-17T05:10:51+00:00","description":"La intensidad estaba intacta, al igual que su burbujeante sonrisa. Lo diferente en el retorno de Yulimar Rojas a las grandes citas del atletismo fue su nuevo \u2018look\u2019.","breadcrumb":{"@id":"https:\/\/esbozodeportivo.com\/index.php\/2025\/09\/16\/yulimar-rojas-tras-lesion-reaparece-con-nuevo-look\/#breadcrumb"},"inLanguage":"es","potentialAction":[{"@type":"ReadAction","target":["https:\/\/esbozodeportivo.com\/index.php\/2025\/09\/16\/yulimar-rojas-tras-lesion-reaparece-con-nuevo-look\/"]}]},{"@type":"ImageObject","inLanguage":"es","@id":"https:\/\/esbozodeportivo.com\/index.php\/2025\/09\/16\/yulimar-rojas-tras-lesion-reaparece-con-nuevo-look\/#primaryimage","url":"https:\/\/esbozodeportivo.com\/wp-content\/uploads\/2025\/09\/Atletismo-3.jpg","contentUrl":"https:\/\/esbozodeportivo.com\/wp-content\/uploads\/2025\/09\/Atletismo-3.jpg","width":980,"height":653},{"@type":"BreadcrumbList","@id":"https:\/\/esbozodeportivo.com\/index.php\/2025\/09\/16\/yulimar-rojas-tras-lesion-reaparece-con-nuevo-look\/#breadcrumb","itemListElement":[{"@type":"ListItem","position":1,"name":"Inicio","item":"https:\/\/esbozodeportivo.com\/"},{"@type":"ListItem","position":2,"name":"Yulimar Rojas, tras lesi\u00f3n reaparece con nuevo \u201clook\u201d"}]},{"@type":"WebSite","@id":"https:\/\/esbozodeportivo.com\/#website","url":"https:\/\/esbozodeportivo.com\/","name":"Esbozo Deportivo","description":"Lo m\u00e1s importante del Deporte","publisher":{"@id":"https:\/\/esbozodeportivo.com\/#organization"},"potentialAction":[{"@type":"SearchAction","target":{"@type":"EntryPoint","urlTemplate":"https:\/\/esbozodeportivo.com\/?s={search_term_string}"},"query-input":{"@type":"PropertyValueSpecification","valueRequired":true,"valueName":"search_term_string"}}],"inLanguage":"es"},{"@type":"Organization","@id":"https:\/\/esbozodeportivo.com\/#organization","name":"Esbozo Deportivo","url":"https:\/\/esbozodeportivo.com\/","logo":{"@type":"ImageObject","inLanguage":"es","@id":"https:\/\/esbozodeportivo.com\/#\/schema\/logo\/image\/","url":"https:\/\/esbozodeportivo.com\/wp-content\/uploads\/2022\/08\/cropped-Logo-Esbozo-Web-2.png","contentUrl":"https:\/\/esbozodeportivo.com\/wp-content\/uploads\/2022\/08\/cropped-Logo-Esbozo-Web-2.png","width":180,"height":50,"caption":"Esbozo Deportivo"},"image":{"@id":"https:\/\/esbozodeportivo.com\/#\/schema\/logo\/image\/"}},{"@type":"Person","@id":"https:\/\/esbozodeportivo.com\/#\/schema\/person\/0f6df9196dfe6740dd0bb31bae50d374","name":"Redacci\u00f3n","image":{"@type":"ImageObject","inLanguage":"es","@id":"https:\/\/esbozodeportivo.com\/#\/schema\/person\/image\/","url":"https:\/\/secure.gravatar.com\/avatar\/f55268a89c3b418f2ef172ff52ab0d09b3e653c58de29539fe329fb93d78ebf3?s=96&d=mm&r=g","contentUrl":"https:\/\/secure.gravatar.com\/avatar\/f55268a89c3b418f2ef172ff52ab0d09b3e653c58de29539fe329fb93d78ebf3?s=96&d=mm&r=g","caption":"Redacci\u00f3n"},"url":"https:\/\/esbozodeportivo.com\/index.php\/author\/redaccion\/"}]}},"jetpack_featured_media_url":"https:\/\/esbozodeportivo.com\/wp-content\/uploads\/2025\/09\/Atletismo-3.jpg","jetpack_sharing_enabled":true,"_links":{"self":[{"href":"https:\/\/esbozodeportivo.com\/index.php\/wp-json\/wp\/v2\/posts\/9775","targetHints":{"allow":["GET"]}}],"collection":[{"href":"https:\/\/esbozodeportivo.com\/index.php\/wp-json\/wp\/v2\/posts"}],"about":[{"href":"https:\/\/esbozodeportivo.com\/index.php\/wp-json\/wp\/v2\/types\/post"}],"author":[{"embeddable":true,"href":"https:\/\/esbozodeportivo.com\/index.php\/wp-json\/wp\/v2\/users\/4"}],"replies":[{"embeddable":true,"href":"https:\/\/esbozodeportivo.com\/index.php\/wp-json\/wp\/v2\/comments?post=9775"}],"version-history":[{"count":1,"href":"https:\/\/esbozodeportivo.com\/index.php\/wp-json\/wp\/v2\/posts\/9775\/revisions"}],"predecessor-version":[{"id":9776,"href":"https:\/\/esbozodeportivo.com\/index.php\/wp-json\/wp\/v2\/posts\/9775\/revisions\/9776"}],"wp:featuredmedia":[{"embeddable":true,"href":"https:\/\/esbozodeportivo.com\/index.php\/wp-json\/wp\/v2\/media\/9762"}],"wp:attachment":[{"href":"https:\/\/esbozodeportivo.com\/index.php\/wp-json\/wp\/v2\/media?parent=9775"}],"wp:term":[{"taxonomy":"category","embeddable":true,"href":"https:\/\/esbozodeportivo.com\/index.php\/wp-json\/wp\/v2\/categories?post=9775"},{"taxonomy":"post_tag","embeddable":true,"href":"https:\/\/esbozodeportivo.com\/index.php\/wp-json\/wp\/v2\/tags?post=9775"}],"curies":[{"name":"wp","href":"https:\/\/api.w.org\/{rel}","templated":true}]}}