{"id":978,"date":"2023-01-26T04:36:53","date_gmt":"2023-01-26T04:36:53","guid":{"rendered":"https:\/\/esbozodeportivo.com\/?p=978"},"modified":"2023-01-26T04:43:22","modified_gmt":"2023-01-26T04:43:22","slug":"djokovic-disputara-la-semifinal-del-abierto-de-australia","status":"publish","type":"post","link":"https:\/\/esbozodeportivo.com\/index.php\/2023\/01\/26\/djokovic-disputara-la-semifinal-del-abierto-de-australia\/","title":{"rendered":"Djokovic disputar\u00e1 la semifinal del Abierto de Australia"},"content":{"rendered":"<style>\/*! elementor - v3.10.1 - 17-01-2023 *\/\n.elementor-widget-image{text-align:center}.elementor-widget-image a{display:inline-block}.elementor-widget-image a img[src$=\".svg\"]{width:48px}.elementor-widget-image img{vertical-align:middle;display:inline-block}<\/style>\n<p>\t\t\t\t\t\t\t\t\t\t\t\t<img decoding=\"async\" width=\"640\" height=\"427\" src=\"https:\/\/esbozodeportivo.com\/wp-content\/uploads\/2023\/01\/Tenis.jpg\" alt=\"\" loading=\"lazy\" srcset=\"https:\/\/esbozodeportivo.com\/wp-content\/uploads\/2023\/01\/Tenis.jpg 1024w, https:\/\/esbozodeportivo.com\/wp-content\/uploads\/2023\/01\/Tenis-300x200.jpg 300w, https:\/\/esbozodeportivo.com\/wp-content\/uploads\/2023\/01\/Tenis-768x512.jpg 768w\" sizes=\"auto, (max-width: 640px) 100vw, 640px\" \/>\t\t\t\t\t\t\t\t\t\t\t\t\t\t\t<\/p>\n<p>(Foto: EFE\/EPA)<\/p>\n<p style=\"background: white; margin: 0cm 0cm 18.0pt 0cm;\">Melbourne (Australia) (EFE).- El serbio Novak Djokovic fulmin\u00f3 al ruso Andrey Rublev por un severo 6-1, 6-2 y 6-4 tras dos horas y tres minutos de juego en los cuartos de final del Abierto de Australia, un partido que cerr\u00f3 aparentemente sin molestias en el muslo izquierdo.<\/p>\n<p style=\"background: white; margin: 0cm 0cm 18.0pt 0cm;\">Su rival en semifinales ser\u00e1 el estadounidense Tommy Paul, un duelo in\u00e9dito entre ambos jugadores.<\/p>\n<p style=\"background: white; margin: 0cm 0cm 18.0pt 0cm;\">La bielorrusa Aryna Sabalenka (5), por su parte, no tuvo piedad frente a la croata Donna Vekic despu\u00e9s de imponerse por un claro 6-3 y 6-2 y se enfrentar\u00e1 en las semifinales a a la polaca Magda Linette.<\/p>\n<p style=\"background: white; margin: 0cm 0cm 18.0pt 0cm;\">Tommy Paul se convirti\u00f3 en el primer estadounidense en alcanzar las semifinales del Abierto desde Andy Roddick en 2009, despu\u00e9s de sobreponerse a su compatriota Ben Shelton por 7-6(6), 6-3, 5-7 y 6-4 en un partido que dur\u00f3 tres horas y seis minutos.<\/p>\n<p style=\"background: white; margin: 0cm 0cm 18.0pt 0cm;\">Sabalenka, que ha conectado un total de 143 golpes ganadores desde que arranc\u00f3 la competici\u00f3n, es la principal candidata al t\u00edtulo tanto por su condici\u00f3n de mejor cabeza de serie como por su racha de nueve victorias consecutivas que inici\u00f3 con su t\u00edtulo en Adelaida en la primera semana de la temporada.<\/p>\n<p>\t\t\t\t\t\t\t\t\t\t\t\t\t\t\t<img decoding=\"async\" width=\"640\" height=\"427\" src=\"https:\/\/esbozodeportivo.com\/wp-content\/uploads\/2023\/01\/Tenis-1.jpg\" alt=\"\" loading=\"lazy\" srcset=\"https:\/\/esbozodeportivo.com\/wp-content\/uploads\/2023\/01\/Tenis-1.jpg 1024w, https:\/\/esbozodeportivo.com\/wp-content\/uploads\/2023\/01\/Tenis-1-300x200.jpg 300w, https:\/\/esbozodeportivo.com\/wp-content\/uploads\/2023\/01\/Tenis-1-768x512.jpg 768w\" sizes=\"auto, (max-width: 640px) 100vw, 640px\" \/>\t\t\t\t\t\t\t\t\t\t\t\t\t\t\t<\/p>\n<p>(Foto: EFE\/EPA)<\/p>\n<p>Paul ser\u00e1 el \u00faltimo representante estadounidense en un cuadro que acumul\u00f3 hasta cuatro tenistas de este pa\u00eds en la ronda de octavos de final (Sebastian Korda, Tommy Paul, J.J. Wolf y Ben Shelton).<\/p>\n<p>\u201cEs la primera vez que juego en esta pista y en unos cuartos de final, y tambi\u00e9n la primera vez que Ben ha salido de Estados Unidos para jugar\u201d, coment\u00f3 tras la finalizaci\u00f3n del choque en alusi\u00f3n a un Ben Shelton que ha completado una gran actuaci\u00f3n en lo que fue su primer torneo fuera de su pa\u00eds natal.<\/p>\n<p><strong>Djokovic, sin fisuras y sin rastro de lesi\u00f3n<\/strong><\/p>\n<p>El campe\u00f3n de 21 t\u00edtulos \u2018major\u2019 alcanza por d\u00e9cima vez las semifinales a orillas del Yarra y se sit\u00faa tercero en este cap\u00edtulo, en una lista liderada por el suizo Roger Federer, con 15 participaciones en la ronda previa a la final.<\/p>\n<p>El serbio, cuarto de la ATP y posible n\u00famero uno si gana el torneo, complet\u00f3 en cuartos de final una actuaci\u00f3n brillante ante un espeso Rublev, que no fue capaz de cambiar de estrategia para impedir que el balc\u00e1nico volviera a lucirse en su querida Rod Laver Arena.<\/p>\n<p>Los primeros compases del choque marcaron el gui\u00f3n del resto del partido, despu\u00e9s de que el cuarto cabeza de serie del torneo rompiera el servicio de su rival (5\u00ba) en su segundo juego al resto. Rublev pas\u00f3 del 40-15 al punto de \u2018break\u2019 , que esta vez Djokovic convirti\u00f3.<\/p>\n<p>\t\t\t\t\t\t\t\t\t\t\t\t\t\t\t<img decoding=\"async\" width=\"640\" height=\"427\" src=\"https:\/\/esbozodeportivo.com\/wp-content\/uploads\/2023\/01\/Tenis-2.jpg\" alt=\"\" loading=\"lazy\" srcset=\"https:\/\/esbozodeportivo.com\/wp-content\/uploads\/2023\/01\/Tenis-2.jpg 1024w, https:\/\/esbozodeportivo.com\/wp-content\/uploads\/2023\/01\/Tenis-2-300x200.jpg 300w, https:\/\/esbozodeportivo.com\/wp-content\/uploads\/2023\/01\/Tenis-2-768x512.jpg 768w\" sizes=\"auto, (max-width: 640px) 100vw, 640px\" \/>\t\t\t\t\t\t\t\t\t\t\t\t\t\t\t<\/p>\n<p>(Foto: EFE\/EPA)<\/p>\n<p style=\"background: white; margin: 0cm 0cm 18.0pt 0cm;\">En 24 minutos de partido el serbio ya ten\u00eda el 4-1 en el marcador. En otros 16 hizo una nueva rotura y consolid\u00f3 para 6-1. En todos los juegos en los que sirvi\u00f3 Rublev, tuvo oportunidad de romper. Djokovick, imperial a lo largo de la primera manga, solo cedi\u00f3 dos bolas de \u2018break\u2019, en el s\u00e9ptimo juego.<\/p>\n<p style=\"background: white; margin: 0cm 0cm 18.0pt 0cm;\">A pesar de la aparente facilidad que tuvo para superar al moscovita, Djokovic espet\u00f3 una serie de quejas a su entrenador croata Goran Ivanisevic, que sorprendieron a una grada te\u00f1ida de banderas serbias y que no daba cr\u00e9dito al enfado del maestro balc\u00e1nico tras apuntarse la primera manga.<\/p>\n<p style=\"background: white; margin: 0cm 0cm 18.0pt 0cm;\">El ruso, que tambi\u00e9n se desquici\u00f3 ante la impasible mirada de su entrenador, el espa\u00f1ol Fernando Vicente, tuvo la posibilidad de entrar m\u00e1s en los peloteos durante una segunda manga que se desequilibr\u00f3 con una rotura que signific\u00f3 el 4-2 para el de Belgrado.<\/p>\n<p style=\"background: white; margin: 0cm 0cm 18.0pt 0cm;\">No encontr\u00f3 Rublev manera de hacer frente a su rival hasta el final del segundo set, cuando salv\u00f3 cuatro puntos de set y los cambi\u00f3 por uno de rotura. Pero Djokovic no se inmut\u00f3 y con su servicio y sus golpes a las esquinas eludi\u00f3 el peligro y tom\u00f3 una ventaja que parec\u00eda definitiva.<\/p>\n<p>\t\t\t\t\t\t\t\t\t\t\t\t\t\t\t<img decoding=\"async\" width=\"640\" height=\"427\" src=\"https:\/\/esbozodeportivo.com\/wp-content\/uploads\/2023\/01\/Tenis-3.webp\" alt=\"\" loading=\"lazy\" srcset=\"https:\/\/esbozodeportivo.com\/wp-content\/uploads\/2023\/01\/Tenis-3.webp 1024w, https:\/\/esbozodeportivo.com\/wp-content\/uploads\/2023\/01\/Tenis-3-300x200.webp 300w, https:\/\/esbozodeportivo.com\/wp-content\/uploads\/2023\/01\/Tenis-3-768x512.webp 768w\" sizes=\"auto, (max-width: 640px) 100vw, 640px\" \/>\t\t\t\t\t\t\t\t\t\t\t\t\t\t\t<\/p>\n<p>(Foto: EFE\/EPA)<\/p>\n<p style=\"background: white; margin: 0cm 0cm 18.0pt 0cm;\">El ruso se puso las manos en la cabeza con gesto de abatimiento por la infinita superioridad de Djokovic, que se permiti\u00f3 la licencia de aflojar en ciertos momentos para no comprometer un f\u00edsico que a punto estuvo de decir basta durante sus choques de segunda y tercera ronda.<\/p>\n<p style=\"background: white; margin: 0cm 0cm 18.0pt 0cm;\">Del mismo modo que ocurri\u00f3 en el set inicial, la tercera manga comenz\u00f3 con un zarpazo del balc\u00e1nico en forma de \u2018break\u2019 que record\u00f3 su condici\u00f3n de mejor restador del circuito.<\/p>\n<p style=\"background: white; margin: 0cm 0cm 18.0pt 0cm;\">Una pelota que se estrell\u00f3 contra la cinta y pas\u00f3 de lado dio a Djokovic el 4-2. El jugador se santigu\u00f3 y elev\u00f3 el \u00edndice hacia el cielo: sent\u00eda que, adem\u00e1s, ten\u00eda la suerte de cara. Rublev solo pod\u00eda resoplar y negar con la cabeza, ante su impotencia.<\/p>\n<p style=\"background: white; margin: 0cm 0cm 18.0pt 0cm;\">El agotamiento y la falta de ideas de Rublev contrastaba con la frescura de un Djokovic diez a\u00f1os mayor, que aplic\u00f3 su inteligencia ten\u00edstica para cerrar un nuevo encuentro en poco m\u00e1s de dos horas.<\/p>\n<p style=\"background: white; margin: 0cm 0cm 18.0pt 0cm;\">Con 5-4 a favor, dos saques directos de Djokovic y un resto de Rublev a la red dieron al serbio tres bolas de partido. Le bast\u00f3 con la primera, tras el \u00faltimo error del ruso.<\/p>\n<p style=\"background: white; margin: 0cm 0cm 18.0pt 0cm;\">El campe\u00f3n de nueve ediciones del Abierto de Australia cerr\u00f3 el choque con 13 saques directos, 30 golpes ganadores y salv\u00f3 las cinco pelotas de rotura que ofreci\u00f3.<\/p>\n","protected":false},"excerpt":{"rendered":"<p>(Foto: EFE\/EPA) Melbourne (Australia) (EFE).- El serbio Novak Djokovic fulmin\u00f3 al ruso Andrey Rublev por<\/p>\n","protected":false},"author":2,"featured_media":0,"comment_status":"open","ping_status":"open","sticky":false,"template":"","format":"standard","meta":{"_jetpack_memberships_contains_paid_content":false,"footnotes":""},"categories":[12],"tags":[],"class_list":["post-978","post","type-post","status-publish","format-standard","hentry","category-tenis-internacional"],"yoast_head":"<!-- This site is optimized with the Yoast SEO plugin v25.7 - https:\/\/yoast.com\/wordpress\/plugins\/seo\/ -->\n<title>Djokovic disputar\u00e1 la semifinal del Abierto de Australia - Esbozo Deportivo<\/title>\n<meta name=\"robots\" content=\"index, follow, max-snippet:-1, max-image-preview:large, max-video-preview:-1\" \/>\n<link rel=\"canonical\" href=\"https:\/\/esbozodeportivo.com\/index.php\/2023\/01\/26\/djokovic-disputara-la-semifinal-del-abierto-de-australia\/\" \/>\n<meta property=\"og:locale\" content=\"es_MX\" \/>\n<meta property=\"og:type\" content=\"article\" \/>\n<meta property=\"og:title\" content=\"Djokovic disputar\u00e1 la semifinal del Abierto de Australia - Esbozo Deportivo\" \/>\n<meta property=\"og:description\" content=\"(Foto: EFE\/EPA) Melbourne (Australia) (EFE).- El serbio Novak Djokovic fulmin\u00f3 al ruso Andrey Rublev por\" \/>\n<meta property=\"og:url\" content=\"https:\/\/esbozodeportivo.com\/index.php\/2023\/01\/26\/djokovic-disputara-la-semifinal-del-abierto-de-australia\/\" \/>\n<meta property=\"og:site_name\" content=\"Esbozo Deportivo\" \/>\n<meta property=\"article:published_time\" content=\"2023-01-26T04:36:53+00:00\" \/>\n<meta property=\"article:modified_time\" content=\"2023-01-26T04:43:22+00:00\" \/>\n<meta property=\"og:image\" content=\"https:\/\/esbozodeportivo.com\/wp-content\/uploads\/2023\/01\/Tenis.jpg\" \/>\n<meta name=\"author\" content=\"Javier De La Cruz\" \/>\n<meta name=\"twitter:card\" content=\"summary_large_image\" \/>\n<meta name=\"twitter:label1\" content=\"Escrito por\" \/>\n\t<meta name=\"twitter:data1\" content=\"Javier De La Cruz\" \/>\n\t<meta name=\"twitter:label2\" content=\"Tiempo de lectura\" \/>\n\t<meta name=\"twitter:data2\" content=\"5 minutos\" \/>\n<script type=\"application\/ld+json\" class=\"yoast-schema-graph\">{\"@context\":\"https:\/\/schema.org\",\"@graph\":[{\"@type\":\"Article\",\"@id\":\"https:\/\/esbozodeportivo.com\/index.php\/2023\/01\/26\/djokovic-disputara-la-semifinal-del-abierto-de-australia\/#article\",\"isPartOf\":{\"@id\":\"https:\/\/esbozodeportivo.com\/index.php\/2023\/01\/26\/djokovic-disputara-la-semifinal-del-abierto-de-australia\/\"},\"author\":{\"name\":\"Javier De La Cruz\",\"@id\":\"https:\/\/esbozodeportivo.com\/#\/schema\/person\/7277119c98823aec37bbb84e125efd44\"},\"headline\":\"Djokovic disputar\u00e1 la semifinal del Abierto de Australia\",\"datePublished\":\"2023-01-26T04:36:53+00:00\",\"dateModified\":\"2023-01-26T04:43:22+00:00\",\"mainEntityOfPage\":{\"@id\":\"https:\/\/esbozodeportivo.com\/index.php\/2023\/01\/26\/djokovic-disputara-la-semifinal-del-abierto-de-australia\/\"},\"wordCount\":918,\"commentCount\":0,\"publisher\":{\"@id\":\"https:\/\/esbozodeportivo.com\/#organization\"},\"image\":{\"@id\":\"https:\/\/esbozodeportivo.com\/index.php\/2023\/01\/26\/djokovic-disputara-la-semifinal-del-abierto-de-australia\/#primaryimage\"},\"thumbnailUrl\":\"https:\/\/esbozodeportivo.com\/wp-content\/uploads\/2023\/01\/Tenis.jpg\",\"articleSection\":[\"Tenis Internacional\"],\"inLanguage\":\"es\",\"potentialAction\":[{\"@type\":\"CommentAction\",\"name\":\"Comment\",\"target\":[\"https:\/\/esbozodeportivo.com\/index.php\/2023\/01\/26\/djokovic-disputara-la-semifinal-del-abierto-de-australia\/#respond\"]}]},{\"@type\":\"WebPage\",\"@id\":\"https:\/\/esbozodeportivo.com\/index.php\/2023\/01\/26\/djokovic-disputara-la-semifinal-del-abierto-de-australia\/\",\"url\":\"https:\/\/esbozodeportivo.com\/index.php\/2023\/01\/26\/djokovic-disputara-la-semifinal-del-abierto-de-australia\/\",\"name\":\"Djokovic disputar\u00e1 la semifinal del Abierto de Australia - Esbozo Deportivo\",\"isPartOf\":{\"@id\":\"https:\/\/esbozodeportivo.com\/#website\"},\"primaryImageOfPage\":{\"@id\":\"https:\/\/esbozodeportivo.com\/index.php\/2023\/01\/26\/djokovic-disputara-la-semifinal-del-abierto-de-australia\/#primaryimage\"},\"image\":{\"@id\":\"https:\/\/esbozodeportivo.com\/index.php\/2023\/01\/26\/djokovic-disputara-la-semifinal-del-abierto-de-australia\/#primaryimage\"},\"thumbnailUrl\":\"https:\/\/esbozodeportivo.com\/wp-content\/uploads\/2023\/01\/Tenis.jpg\",\"datePublished\":\"2023-01-26T04:36:53+00:00\",\"dateModified\":\"2023-01-26T04:43:22+00:00\",\"breadcrumb\":{\"@id\":\"https:\/\/esbozodeportivo.com\/index.php\/2023\/01\/26\/djokovic-disputara-la-semifinal-del-abierto-de-australia\/#breadcrumb\"},\"inLanguage\":\"es\",\"potentialAction\":[{\"@type\":\"ReadAction\",\"target\":[\"https:\/\/esbozodeportivo.com\/index.php\/2023\/01\/26\/djokovic-disputara-la-semifinal-del-abierto-de-australia\/\"]}]},{\"@type\":\"ImageObject\",\"inLanguage\":\"es\",\"@id\":\"https:\/\/esbozodeportivo.com\/index.php\/2023\/01\/26\/djokovic-disputara-la-semifinal-del-abierto-de-australia\/#primaryimage\",\"url\":\"https:\/\/esbozodeportivo.com\/wp-content\/uploads\/2023\/01\/Tenis.jpg\",\"contentUrl\":\"https:\/\/esbozodeportivo.com\/wp-content\/uploads\/2023\/01\/Tenis.jpg\",\"width\":1024,\"height\":683},{\"@type\":\"BreadcrumbList\",\"@id\":\"https:\/\/esbozodeportivo.com\/index.php\/2023\/01\/26\/djokovic-disputara-la-semifinal-del-abierto-de-australia\/#breadcrumb\",\"itemListElement\":[{\"@type\":\"ListItem\",\"position\":1,\"name\":\"Inicio\",\"item\":\"https:\/\/esbozodeportivo.com\/\"},{\"@type\":\"ListItem\",\"position\":2,\"name\":\"Djokovic disputar\u00e1 la semifinal del Abierto de Australia\"}]},{\"@type\":\"WebSite\",\"@id\":\"https:\/\/esbozodeportivo.com\/#website\",\"url\":\"https:\/\/esbozodeportivo.com\/\",\"name\":\"Esbozo Deportivo\",\"description\":\"Lo m\u00e1s importante del Deporte\",\"publisher\":{\"@id\":\"https:\/\/esbozodeportivo.com\/#organization\"},\"potentialAction\":[{\"@type\":\"SearchAction\",\"target\":{\"@type\":\"EntryPoint\",\"urlTemplate\":\"https:\/\/esbozodeportivo.com\/?s={search_term_string}\"},\"query-input\":{\"@type\":\"PropertyValueSpecification\",\"valueRequired\":true,\"valueName\":\"search_term_string\"}}],\"inLanguage\":\"es\"},{\"@type\":\"Organization\",\"@id\":\"https:\/\/esbozodeportivo.com\/#organization\",\"name\":\"Esbozo Deportivo\",\"url\":\"https:\/\/esbozodeportivo.com\/\",\"logo\":{\"@type\":\"ImageObject\",\"inLanguage\":\"es\",\"@id\":\"https:\/\/esbozodeportivo.com\/#\/schema\/logo\/image\/\",\"url\":\"https:\/\/esbozodeportivo.com\/wp-content\/uploads\/2022\/08\/cropped-Logo-Esbozo-Web-2.png\",\"contentUrl\":\"https:\/\/esbozodeportivo.com\/wp-content\/uploads\/2022\/08\/cropped-Logo-Esbozo-Web-2.png\",\"width\":180,\"height\":50,\"caption\":\"Esbozo Deportivo\"},\"image\":{\"@id\":\"https:\/\/esbozodeportivo.com\/#\/schema\/logo\/image\/\"}},{\"@type\":\"Person\",\"@id\":\"https:\/\/esbozodeportivo.com\/#\/schema\/person\/7277119c98823aec37bbb84e125efd44\",\"name\":\"Javier De La Cruz\",\"image\":{\"@type\":\"ImageObject\",\"inLanguage\":\"es\",\"@id\":\"https:\/\/esbozodeportivo.com\/#\/schema\/person\/image\/\",\"url\":\"https:\/\/secure.gravatar.com\/avatar\/366235a56d20f1a6e8e3d0b295897639357bea880470ddf261d17bb0bc052eb1?s=96&d=mm&r=g\",\"contentUrl\":\"https:\/\/secure.gravatar.com\/avatar\/366235a56d20f1a6e8e3d0b295897639357bea880470ddf261d17bb0bc052eb1?s=96&d=mm&r=g\",\"caption\":\"Javier De La Cruz\"},\"url\":\"https:\/\/esbozodeportivo.com\/index.php\/author\/javier-de-la-cruz-de-la-cruz\/\"}]}<\/script>\n<!-- \/ Yoast SEO plugin. -->","yoast_head_json":{"title":"Djokovic disputar\u00e1 la semifinal del Abierto de Australia - Esbozo Deportivo","robots":{"index":"index","follow":"follow","max-snippet":"max-snippet:-1","max-image-preview":"max-image-preview:large","max-video-preview":"max-video-preview:-1"},"canonical":"https:\/\/esbozodeportivo.com\/index.php\/2023\/01\/26\/djokovic-disputara-la-semifinal-del-abierto-de-australia\/","og_locale":"es_MX","og_type":"article","og_title":"Djokovic disputar\u00e1 la semifinal del Abierto de Australia - Esbozo Deportivo","og_description":"(Foto: EFE\/EPA) Melbourne (Australia) (EFE).- El serbio Novak Djokovic fulmin\u00f3 al ruso Andrey Rublev por","og_url":"https:\/\/esbozodeportivo.com\/index.php\/2023\/01\/26\/djokovic-disputara-la-semifinal-del-abierto-de-australia\/","og_site_name":"Esbozo Deportivo","article_published_time":"2023-01-26T04:36:53+00:00","article_modified_time":"2023-01-26T04:43:22+00:00","og_image":[{"url":"https:\/\/esbozodeportivo.com\/wp-content\/uploads\/2023\/01\/Tenis.jpg","type":"","width":"","height":""}],"author":"Javier De La Cruz","twitter_card":"summary_large_image","twitter_misc":{"Escrito por":"Javier De La Cruz","Tiempo de lectura":"5 minutos"},"schema":{"@context":"https:\/\/schema.org","@graph":[{"@type":"Article","@id":"https:\/\/esbozodeportivo.com\/index.php\/2023\/01\/26\/djokovic-disputara-la-semifinal-del-abierto-de-australia\/#article","isPartOf":{"@id":"https:\/\/esbozodeportivo.com\/index.php\/2023\/01\/26\/djokovic-disputara-la-semifinal-del-abierto-de-australia\/"},"author":{"name":"Javier De La Cruz","@id":"https:\/\/esbozodeportivo.com\/#\/schema\/person\/7277119c98823aec37bbb84e125efd44"},"headline":"Djokovic disputar\u00e1 la semifinal del Abierto de Australia","datePublished":"2023-01-26T04:36:53+00:00","dateModified":"2023-01-26T04:43:22+00:00","mainEntityOfPage":{"@id":"https:\/\/esbozodeportivo.com\/index.php\/2023\/01\/26\/djokovic-disputara-la-semifinal-del-abierto-de-australia\/"},"wordCount":918,"commentCount":0,"publisher":{"@id":"https:\/\/esbozodeportivo.com\/#organization"},"image":{"@id":"https:\/\/esbozodeportivo.com\/index.php\/2023\/01\/26\/djokovic-disputara-la-semifinal-del-abierto-de-australia\/#primaryimage"},"thumbnailUrl":"https:\/\/esbozodeportivo.com\/wp-content\/uploads\/2023\/01\/Tenis.jpg","articleSection":["Tenis Internacional"],"inLanguage":"es","potentialAction":[{"@type":"CommentAction","name":"Comment","target":["https:\/\/esbozodeportivo.com\/index.php\/2023\/01\/26\/djokovic-disputara-la-semifinal-del-abierto-de-australia\/#respond"]}]},{"@type":"WebPage","@id":"https:\/\/esbozodeportivo.com\/index.php\/2023\/01\/26\/djokovic-disputara-la-semifinal-del-abierto-de-australia\/","url":"https:\/\/esbozodeportivo.com\/index.php\/2023\/01\/26\/djokovic-disputara-la-semifinal-del-abierto-de-australia\/","name":"Djokovic disputar\u00e1 la semifinal del Abierto de Australia - Esbozo Deportivo","isPartOf":{"@id":"https:\/\/esbozodeportivo.com\/#website"},"primaryImageOfPage":{"@id":"https:\/\/esbozodeportivo.com\/index.php\/2023\/01\/26\/djokovic-disputara-la-semifinal-del-abierto-de-australia\/#primaryimage"},"image":{"@id":"https:\/\/esbozodeportivo.com\/index.php\/2023\/01\/26\/djokovic-disputara-la-semifinal-del-abierto-de-australia\/#primaryimage"},"thumbnailUrl":"https:\/\/esbozodeportivo.com\/wp-content\/uploads\/2023\/01\/Tenis.jpg","datePublished":"2023-01-26T04:36:53+00:00","dateModified":"2023-01-26T04:43:22+00:00","breadcrumb":{"@id":"https:\/\/esbozodeportivo.com\/index.php\/2023\/01\/26\/djokovic-disputara-la-semifinal-del-abierto-de-australia\/#breadcrumb"},"inLanguage":"es","potentialAction":[{"@type":"ReadAction","target":["https:\/\/esbozodeportivo.com\/index.php\/2023\/01\/26\/djokovic-disputara-la-semifinal-del-abierto-de-australia\/"]}]},{"@type":"ImageObject","inLanguage":"es","@id":"https:\/\/esbozodeportivo.com\/index.php\/2023\/01\/26\/djokovic-disputara-la-semifinal-del-abierto-de-australia\/#primaryimage","url":"https:\/\/esbozodeportivo.com\/wp-content\/uploads\/2023\/01\/Tenis.jpg","contentUrl":"https:\/\/esbozodeportivo.com\/wp-content\/uploads\/2023\/01\/Tenis.jpg","width":1024,"height":683},{"@type":"BreadcrumbList","@id":"https:\/\/esbozodeportivo.com\/index.php\/2023\/01\/26\/djokovic-disputara-la-semifinal-del-abierto-de-australia\/#breadcrumb","itemListElement":[{"@type":"ListItem","position":1,"name":"Inicio","item":"https:\/\/esbozodeportivo.com\/"},{"@type":"ListItem","position":2,"name":"Djokovic disputar\u00e1 la semifinal del Abierto de Australia"}]},{"@type":"WebSite","@id":"https:\/\/esbozodeportivo.com\/#website","url":"https:\/\/esbozodeportivo.com\/","name":"Esbozo Deportivo","description":"Lo m\u00e1s importante del Deporte","publisher":{"@id":"https:\/\/esbozodeportivo.com\/#organization"},"potentialAction":[{"@type":"SearchAction","target":{"@type":"EntryPoint","urlTemplate":"https:\/\/esbozodeportivo.com\/?s={search_term_string}"},"query-input":{"@type":"PropertyValueSpecification","valueRequired":true,"valueName":"search_term_string"}}],"inLanguage":"es"},{"@type":"Organization","@id":"https:\/\/esbozodeportivo.com\/#organization","name":"Esbozo Deportivo","url":"https:\/\/esbozodeportivo.com\/","logo":{"@type":"ImageObject","inLanguage":"es","@id":"https:\/\/esbozodeportivo.com\/#\/schema\/logo\/image\/","url":"https:\/\/esbozodeportivo.com\/wp-content\/uploads\/2022\/08\/cropped-Logo-Esbozo-Web-2.png","contentUrl":"https:\/\/esbozodeportivo.com\/wp-content\/uploads\/2022\/08\/cropped-Logo-Esbozo-Web-2.png","width":180,"height":50,"caption":"Esbozo Deportivo"},"image":{"@id":"https:\/\/esbozodeportivo.com\/#\/schema\/logo\/image\/"}},{"@type":"Person","@id":"https:\/\/esbozodeportivo.com\/#\/schema\/person\/7277119c98823aec37bbb84e125efd44","name":"Javier De La Cruz","image":{"@type":"ImageObject","inLanguage":"es","@id":"https:\/\/esbozodeportivo.com\/#\/schema\/person\/image\/","url":"https:\/\/secure.gravatar.com\/avatar\/366235a56d20f1a6e8e3d0b295897639357bea880470ddf261d17bb0bc052eb1?s=96&d=mm&r=g","contentUrl":"https:\/\/secure.gravatar.com\/avatar\/366235a56d20f1a6e8e3d0b295897639357bea880470ddf261d17bb0bc052eb1?s=96&d=mm&r=g","caption":"Javier De La Cruz"},"url":"https:\/\/esbozodeportivo.com\/index.php\/author\/javier-de-la-cruz-de-la-cruz\/"}]}},"jetpack_featured_media_url":"","jetpack_sharing_enabled":true,"_links":{"self":[{"href":"https:\/\/esbozodeportivo.com\/index.php\/wp-json\/wp\/v2\/posts\/978","targetHints":{"allow":["GET"]}}],"collection":[{"href":"https:\/\/esbozodeportivo.com\/index.php\/wp-json\/wp\/v2\/posts"}],"about":[{"href":"https:\/\/esbozodeportivo.com\/index.php\/wp-json\/wp\/v2\/types\/post"}],"author":[{"embeddable":true,"href":"https:\/\/esbozodeportivo.com\/index.php\/wp-json\/wp\/v2\/users\/2"}],"replies":[{"embeddable":true,"href":"https:\/\/esbozodeportivo.com\/index.php\/wp-json\/wp\/v2\/comments?post=978"}],"version-history":[{"count":4,"href":"https:\/\/esbozodeportivo.com\/index.php\/wp-json\/wp\/v2\/posts\/978\/revisions"}],"predecessor-version":[{"id":986,"href":"https:\/\/esbozodeportivo.com\/index.php\/wp-json\/wp\/v2\/posts\/978\/revisions\/986"}],"wp:attachment":[{"href":"https:\/\/esbozodeportivo.com\/index.php\/wp-json\/wp\/v2\/media?parent=978"}],"wp:term":[{"taxonomy":"category","embeddable":true,"href":"https:\/\/esbozodeportivo.com\/index.php\/wp-json\/wp\/v2\/categories?post=978"},{"taxonomy":"post_tag","embeddable":true,"href":"https:\/\/esbozodeportivo.com\/index.php\/wp-json\/wp\/v2\/tags?post=978"}],"curies":[{"name":"wp","href":"https:\/\/api.w.org\/{rel}","templated":true}]}}