{"id":9804,"date":"2025-09-17T20:18:06","date_gmt":"2025-09-18T02:18:06","guid":{"rendered":"https:\/\/esbozodeportivo.com\/?p=9804"},"modified":"2025-09-17T20:18:08","modified_gmt":"2025-09-18T02:18:08","slug":"mourinho-suena-para-dirigir-al-benfica","status":"publish","type":"post","link":"https:\/\/esbozodeportivo.com\/index.php\/2025\/09\/17\/mourinho-suena-para-dirigir-al-benfica\/","title":{"rendered":"Mourinho suena para dirigir al Benfica"},"content":{"rendered":"\n<p>(Foto: Agencias) <\/p>\n\n\n\n<p>Benfica despidi\u00f3 al entrenador Bruno Lage tras la derrota del equipo en casa ante Qarabag en la Liga de Campeones el martes, y Jos\u00e9 Mourinho fue r\u00e1pidamente mencionado como el principal candidato para reemplazarlo.<\/p>\n\n\n\n<p>El presidente de Benfica, Rui Costa, anunci\u00f3 el cese de Lage tras la derrota en la fase de grupos en la que Benfica desperdici\u00f3 una ventaja de dos goles frente a sus aficionados.<\/p>\n\n\n\n<p>Costa cit\u00f3 los malos resultados recientes del club. Benfica ven\u00eda de un decepcionante empate 1-1 en casa contra un Santa Clara con diez hombres en la liga portuguesa el viernes.<\/p>\n\n\n\n<p>\u201cHemos llegado a un acuerdo con Bruno Lage y dej\u00f3 de ser nuestro entrenador\u201d, dijo Costa. \u201cSentimos que es momento de un cambio. Fue una semana dif\u00edcil para todos los aficionados de Benfica despu\u00e9s de los partidos contra Santa Clara y Qarabag. No estamos fuera de ninguna competici\u00f3n todav\u00eda, pero sentimos que es momento de cambiar\u201d.<\/p>\n\n\n\n<p>Costa dijo que esperaba anunciar un nuevo entrenador a tiempo para el partido de liga del equipo como visitante ante Vila das Aves el s\u00e1bado.<\/p>\n\n\n\n<p>\u00bfMourinho?<\/p>\n\n\n\n<p>Los medios portugueses dijeron que Mourinho estaba listo para hacerse cargo del club. Su etapa con Fenerbahce termin\u00f3 el mes pasado despu\u00e9s de que el club turco fuera eliminado precisamente por Benfica en el playoff de clasificaci\u00f3n de la Liga de Campeones.<\/p>\n\n\n\n<p>Mourinho conquist\u00f3 la Liga de Campeones con el FC Porto, el ac\u00e9rrimo rival de Benfica, en 2004. Tambi\u00e9n gan\u00f3 la principal competici\u00f3n de clubes europeos con el Inter de Mil\u00e1n en 2010.<\/p>\n\n\n\n<p>Sin embargo, Mourinho lleva seis temporadas sin dirigir en la fase principal de la Champions. Sali\u00f3 campe\u00f3n de la Conference League, en el tercer nivel de las copas europeas, con la Roma en 2022, pero su ciclo en el club italiano de 2021 a 2024 estuvo marcado por disputas que resurgieron en su breve y ca\u00f3tico per\u00edodo en Turqu\u00eda.<\/p>\n\n\n\n<p>Mourinho comenz\u00f3 su carrera como entrenador en Benfica, pero apenas dur\u00f3 tres meses en el a\u00f1o 2000 antes de irse por una disputa contractual con la junta directiva.<\/p>\n\n\n\n<p><\/p>\n","protected":false},"excerpt":{"rendered":"<p>(Foto: Agencias) Benfica despidi\u00f3 al entrenador Bruno Lage tras la derrota del equipo en casa<\/p>\n","protected":false},"author":4,"featured_media":9806,"comment_status":"closed","ping_status":"open","sticky":false,"template":"","format":"standard","meta":{"_jetpack_memberships_contains_paid_content":false,"footnotes":""},"categories":[14],"tags":[],"class_list":["post-9804","post","type-post","status-publish","format-standard","has-post-thumbnail","hentry","category-futbol"],"yoast_head":"<!-- This site is optimized with the Yoast SEO plugin v25.7 - https:\/\/yoast.com\/wordpress\/plugins\/seo\/ -->\n<title>Mourinho suena para dirigir al Benfica - Esbozo Deportivo<\/title>\n<meta name=\"description\" content=\"Benfica despidi\u00f3 al entrenador Bruno Lage tras la derrota del equipo en casa ante Qarabag en la Liga de Campeones el martes, y Jos\u00e9 Mourinho fue r\u00e1pidamente mencionado como el principal candidato para reemplazarlo.\" \/>\n<meta name=\"robots\" content=\"index, follow, max-snippet:-1, max-image-preview:large, max-video-preview:-1\" \/>\n<link rel=\"canonical\" href=\"https:\/\/esbozodeportivo.com\/index.php\/2025\/09\/17\/mourinho-suena-para-dirigir-al-benfica\/\" \/>\n<meta property=\"og:locale\" content=\"es_MX\" \/>\n<meta property=\"og:type\" content=\"article\" \/>\n<meta property=\"og:title\" content=\"Mourinho suena para dirigir al Benfica - Esbozo Deportivo\" \/>\n<meta property=\"og:description\" content=\"Benfica despidi\u00f3 al entrenador Bruno Lage tras la derrota del equipo en casa ante Qarabag en la Liga de Campeones el martes, y Jos\u00e9 Mourinho fue r\u00e1pidamente mencionado como el principal candidato para reemplazarlo.\" \/>\n<meta property=\"og:url\" content=\"https:\/\/esbozodeportivo.com\/index.php\/2025\/09\/17\/mourinho-suena-para-dirigir-al-benfica\/\" \/>\n<meta property=\"og:site_name\" content=\"Esbozo Deportivo\" \/>\n<meta property=\"article:published_time\" content=\"2025-09-18T02:18:06+00:00\" \/>\n<meta property=\"article:modified_time\" content=\"2025-09-18T02:18:08+00:00\" \/>\n<meta property=\"og:image\" content=\"https:\/\/esbozodeportivo.com\/wp-content\/uploads\/2025\/09\/Futbol-2.jpg\" \/>\n\t<meta property=\"og:image:width\" content=\"980\" \/>\n\t<meta property=\"og:image:height\" content=\"653\" \/>\n\t<meta property=\"og:image:type\" content=\"image\/jpeg\" \/>\n<meta name=\"author\" content=\"Redacci\u00f3n\" \/>\n<meta name=\"twitter:card\" content=\"summary_large_image\" \/>\n<meta name=\"twitter:label1\" content=\"Escrito por\" \/>\n\t<meta name=\"twitter:data1\" content=\"Redacci\u00f3n\" \/>\n\t<meta name=\"twitter:label2\" content=\"Tiempo de lectura\" \/>\n\t<meta name=\"twitter:data2\" content=\"2 minutos\" \/>\n<script type=\"application\/ld+json\" class=\"yoast-schema-graph\">{\"@context\":\"https:\/\/schema.org\",\"@graph\":[{\"@type\":\"Article\",\"@id\":\"https:\/\/esbozodeportivo.com\/index.php\/2025\/09\/17\/mourinho-suena-para-dirigir-al-benfica\/#article\",\"isPartOf\":{\"@id\":\"https:\/\/esbozodeportivo.com\/index.php\/2025\/09\/17\/mourinho-suena-para-dirigir-al-benfica\/\"},\"author\":{\"name\":\"Redacci\u00f3n\",\"@id\":\"https:\/\/esbozodeportivo.com\/#\/schema\/person\/0f6df9196dfe6740dd0bb31bae50d374\"},\"headline\":\"Mourinho suena para dirigir al Benfica\",\"datePublished\":\"2025-09-18T02:18:06+00:00\",\"dateModified\":\"2025-09-18T02:18:08+00:00\",\"mainEntityOfPage\":{\"@id\":\"https:\/\/esbozodeportivo.com\/index.php\/2025\/09\/17\/mourinho-suena-para-dirigir-al-benfica\/\"},\"wordCount\":360,\"publisher\":{\"@id\":\"https:\/\/esbozodeportivo.com\/#organization\"},\"image\":{\"@id\":\"https:\/\/esbozodeportivo.com\/index.php\/2025\/09\/17\/mourinho-suena-para-dirigir-al-benfica\/#primaryimage\"},\"thumbnailUrl\":\"https:\/\/esbozodeportivo.com\/wp-content\/uploads\/2025\/09\/Futbol-2.jpg\",\"articleSection\":[\"Futbol Internacional\"],\"inLanguage\":\"es\"},{\"@type\":\"WebPage\",\"@id\":\"https:\/\/esbozodeportivo.com\/index.php\/2025\/09\/17\/mourinho-suena-para-dirigir-al-benfica\/\",\"url\":\"https:\/\/esbozodeportivo.com\/index.php\/2025\/09\/17\/mourinho-suena-para-dirigir-al-benfica\/\",\"name\":\"Mourinho suena para dirigir al Benfica - Esbozo Deportivo\",\"isPartOf\":{\"@id\":\"https:\/\/esbozodeportivo.com\/#website\"},\"primaryImageOfPage\":{\"@id\":\"https:\/\/esbozodeportivo.com\/index.php\/2025\/09\/17\/mourinho-suena-para-dirigir-al-benfica\/#primaryimage\"},\"image\":{\"@id\":\"https:\/\/esbozodeportivo.com\/index.php\/2025\/09\/17\/mourinho-suena-para-dirigir-al-benfica\/#primaryimage\"},\"thumbnailUrl\":\"https:\/\/esbozodeportivo.com\/wp-content\/uploads\/2025\/09\/Futbol-2.jpg\",\"datePublished\":\"2025-09-18T02:18:06+00:00\",\"dateModified\":\"2025-09-18T02:18:08+00:00\",\"description\":\"Benfica despidi\u00f3 al entrenador Bruno Lage tras la derrota del equipo en casa ante Qarabag en la Liga de Campeones el martes, y Jos\u00e9 Mourinho fue r\u00e1pidamente mencionado como el principal candidato para reemplazarlo.\",\"breadcrumb\":{\"@id\":\"https:\/\/esbozodeportivo.com\/index.php\/2025\/09\/17\/mourinho-suena-para-dirigir-al-benfica\/#breadcrumb\"},\"inLanguage\":\"es\",\"potentialAction\":[{\"@type\":\"ReadAction\",\"target\":[\"https:\/\/esbozodeportivo.com\/index.php\/2025\/09\/17\/mourinho-suena-para-dirigir-al-benfica\/\"]}]},{\"@type\":\"ImageObject\",\"inLanguage\":\"es\",\"@id\":\"https:\/\/esbozodeportivo.com\/index.php\/2025\/09\/17\/mourinho-suena-para-dirigir-al-benfica\/#primaryimage\",\"url\":\"https:\/\/esbozodeportivo.com\/wp-content\/uploads\/2025\/09\/Futbol-2.jpg\",\"contentUrl\":\"https:\/\/esbozodeportivo.com\/wp-content\/uploads\/2025\/09\/Futbol-2.jpg\",\"width\":980,\"height\":653},{\"@type\":\"BreadcrumbList\",\"@id\":\"https:\/\/esbozodeportivo.com\/index.php\/2025\/09\/17\/mourinho-suena-para-dirigir-al-benfica\/#breadcrumb\",\"itemListElement\":[{\"@type\":\"ListItem\",\"position\":1,\"name\":\"Inicio\",\"item\":\"https:\/\/esbozodeportivo.com\/\"},{\"@type\":\"ListItem\",\"position\":2,\"name\":\"Mourinho suena para dirigir al Benfica\"}]},{\"@type\":\"WebSite\",\"@id\":\"https:\/\/esbozodeportivo.com\/#website\",\"url\":\"https:\/\/esbozodeportivo.com\/\",\"name\":\"Esbozo Deportivo\",\"description\":\"Lo m\u00e1s importante del Deporte\",\"publisher\":{\"@id\":\"https:\/\/esbozodeportivo.com\/#organization\"},\"potentialAction\":[{\"@type\":\"SearchAction\",\"target\":{\"@type\":\"EntryPoint\",\"urlTemplate\":\"https:\/\/esbozodeportivo.com\/?s={search_term_string}\"},\"query-input\":{\"@type\":\"PropertyValueSpecification\",\"valueRequired\":true,\"valueName\":\"search_term_string\"}}],\"inLanguage\":\"es\"},{\"@type\":\"Organization\",\"@id\":\"https:\/\/esbozodeportivo.com\/#organization\",\"name\":\"Esbozo Deportivo\",\"url\":\"https:\/\/esbozodeportivo.com\/\",\"logo\":{\"@type\":\"ImageObject\",\"inLanguage\":\"es\",\"@id\":\"https:\/\/esbozodeportivo.com\/#\/schema\/logo\/image\/\",\"url\":\"https:\/\/esbozodeportivo.com\/wp-content\/uploads\/2022\/08\/cropped-Logo-Esbozo-Web-2.png\",\"contentUrl\":\"https:\/\/esbozodeportivo.com\/wp-content\/uploads\/2022\/08\/cropped-Logo-Esbozo-Web-2.png\",\"width\":180,\"height\":50,\"caption\":\"Esbozo Deportivo\"},\"image\":{\"@id\":\"https:\/\/esbozodeportivo.com\/#\/schema\/logo\/image\/\"}},{\"@type\":\"Person\",\"@id\":\"https:\/\/esbozodeportivo.com\/#\/schema\/person\/0f6df9196dfe6740dd0bb31bae50d374\",\"name\":\"Redacci\u00f3n\",\"image\":{\"@type\":\"ImageObject\",\"inLanguage\":\"es\",\"@id\":\"https:\/\/esbozodeportivo.com\/#\/schema\/person\/image\/\",\"url\":\"https:\/\/secure.gravatar.com\/avatar\/f55268a89c3b418f2ef172ff52ab0d09b3e653c58de29539fe329fb93d78ebf3?s=96&d=mm&r=g\",\"contentUrl\":\"https:\/\/secure.gravatar.com\/avatar\/f55268a89c3b418f2ef172ff52ab0d09b3e653c58de29539fe329fb93d78ebf3?s=96&d=mm&r=g\",\"caption\":\"Redacci\u00f3n\"},\"url\":\"https:\/\/esbozodeportivo.com\/index.php\/author\/redaccion\/\"}]}<\/script>\n<!-- \/ Yoast SEO plugin. -->","yoast_head_json":{"title":"Mourinho suena para dirigir al Benfica - Esbozo Deportivo","description":"Benfica despidi\u00f3 al entrenador Bruno Lage tras la derrota del equipo en casa ante Qarabag en la Liga de Campeones el martes, y Jos\u00e9 Mourinho fue r\u00e1pidamente mencionado como el principal candidato para reemplazarlo.","robots":{"index":"index","follow":"follow","max-snippet":"max-snippet:-1","max-image-preview":"max-image-preview:large","max-video-preview":"max-video-preview:-1"},"canonical":"https:\/\/esbozodeportivo.com\/index.php\/2025\/09\/17\/mourinho-suena-para-dirigir-al-benfica\/","og_locale":"es_MX","og_type":"article","og_title":"Mourinho suena para dirigir al Benfica - Esbozo Deportivo","og_description":"Benfica despidi\u00f3 al entrenador Bruno Lage tras la derrota del equipo en casa ante Qarabag en la Liga de Campeones el martes, y Jos\u00e9 Mourinho fue r\u00e1pidamente mencionado como el principal candidato para reemplazarlo.","og_url":"https:\/\/esbozodeportivo.com\/index.php\/2025\/09\/17\/mourinho-suena-para-dirigir-al-benfica\/","og_site_name":"Esbozo Deportivo","article_published_time":"2025-09-18T02:18:06+00:00","article_modified_time":"2025-09-18T02:18:08+00:00","og_image":[{"width":980,"height":653,"url":"https:\/\/esbozodeportivo.com\/wp-content\/uploads\/2025\/09\/Futbol-2.jpg","type":"image\/jpeg"}],"author":"Redacci\u00f3n","twitter_card":"summary_large_image","twitter_misc":{"Escrito por":"Redacci\u00f3n","Tiempo de lectura":"2 minutos"},"schema":{"@context":"https:\/\/schema.org","@graph":[{"@type":"Article","@id":"https:\/\/esbozodeportivo.com\/index.php\/2025\/09\/17\/mourinho-suena-para-dirigir-al-benfica\/#article","isPartOf":{"@id":"https:\/\/esbozodeportivo.com\/index.php\/2025\/09\/17\/mourinho-suena-para-dirigir-al-benfica\/"},"author":{"name":"Redacci\u00f3n","@id":"https:\/\/esbozodeportivo.com\/#\/schema\/person\/0f6df9196dfe6740dd0bb31bae50d374"},"headline":"Mourinho suena para dirigir al Benfica","datePublished":"2025-09-18T02:18:06+00:00","dateModified":"2025-09-18T02:18:08+00:00","mainEntityOfPage":{"@id":"https:\/\/esbozodeportivo.com\/index.php\/2025\/09\/17\/mourinho-suena-para-dirigir-al-benfica\/"},"wordCount":360,"publisher":{"@id":"https:\/\/esbozodeportivo.com\/#organization"},"image":{"@id":"https:\/\/esbozodeportivo.com\/index.php\/2025\/09\/17\/mourinho-suena-para-dirigir-al-benfica\/#primaryimage"},"thumbnailUrl":"https:\/\/esbozodeportivo.com\/wp-content\/uploads\/2025\/09\/Futbol-2.jpg","articleSection":["Futbol Internacional"],"inLanguage":"es"},{"@type":"WebPage","@id":"https:\/\/esbozodeportivo.com\/index.php\/2025\/09\/17\/mourinho-suena-para-dirigir-al-benfica\/","url":"https:\/\/esbozodeportivo.com\/index.php\/2025\/09\/17\/mourinho-suena-para-dirigir-al-benfica\/","name":"Mourinho suena para dirigir al Benfica - Esbozo Deportivo","isPartOf":{"@id":"https:\/\/esbozodeportivo.com\/#website"},"primaryImageOfPage":{"@id":"https:\/\/esbozodeportivo.com\/index.php\/2025\/09\/17\/mourinho-suena-para-dirigir-al-benfica\/#primaryimage"},"image":{"@id":"https:\/\/esbozodeportivo.com\/index.php\/2025\/09\/17\/mourinho-suena-para-dirigir-al-benfica\/#primaryimage"},"thumbnailUrl":"https:\/\/esbozodeportivo.com\/wp-content\/uploads\/2025\/09\/Futbol-2.jpg","datePublished":"2025-09-18T02:18:06+00:00","dateModified":"2025-09-18T02:18:08+00:00","description":"Benfica despidi\u00f3 al entrenador Bruno Lage tras la derrota del equipo en casa ante Qarabag en la Liga de Campeones el martes, y Jos\u00e9 Mourinho fue r\u00e1pidamente mencionado como el principal candidato para reemplazarlo.","breadcrumb":{"@id":"https:\/\/esbozodeportivo.com\/index.php\/2025\/09\/17\/mourinho-suena-para-dirigir-al-benfica\/#breadcrumb"},"inLanguage":"es","potentialAction":[{"@type":"ReadAction","target":["https:\/\/esbozodeportivo.com\/index.php\/2025\/09\/17\/mourinho-suena-para-dirigir-al-benfica\/"]}]},{"@type":"ImageObject","inLanguage":"es","@id":"https:\/\/esbozodeportivo.com\/index.php\/2025\/09\/17\/mourinho-suena-para-dirigir-al-benfica\/#primaryimage","url":"https:\/\/esbozodeportivo.com\/wp-content\/uploads\/2025\/09\/Futbol-2.jpg","contentUrl":"https:\/\/esbozodeportivo.com\/wp-content\/uploads\/2025\/09\/Futbol-2.jpg","width":980,"height":653},{"@type":"BreadcrumbList","@id":"https:\/\/esbozodeportivo.com\/index.php\/2025\/09\/17\/mourinho-suena-para-dirigir-al-benfica\/#breadcrumb","itemListElement":[{"@type":"ListItem","position":1,"name":"Inicio","item":"https:\/\/esbozodeportivo.com\/"},{"@type":"ListItem","position":2,"name":"Mourinho suena para dirigir al Benfica"}]},{"@type":"WebSite","@id":"https:\/\/esbozodeportivo.com\/#website","url":"https:\/\/esbozodeportivo.com\/","name":"Esbozo Deportivo","description":"Lo m\u00e1s importante del Deporte","publisher":{"@id":"https:\/\/esbozodeportivo.com\/#organization"},"potentialAction":[{"@type":"SearchAction","target":{"@type":"EntryPoint","urlTemplate":"https:\/\/esbozodeportivo.com\/?s={search_term_string}"},"query-input":{"@type":"PropertyValueSpecification","valueRequired":true,"valueName":"search_term_string"}}],"inLanguage":"es"},{"@type":"Organization","@id":"https:\/\/esbozodeportivo.com\/#organization","name":"Esbozo Deportivo","url":"https:\/\/esbozodeportivo.com\/","logo":{"@type":"ImageObject","inLanguage":"es","@id":"https:\/\/esbozodeportivo.com\/#\/schema\/logo\/image\/","url":"https:\/\/esbozodeportivo.com\/wp-content\/uploads\/2022\/08\/cropped-Logo-Esbozo-Web-2.png","contentUrl":"https:\/\/esbozodeportivo.com\/wp-content\/uploads\/2022\/08\/cropped-Logo-Esbozo-Web-2.png","width":180,"height":50,"caption":"Esbozo Deportivo"},"image":{"@id":"https:\/\/esbozodeportivo.com\/#\/schema\/logo\/image\/"}},{"@type":"Person","@id":"https:\/\/esbozodeportivo.com\/#\/schema\/person\/0f6df9196dfe6740dd0bb31bae50d374","name":"Redacci\u00f3n","image":{"@type":"ImageObject","inLanguage":"es","@id":"https:\/\/esbozodeportivo.com\/#\/schema\/person\/image\/","url":"https:\/\/secure.gravatar.com\/avatar\/f55268a89c3b418f2ef172ff52ab0d09b3e653c58de29539fe329fb93d78ebf3?s=96&d=mm&r=g","contentUrl":"https:\/\/secure.gravatar.com\/avatar\/f55268a89c3b418f2ef172ff52ab0d09b3e653c58de29539fe329fb93d78ebf3?s=96&d=mm&r=g","caption":"Redacci\u00f3n"},"url":"https:\/\/esbozodeportivo.com\/index.php\/author\/redaccion\/"}]}},"jetpack_featured_media_url":"https:\/\/esbozodeportivo.com\/wp-content\/uploads\/2025\/09\/Futbol-2.jpg","jetpack_sharing_enabled":true,"_links":{"self":[{"href":"https:\/\/esbozodeportivo.com\/index.php\/wp-json\/wp\/v2\/posts\/9804","targetHints":{"allow":["GET"]}}],"collection":[{"href":"https:\/\/esbozodeportivo.com\/index.php\/wp-json\/wp\/v2\/posts"}],"about":[{"href":"https:\/\/esbozodeportivo.com\/index.php\/wp-json\/wp\/v2\/types\/post"}],"author":[{"embeddable":true,"href":"https:\/\/esbozodeportivo.com\/index.php\/wp-json\/wp\/v2\/users\/4"}],"replies":[{"embeddable":true,"href":"https:\/\/esbozodeportivo.com\/index.php\/wp-json\/wp\/v2\/comments?post=9804"}],"version-history":[{"count":1,"href":"https:\/\/esbozodeportivo.com\/index.php\/wp-json\/wp\/v2\/posts\/9804\/revisions"}],"predecessor-version":[{"id":9807,"href":"https:\/\/esbozodeportivo.com\/index.php\/wp-json\/wp\/v2\/posts\/9804\/revisions\/9807"}],"wp:featuredmedia":[{"embeddable":true,"href":"https:\/\/esbozodeportivo.com\/index.php\/wp-json\/wp\/v2\/media\/9806"}],"wp:attachment":[{"href":"https:\/\/esbozodeportivo.com\/index.php\/wp-json\/wp\/v2\/media?parent=9804"}],"wp:term":[{"taxonomy":"category","embeddable":true,"href":"https:\/\/esbozodeportivo.com\/index.php\/wp-json\/wp\/v2\/categories?post=9804"},{"taxonomy":"post_tag","embeddable":true,"href":"https:\/\/esbozodeportivo.com\/index.php\/wp-json\/wp\/v2\/tags?post=9804"}],"curies":[{"name":"wp","href":"https:\/\/api.w.org\/{rel}","templated":true}]}}