{"id":9832,"date":"2025-09-18T23:55:18","date_gmt":"2025-09-19T05:55:18","guid":{"rendered":"https:\/\/esbozodeportivo.com\/?p=9832"},"modified":"2025-09-18T23:55:21","modified_gmt":"2025-09-19T05:55:21","slug":"walcott-gano-el-oro-en-jabalina","status":"publish","type":"post","link":"https:\/\/esbozodeportivo.com\/index.php\/2025\/09\/18\/walcott-gano-el-oro-en-jabalina\/","title":{"rendered":"Walcott gan\u00f3 el oro en jabalina"},"content":{"rendered":"\n<p>(Foto: Agencias) <\/p>\n\n\n\n<p><strong>Keshorn Walcott<\/strong> fue el medallista ol\u00edmpico de oro en lanzamiento de jabalina hace 13 a\u00f1os en Londres, y medallista de bronce cuatro a\u00f1os despu\u00e9s en los <strong>Juegos de R\u00edo de Janeiro.<\/strong><\/p>\n\n\n\n<p>Pero ha sido un suplicio desde entonces para que el trinitario vuelva a brillar en los grandes escenarios, hasta el jueves.<\/p>\n\n\n\n<p><strong>Walcott<\/strong> se consagr\u00f3 en el campeonato mundial en Tokio con un lanzamiento de 88,16 metros, su mejor marca de la temporada.<\/p>\n\n\n\n<p>El granadino <strong>Anderson Peters<\/strong>, dos veces campe\u00f3n mundial, se llev\u00f3 la plata (87,38) y el estadounidense <strong>Curtis Peterson<\/strong> de Estados Unidos el bronce (86,67).<\/p>\n\n\n\n<p><strong>Walcot<\/strong>t se ri\u00f3 cuando le preguntaron sobre su ausencia de los principales podios.<\/p>\n\n\n\n<p>&#8220;\u00bfD\u00f3nde he estado? He estado intent\u00e1ndolo. Ah\u00ed es donde he estado\u201d, dijo. \u201cHe estado tratando de conseguir esta medalla durante 13 a\u00f1os. He estado aqu\u00ed, hombre. Han sido 13 largos a\u00f1os. Y esta noche finalmente es mi noche una vez m\u00e1s\u201d.<\/p>\n\n\n\n<p>Dijo que la medalla complet\u00f3 su colecci\u00f3n junto al oro ol\u00edmpico.<\/p>\n\n\n\n<p>\u201cHe sido tan persistente y finalmente he regresado y ahora he conseguido esa medalla que me ha faltado todos estos a\u00f1os.\u201d<\/p>\n\n\n\n<p>Se esperaba que la final fuera un enfrentamiento entre el indio <strong>Neeraj Chopra,<\/strong> campe\u00f3n ol\u00edmpico de Tokio 2021, y el paquistan\u00ed <strong>Arshad Nadeem<\/strong>, campe\u00f3n ol\u00edmpico de Par\u00eds.<\/p>\n\n\n\n<p><strong>Chopra termin\u00f3 octavo y Nadeem fue d\u00e9cimo.<\/strong><\/p>\n\n\n\n<p>\u201cNo s\u00e9 qu\u00e9 pas\u00f3\u201d, dijo <strong>Chopra<\/strong>. \u201cTuve un problema de espalda hace dos semanas y no se lo dije a nadie. Pensaba que a\u00fan podr\u00eda lanzar lejos, pero no\u201d.<\/p>\n\n\n\n<p><strong>Walcott<\/strong>, quien fue s\u00e9ptimo en los <strong>Juegos de Par\u00eds<\/strong> del a\u00f1o pasado, contrat\u00f3 a un nuevo entrenador a finales del a\u00f1o pasado, el alem\u00e1n <strong>Klaus Bartonietz. Bartonietz <\/strong>entren\u00f3 a <strong>Chopra<\/strong> anteriormente, y <strong>Walcott<\/strong> dijo que podr\u00eda ser la diferencia.<\/p>\n\n\n\n<p>\u201cTal vez esa sea la raz\u00f3n por la que estoy aqu\u00ed hoy\u201d, dijo.<\/p>\n\n\n\n<p><strong>Walcott<\/strong> enumer\u00f3 una lista de lesiones. Se rompi\u00f3 un tend\u00f3n de Aquiles calentando en los mundiales hace dos a\u00f1os, cinco minutos antes de la final. A\u00f1adi\u00f3 varias lesiones de tobillo.<\/p>\n\n\n\n<p>\u201cEs la jabalina. Siempre vas a tener algo\u201d, dijo. \u201cNo vas a estar en la cima todos los d\u00edas. Ha sido un largo viaje con campeonatos mundiales. Esta noche fue la noche en que todo se uni\u00f3 y sucedi\u00f3\u201d.<\/p>\n\n\n\n<p><\/p>\n","protected":false},"excerpt":{"rendered":"<p>(Foto: Agencias) Keshorn Walcott fue el medallista ol\u00edmpico de oro en lanzamiento de jabalina hace<\/p>\n","protected":false},"author":4,"featured_media":9835,"comment_status":"closed","ping_status":"open","sticky":false,"template":"","format":"standard","meta":{"_jetpack_memberships_contains_paid_content":false,"footnotes":""},"categories":[107],"tags":[],"class_list":["post-9832","post","type-post","status-publish","format-standard","has-post-thumbnail","hentry","category-mundial-de-atletismo"],"yoast_head":"<!-- This site is optimized with the Yoast SEO plugin v25.7 - https:\/\/yoast.com\/wordpress\/plugins\/seo\/ -->\n<title>Walcott gan\u00f3 el oro en jabalina - Esbozo Deportivo<\/title>\n<meta name=\"description\" content=\"Keshorn Walcott fue el medallista ol\u00edmpico de oro en lanzamiento de jabalina hace 13 a\u00f1os en Londres, y medallista de bronce cuatro a\u00f1os despu\u00e9s en los Juegos de R\u00edo de Janeiro.\" \/>\n<meta name=\"robots\" content=\"index, follow, max-snippet:-1, max-image-preview:large, max-video-preview:-1\" \/>\n<link rel=\"canonical\" href=\"https:\/\/esbozodeportivo.com\/index.php\/2025\/09\/18\/walcott-gano-el-oro-en-jabalina\/\" \/>\n<meta property=\"og:locale\" content=\"es_MX\" \/>\n<meta property=\"og:type\" content=\"article\" \/>\n<meta property=\"og:title\" content=\"Walcott gan\u00f3 el oro en jabalina - Esbozo Deportivo\" \/>\n<meta property=\"og:description\" content=\"Keshorn Walcott fue el medallista ol\u00edmpico de oro en lanzamiento de jabalina hace 13 a\u00f1os en Londres, y medallista de bronce cuatro a\u00f1os despu\u00e9s en los Juegos de R\u00edo de Janeiro.\" \/>\n<meta property=\"og:url\" content=\"https:\/\/esbozodeportivo.com\/index.php\/2025\/09\/18\/walcott-gano-el-oro-en-jabalina\/\" \/>\n<meta property=\"og:site_name\" content=\"Esbozo Deportivo\" \/>\n<meta property=\"article:published_time\" content=\"2025-09-19T05:55:18+00:00\" \/>\n<meta property=\"article:modified_time\" content=\"2025-09-19T05:55:21+00:00\" \/>\n<meta property=\"og:image\" content=\"https:\/\/esbozodeportivo.com\/wp-content\/uploads\/2025\/09\/Mundial-de-Atletismo.jpg\" \/>\n\t<meta property=\"og:image:width\" content=\"980\" \/>\n\t<meta property=\"og:image:height\" content=\"653\" \/>\n\t<meta property=\"og:image:type\" content=\"image\/jpeg\" \/>\n<meta name=\"author\" content=\"Redacci\u00f3n\" \/>\n<meta name=\"twitter:card\" content=\"summary_large_image\" \/>\n<meta name=\"twitter:label1\" content=\"Escrito por\" \/>\n\t<meta name=\"twitter:data1\" content=\"Redacci\u00f3n\" \/>\n\t<meta name=\"twitter:label2\" content=\"Tiempo de lectura\" \/>\n\t<meta name=\"twitter:data2\" content=\"2 minutos\" \/>\n<script type=\"application\/ld+json\" class=\"yoast-schema-graph\">{\"@context\":\"https:\/\/schema.org\",\"@graph\":[{\"@type\":\"Article\",\"@id\":\"https:\/\/esbozodeportivo.com\/index.php\/2025\/09\/18\/walcott-gano-el-oro-en-jabalina\/#article\",\"isPartOf\":{\"@id\":\"https:\/\/esbozodeportivo.com\/index.php\/2025\/09\/18\/walcott-gano-el-oro-en-jabalina\/\"},\"author\":{\"name\":\"Redacci\u00f3n\",\"@id\":\"https:\/\/esbozodeportivo.com\/#\/schema\/person\/0f6df9196dfe6740dd0bb31bae50d374\"},\"headline\":\"Walcott gan\u00f3 el oro en jabalina\",\"datePublished\":\"2025-09-19T05:55:18+00:00\",\"dateModified\":\"2025-09-19T05:55:21+00:00\",\"mainEntityOfPage\":{\"@id\":\"https:\/\/esbozodeportivo.com\/index.php\/2025\/09\/18\/walcott-gano-el-oro-en-jabalina\/\"},\"wordCount\":401,\"publisher\":{\"@id\":\"https:\/\/esbozodeportivo.com\/#organization\"},\"image\":{\"@id\":\"https:\/\/esbozodeportivo.com\/index.php\/2025\/09\/18\/walcott-gano-el-oro-en-jabalina\/#primaryimage\"},\"thumbnailUrl\":\"https:\/\/esbozodeportivo.com\/wp-content\/uploads\/2025\/09\/Mundial-de-Atletismo.jpg\",\"articleSection\":[\"Mundial de Atletismo\"],\"inLanguage\":\"es\"},{\"@type\":\"WebPage\",\"@id\":\"https:\/\/esbozodeportivo.com\/index.php\/2025\/09\/18\/walcott-gano-el-oro-en-jabalina\/\",\"url\":\"https:\/\/esbozodeportivo.com\/index.php\/2025\/09\/18\/walcott-gano-el-oro-en-jabalina\/\",\"name\":\"Walcott gan\u00f3 el oro en jabalina - Esbozo Deportivo\",\"isPartOf\":{\"@id\":\"https:\/\/esbozodeportivo.com\/#website\"},\"primaryImageOfPage\":{\"@id\":\"https:\/\/esbozodeportivo.com\/index.php\/2025\/09\/18\/walcott-gano-el-oro-en-jabalina\/#primaryimage\"},\"image\":{\"@id\":\"https:\/\/esbozodeportivo.com\/index.php\/2025\/09\/18\/walcott-gano-el-oro-en-jabalina\/#primaryimage\"},\"thumbnailUrl\":\"https:\/\/esbozodeportivo.com\/wp-content\/uploads\/2025\/09\/Mundial-de-Atletismo.jpg\",\"datePublished\":\"2025-09-19T05:55:18+00:00\",\"dateModified\":\"2025-09-19T05:55:21+00:00\",\"description\":\"Keshorn Walcott fue el medallista ol\u00edmpico de oro en lanzamiento de jabalina hace 13 a\u00f1os en Londres, y medallista de bronce cuatro a\u00f1os despu\u00e9s en los Juegos de R\u00edo de Janeiro.\",\"breadcrumb\":{\"@id\":\"https:\/\/esbozodeportivo.com\/index.php\/2025\/09\/18\/walcott-gano-el-oro-en-jabalina\/#breadcrumb\"},\"inLanguage\":\"es\",\"potentialAction\":[{\"@type\":\"ReadAction\",\"target\":[\"https:\/\/esbozodeportivo.com\/index.php\/2025\/09\/18\/walcott-gano-el-oro-en-jabalina\/\"]}]},{\"@type\":\"ImageObject\",\"inLanguage\":\"es\",\"@id\":\"https:\/\/esbozodeportivo.com\/index.php\/2025\/09\/18\/walcott-gano-el-oro-en-jabalina\/#primaryimage\",\"url\":\"https:\/\/esbozodeportivo.com\/wp-content\/uploads\/2025\/09\/Mundial-de-Atletismo.jpg\",\"contentUrl\":\"https:\/\/esbozodeportivo.com\/wp-content\/uploads\/2025\/09\/Mundial-de-Atletismo.jpg\",\"width\":980,\"height\":653},{\"@type\":\"BreadcrumbList\",\"@id\":\"https:\/\/esbozodeportivo.com\/index.php\/2025\/09\/18\/walcott-gano-el-oro-en-jabalina\/#breadcrumb\",\"itemListElement\":[{\"@type\":\"ListItem\",\"position\":1,\"name\":\"Inicio\",\"item\":\"https:\/\/esbozodeportivo.com\/\"},{\"@type\":\"ListItem\",\"position\":2,\"name\":\"Walcott gan\u00f3 el oro en jabalina\"}]},{\"@type\":\"WebSite\",\"@id\":\"https:\/\/esbozodeportivo.com\/#website\",\"url\":\"https:\/\/esbozodeportivo.com\/\",\"name\":\"Esbozo Deportivo\",\"description\":\"Lo m\u00e1s importante del Deporte\",\"publisher\":{\"@id\":\"https:\/\/esbozodeportivo.com\/#organization\"},\"potentialAction\":[{\"@type\":\"SearchAction\",\"target\":{\"@type\":\"EntryPoint\",\"urlTemplate\":\"https:\/\/esbozodeportivo.com\/?s={search_term_string}\"},\"query-input\":{\"@type\":\"PropertyValueSpecification\",\"valueRequired\":true,\"valueName\":\"search_term_string\"}}],\"inLanguage\":\"es\"},{\"@type\":\"Organization\",\"@id\":\"https:\/\/esbozodeportivo.com\/#organization\",\"name\":\"Esbozo Deportivo\",\"url\":\"https:\/\/esbozodeportivo.com\/\",\"logo\":{\"@type\":\"ImageObject\",\"inLanguage\":\"es\",\"@id\":\"https:\/\/esbozodeportivo.com\/#\/schema\/logo\/image\/\",\"url\":\"https:\/\/esbozodeportivo.com\/wp-content\/uploads\/2022\/08\/cropped-Logo-Esbozo-Web-2.png\",\"contentUrl\":\"https:\/\/esbozodeportivo.com\/wp-content\/uploads\/2022\/08\/cropped-Logo-Esbozo-Web-2.png\",\"width\":180,\"height\":50,\"caption\":\"Esbozo Deportivo\"},\"image\":{\"@id\":\"https:\/\/esbozodeportivo.com\/#\/schema\/logo\/image\/\"}},{\"@type\":\"Person\",\"@id\":\"https:\/\/esbozodeportivo.com\/#\/schema\/person\/0f6df9196dfe6740dd0bb31bae50d374\",\"name\":\"Redacci\u00f3n\",\"image\":{\"@type\":\"ImageObject\",\"inLanguage\":\"es\",\"@id\":\"https:\/\/esbozodeportivo.com\/#\/schema\/person\/image\/\",\"url\":\"https:\/\/secure.gravatar.com\/avatar\/f55268a89c3b418f2ef172ff52ab0d09b3e653c58de29539fe329fb93d78ebf3?s=96&d=mm&r=g\",\"contentUrl\":\"https:\/\/secure.gravatar.com\/avatar\/f55268a89c3b418f2ef172ff52ab0d09b3e653c58de29539fe329fb93d78ebf3?s=96&d=mm&r=g\",\"caption\":\"Redacci\u00f3n\"},\"url\":\"https:\/\/esbozodeportivo.com\/index.php\/author\/redaccion\/\"}]}<\/script>\n<!-- \/ Yoast SEO plugin. -->","yoast_head_json":{"title":"Walcott gan\u00f3 el oro en jabalina - Esbozo Deportivo","description":"Keshorn Walcott fue el medallista ol\u00edmpico de oro en lanzamiento de jabalina hace 13 a\u00f1os en Londres, y medallista de bronce cuatro a\u00f1os despu\u00e9s en los Juegos de R\u00edo de Janeiro.","robots":{"index":"index","follow":"follow","max-snippet":"max-snippet:-1","max-image-preview":"max-image-preview:large","max-video-preview":"max-video-preview:-1"},"canonical":"https:\/\/esbozodeportivo.com\/index.php\/2025\/09\/18\/walcott-gano-el-oro-en-jabalina\/","og_locale":"es_MX","og_type":"article","og_title":"Walcott gan\u00f3 el oro en jabalina - Esbozo Deportivo","og_description":"Keshorn Walcott fue el medallista ol\u00edmpico de oro en lanzamiento de jabalina hace 13 a\u00f1os en Londres, y medallista de bronce cuatro a\u00f1os despu\u00e9s en los Juegos de R\u00edo de Janeiro.","og_url":"https:\/\/esbozodeportivo.com\/index.php\/2025\/09\/18\/walcott-gano-el-oro-en-jabalina\/","og_site_name":"Esbozo Deportivo","article_published_time":"2025-09-19T05:55:18+00:00","article_modified_time":"2025-09-19T05:55:21+00:00","og_image":[{"width":980,"height":653,"url":"https:\/\/esbozodeportivo.com\/wp-content\/uploads\/2025\/09\/Mundial-de-Atletismo.jpg","type":"image\/jpeg"}],"author":"Redacci\u00f3n","twitter_card":"summary_large_image","twitter_misc":{"Escrito por":"Redacci\u00f3n","Tiempo de lectura":"2 minutos"},"schema":{"@context":"https:\/\/schema.org","@graph":[{"@type":"Article","@id":"https:\/\/esbozodeportivo.com\/index.php\/2025\/09\/18\/walcott-gano-el-oro-en-jabalina\/#article","isPartOf":{"@id":"https:\/\/esbozodeportivo.com\/index.php\/2025\/09\/18\/walcott-gano-el-oro-en-jabalina\/"},"author":{"name":"Redacci\u00f3n","@id":"https:\/\/esbozodeportivo.com\/#\/schema\/person\/0f6df9196dfe6740dd0bb31bae50d374"},"headline":"Walcott gan\u00f3 el oro en jabalina","datePublished":"2025-09-19T05:55:18+00:00","dateModified":"2025-09-19T05:55:21+00:00","mainEntityOfPage":{"@id":"https:\/\/esbozodeportivo.com\/index.php\/2025\/09\/18\/walcott-gano-el-oro-en-jabalina\/"},"wordCount":401,"publisher":{"@id":"https:\/\/esbozodeportivo.com\/#organization"},"image":{"@id":"https:\/\/esbozodeportivo.com\/index.php\/2025\/09\/18\/walcott-gano-el-oro-en-jabalina\/#primaryimage"},"thumbnailUrl":"https:\/\/esbozodeportivo.com\/wp-content\/uploads\/2025\/09\/Mundial-de-Atletismo.jpg","articleSection":["Mundial de Atletismo"],"inLanguage":"es"},{"@type":"WebPage","@id":"https:\/\/esbozodeportivo.com\/index.php\/2025\/09\/18\/walcott-gano-el-oro-en-jabalina\/","url":"https:\/\/esbozodeportivo.com\/index.php\/2025\/09\/18\/walcott-gano-el-oro-en-jabalina\/","name":"Walcott gan\u00f3 el oro en jabalina - Esbozo Deportivo","isPartOf":{"@id":"https:\/\/esbozodeportivo.com\/#website"},"primaryImageOfPage":{"@id":"https:\/\/esbozodeportivo.com\/index.php\/2025\/09\/18\/walcott-gano-el-oro-en-jabalina\/#primaryimage"},"image":{"@id":"https:\/\/esbozodeportivo.com\/index.php\/2025\/09\/18\/walcott-gano-el-oro-en-jabalina\/#primaryimage"},"thumbnailUrl":"https:\/\/esbozodeportivo.com\/wp-content\/uploads\/2025\/09\/Mundial-de-Atletismo.jpg","datePublished":"2025-09-19T05:55:18+00:00","dateModified":"2025-09-19T05:55:21+00:00","description":"Keshorn Walcott fue el medallista ol\u00edmpico de oro en lanzamiento de jabalina hace 13 a\u00f1os en Londres, y medallista de bronce cuatro a\u00f1os despu\u00e9s en los Juegos de R\u00edo de Janeiro.","breadcrumb":{"@id":"https:\/\/esbozodeportivo.com\/index.php\/2025\/09\/18\/walcott-gano-el-oro-en-jabalina\/#breadcrumb"},"inLanguage":"es","potentialAction":[{"@type":"ReadAction","target":["https:\/\/esbozodeportivo.com\/index.php\/2025\/09\/18\/walcott-gano-el-oro-en-jabalina\/"]}]},{"@type":"ImageObject","inLanguage":"es","@id":"https:\/\/esbozodeportivo.com\/index.php\/2025\/09\/18\/walcott-gano-el-oro-en-jabalina\/#primaryimage","url":"https:\/\/esbozodeportivo.com\/wp-content\/uploads\/2025\/09\/Mundial-de-Atletismo.jpg","contentUrl":"https:\/\/esbozodeportivo.com\/wp-content\/uploads\/2025\/09\/Mundial-de-Atletismo.jpg","width":980,"height":653},{"@type":"BreadcrumbList","@id":"https:\/\/esbozodeportivo.com\/index.php\/2025\/09\/18\/walcott-gano-el-oro-en-jabalina\/#breadcrumb","itemListElement":[{"@type":"ListItem","position":1,"name":"Inicio","item":"https:\/\/esbozodeportivo.com\/"},{"@type":"ListItem","position":2,"name":"Walcott gan\u00f3 el oro en jabalina"}]},{"@type":"WebSite","@id":"https:\/\/esbozodeportivo.com\/#website","url":"https:\/\/esbozodeportivo.com\/","name":"Esbozo Deportivo","description":"Lo m\u00e1s importante del Deporte","publisher":{"@id":"https:\/\/esbozodeportivo.com\/#organization"},"potentialAction":[{"@type":"SearchAction","target":{"@type":"EntryPoint","urlTemplate":"https:\/\/esbozodeportivo.com\/?s={search_term_string}"},"query-input":{"@type":"PropertyValueSpecification","valueRequired":true,"valueName":"search_term_string"}}],"inLanguage":"es"},{"@type":"Organization","@id":"https:\/\/esbozodeportivo.com\/#organization","name":"Esbozo Deportivo","url":"https:\/\/esbozodeportivo.com\/","logo":{"@type":"ImageObject","inLanguage":"es","@id":"https:\/\/esbozodeportivo.com\/#\/schema\/logo\/image\/","url":"https:\/\/esbozodeportivo.com\/wp-content\/uploads\/2022\/08\/cropped-Logo-Esbozo-Web-2.png","contentUrl":"https:\/\/esbozodeportivo.com\/wp-content\/uploads\/2022\/08\/cropped-Logo-Esbozo-Web-2.png","width":180,"height":50,"caption":"Esbozo Deportivo"},"image":{"@id":"https:\/\/esbozodeportivo.com\/#\/schema\/logo\/image\/"}},{"@type":"Person","@id":"https:\/\/esbozodeportivo.com\/#\/schema\/person\/0f6df9196dfe6740dd0bb31bae50d374","name":"Redacci\u00f3n","image":{"@type":"ImageObject","inLanguage":"es","@id":"https:\/\/esbozodeportivo.com\/#\/schema\/person\/image\/","url":"https:\/\/secure.gravatar.com\/avatar\/f55268a89c3b418f2ef172ff52ab0d09b3e653c58de29539fe329fb93d78ebf3?s=96&d=mm&r=g","contentUrl":"https:\/\/secure.gravatar.com\/avatar\/f55268a89c3b418f2ef172ff52ab0d09b3e653c58de29539fe329fb93d78ebf3?s=96&d=mm&r=g","caption":"Redacci\u00f3n"},"url":"https:\/\/esbozodeportivo.com\/index.php\/author\/redaccion\/"}]}},"jetpack_featured_media_url":"https:\/\/esbozodeportivo.com\/wp-content\/uploads\/2025\/09\/Mundial-de-Atletismo.jpg","jetpack_sharing_enabled":true,"_links":{"self":[{"href":"https:\/\/esbozodeportivo.com\/index.php\/wp-json\/wp\/v2\/posts\/9832","targetHints":{"allow":["GET"]}}],"collection":[{"href":"https:\/\/esbozodeportivo.com\/index.php\/wp-json\/wp\/v2\/posts"}],"about":[{"href":"https:\/\/esbozodeportivo.com\/index.php\/wp-json\/wp\/v2\/types\/post"}],"author":[{"embeddable":true,"href":"https:\/\/esbozodeportivo.com\/index.php\/wp-json\/wp\/v2\/users\/4"}],"replies":[{"embeddable":true,"href":"https:\/\/esbozodeportivo.com\/index.php\/wp-json\/wp\/v2\/comments?post=9832"}],"version-history":[{"count":1,"href":"https:\/\/esbozodeportivo.com\/index.php\/wp-json\/wp\/v2\/posts\/9832\/revisions"}],"predecessor-version":[{"id":9838,"href":"https:\/\/esbozodeportivo.com\/index.php\/wp-json\/wp\/v2\/posts\/9832\/revisions\/9838"}],"wp:featuredmedia":[{"embeddable":true,"href":"https:\/\/esbozodeportivo.com\/index.php\/wp-json\/wp\/v2\/media\/9835"}],"wp:attachment":[{"href":"https:\/\/esbozodeportivo.com\/index.php\/wp-json\/wp\/v2\/media?parent=9832"}],"wp:term":[{"taxonomy":"category","embeddable":true,"href":"https:\/\/esbozodeportivo.com\/index.php\/wp-json\/wp\/v2\/categories?post=9832"},{"taxonomy":"post_tag","embeddable":true,"href":"https:\/\/esbozodeportivo.com\/index.php\/wp-json\/wp\/v2\/tags?post=9832"}],"curies":[{"name":"wp","href":"https:\/\/api.w.org\/{rel}","templated":true}]}}