{"id":988,"date":"2023-01-27T02:08:02","date_gmt":"2023-01-27T02:08:02","guid":{"rendered":"https:\/\/esbozodeportivo.com\/?p=988"},"modified":"2023-01-27T02:13:16","modified_gmt":"2023-01-27T02:13:16","slug":"el-2023-es-un-ano-muy-competitivo-para-amalia-perez","status":"publish","type":"post","link":"https:\/\/esbozodeportivo.com\/index.php\/2023\/01\/27\/el-2023-es-un-ano-muy-competitivo-para-amalia-perez\/","title":{"rendered":"El 2023 es un a\u00f1o muy competitivo para Amalia P\u00e9rez"},"content":{"rendered":"<style>\/*! elementor - v3.10.1 - 17-01-2023 *\/\n.elementor-widget-image{text-align:center}.elementor-widget-image a{display:inline-block}.elementor-widget-image a img[src$=\".svg\"]{width:48px}.elementor-widget-image img{vertical-align:middle;display:inline-block}<\/style>\n<p>\t\t\t\t\t\t\t\t\t\t\t\t<img decoding=\"async\" width=\"640\" height=\"427\" src=\"https:\/\/esbozodeportivo.com\/wp-content\/uploads\/2023\/01\/Amalia-Perez-1-1024x683.jpeg\" alt=\"\" loading=\"lazy\" srcset=\"https:\/\/esbozodeportivo.com\/wp-content\/uploads\/2023\/01\/Amalia-Perez-1-1024x683.jpeg 1024w, https:\/\/esbozodeportivo.com\/wp-content\/uploads\/2023\/01\/Amalia-Perez-1-300x200.jpeg 300w, https:\/\/esbozodeportivo.com\/wp-content\/uploads\/2023\/01\/Amalia-Perez-1-768x512.jpeg 768w, https:\/\/esbozodeportivo.com\/wp-content\/uploads\/2023\/01\/Amalia-Perez-1.jpeg 1080w\" sizes=\"auto, (max-width: 640px) 100vw, 640px\" \/>\t\t\t\t\t\t\t\t\t\t\t\t\t\t\t<\/p>\n<p>(Foto: CONADE)\u00a0<\/p>\n<p><strong>(Conade).-<\/strong> La cuatro veces campeona de Juegos Paral\u00edmpicos, Amalia P\u00e9rez V\u00e1zquez, tendr\u00e1 en este 2023 un a\u00f1o competitivo fundamental para sus aspiraciones de asistir a Par\u00eds 2024 y refrendar su tetra campeonato, que ostenta tras sus preseas de oro en Beijing 2008, Londres 2012, R\u00edo 2016 y Tokio 2020.<\/p>\n<p>\u201cEste a\u00f1o tenemos el Campeonato Mundial que se realizar\u00e1 en Dub\u00e1i, en el mes de agosto, es un certamen obligatorio en el proceso de clasificaci\u00f3n a los Juegos Paral\u00edmpicos de Par\u00eds 2024, tenemos que estar ah\u00ed porque es parte del filtro que pide el Comit\u00e9 Paral\u00edmpico Internacional (IPC), para asistir a los Juegos y aparte va a dar plazas a los mejores ocho del mundo y a las mejores ocho del mundo\u201d, destac\u00f3 la hist\u00f3rica pesista en entrevista con la Comisi\u00f3n Nacional de Cultura F\u00edsica y Deporte (CONADE).<\/p>\n<p>La tambi\u00e9n poseedora de cinco preseas doradas de Juegos Parapanamericanos comparti\u00f3 que la justa mundialista que se realizar\u00e1 del 23 al 30 de agosto en Emiratos \u00c1rabes Unidos ser\u00e1 su campeonato del orbe n\u00famero 12.<\/p>\n<p>\t\t\t\t\t\t\t\t\t\t\t\t\t\t\t<img decoding=\"async\" width=\"640\" height=\"444\" src=\"https:\/\/esbozodeportivo.com\/wp-content\/uploads\/2023\/01\/Amalia-Perez-1024x711.jpg\" alt=\"\" loading=\"lazy\" srcset=\"https:\/\/esbozodeportivo.com\/wp-content\/uploads\/2023\/01\/Amalia-Perez-1024x711.jpg 1024w, https:\/\/esbozodeportivo.com\/wp-content\/uploads\/2023\/01\/Amalia-Perez-300x208.jpg 300w, https:\/\/esbozodeportivo.com\/wp-content\/uploads\/2023\/01\/Amalia-Perez-768x533.jpg 768w, https:\/\/esbozodeportivo.com\/wp-content\/uploads\/2023\/01\/Amalia-Perez-590x410.jpg 590w, https:\/\/esbozodeportivo.com\/wp-content\/uploads\/2023\/01\/Amalia-Perez.jpg 1280w\" sizes=\"auto, (max-width: 640px) 100vw, 640px\" \/>\t\t\t\t\t\t\t\t\t\t\t\t\t\t\t<\/p>\n<p>(Foto: CONADE)\u00a0<\/p>\n<p style=\"background: white; margin: 12.0pt 0cm .0001pt 0cm;\">\u201cMi primer mundial fue en 1993 en Oklahoma, Estados Unidos, despu\u00e9s tuvimos dos en el 2004, uno en 2008, en 2010, 2012, 2014, 2016, 2017, 2019 y 2021, \u00e9ste ser\u00eda el 12 y con nuevas reglas de premiaci\u00f3n, porque ya lo hacen por la mejor levantadora, por el total del mejor levantamiento, por ser levantadora elite y por ser levantadora leyenda, as\u00ed que ahora tendremos la oportunidad de ganar cuatro medallas en cada competencia\u201d, detall\u00f3 la atleta, quien forma parte de la Federaci\u00f3n Mexicana de Deportes en Sillas de Ruedas y Amputados (FEMEDESRAM).<\/p>\n<p style=\"background: white; margin: 12.0pt 0cm .0001pt 0cm;\">Amalia P\u00e9rez, quien retom\u00f3 a principios de enero su concentraci\u00f3n en el Centro Paral\u00edmpico Mexicano (CEPAMEX), bajo las instrucciones de su entrenador Enrique Alvarado y con apoyo del entrenador auxiliar Oscar Carrillo, resalt\u00f3 que este a\u00f1o se prepara en su nueva categor\u00eda, hasta 67 kilogramos, en la que compiti\u00f3 en diciembre pasado y obtuvo dos metales \u00e1ureos en la Copa del Mundo que se llev\u00f3 a cabo en Dub\u00e1i.<\/p>\n<p style=\"background: white; margin: 12.0pt 0cm .0001pt 0cm;\">\u201cEmpezamos muy bien el a\u00f1o, ya nos abrieron las puertas del CEPAMEX y en este 2023 vienen muchas competencias y selectivos. Este a\u00f1o abriremos con los Juegos Nacionales de la FEMEDESRAM, que ser\u00e1n del 7 al 11 de marzo, en Michoac\u00e1n y estamos en pl\u00e1ticas con la federaci\u00f3n internacional, porque tenemos la intenci\u00f3n de hacer un Open de Para Powerlifting en mayo\u201d, comparti\u00f3 la mexicana, quien en Tokio 2020 fue considerada entre los mejores atletas paral\u00edmpicos del mundo.<\/p>\n<p>\t\t\t\t\t\t\t\t\t\t\t\t\t\t\t<img decoding=\"async\" width=\"640\" height=\"810\" src=\"https:\/\/esbozodeportivo.com\/wp-content\/uploads\/2023\/01\/Amalia-Perez-2-809x1024.jpeg\" alt=\"\" loading=\"lazy\" srcset=\"https:\/\/esbozodeportivo.com\/wp-content\/uploads\/2023\/01\/Amalia-Perez-2-809x1024.jpeg 809w, https:\/\/esbozodeportivo.com\/wp-content\/uploads\/2023\/01\/Amalia-Perez-2-237x300.jpeg 237w, https:\/\/esbozodeportivo.com\/wp-content\/uploads\/2023\/01\/Amalia-Perez-2-768x972.jpeg 768w, https:\/\/esbozodeportivo.com\/wp-content\/uploads\/2023\/01\/Amalia-Perez-2-1024x1296.jpeg 1024w, https:\/\/esbozodeportivo.com\/wp-content\/uploads\/2023\/01\/Amalia-Perez-2.jpeg 1080w\" sizes=\"auto, (max-width: 640px) 100vw, 640px\" \/>\t\t\t\t\t\t\t\t\t\t\t\t\t\t\t<\/p>\n<p>(Foto: CONADE)<\/p>\n<p style=\"background: white; margin: 12.0pt 0cm .0001pt 0cm;\">Resalt\u00f3 que, otro certamen importante del a\u00f1o, son los Juegos Parapanamericanos Santiago 2023, programados del 17 al 26 de noviembre, en los que buscar\u00e1 su sexto metal dorado tras las medallas de oro obtenidas en M\u00e9xico 1999, R\u00edo 2007, Guadalajara 2011, Toronto 2015 y Lima 2019.<\/p>\n<p style=\"background: white; margin: 12.0pt 0cm .0001pt 0cm;\">\u201cLa verdad estoy muy emocionada, porque para pasar por seis justas parapanamericanas y todo el tiempo estar en el top, principalmente lo que hay que cuidar es la salud, cuidar el programa, el trabajo, para no tener lesiones y estar al cien por ciento para hacer un buen papel para M\u00e9xico\u201d, reconoci\u00f3 la actual campeona continental y paral\u00edmpica.<\/p>\n<p style=\"background: white; margin: 12.0pt 0cm .0001pt 0cm;\">Respecto a su categor\u00eda de competencia, explic\u00f3 que a\u00fan no define con cu\u00e1l se quedar\u00e1, ya que acumula puntos en dos.<\/p>\n<p style=\"background: white; margin: 12.0pt 0cm .0001pt 0cm;\">\u201cEste a\u00f1o tenemos un cambio de categor\u00eda estrat\u00e9gicamente, para poder empezar a jugar con lo pesos, estaremos definiendo despu\u00e9s en qu\u00e9 categor\u00eda vamos a estar, pero ahorita trabajamos en la categor\u00eda de hasta 67 kilogramos y en la de hasta 61 kilos, en esas estamos movi\u00e9ndonos, sobre todo para seguir estando dentro de las mejores y poder conseguir una mejor marca\u201d, dijo.<\/p>\n<p>\t\t\t\t\t\t\t\t\t\t\t\t\t\t\t<img decoding=\"async\" width=\"640\" height=\"431\" src=\"https:\/\/esbozodeportivo.com\/wp-content\/uploads\/2023\/01\/Amalia-Perez-3-1024x689.jpeg\" alt=\"\" loading=\"lazy\" srcset=\"https:\/\/esbozodeportivo.com\/wp-content\/uploads\/2023\/01\/Amalia-Perez-3-1024x689.jpeg 1024w, https:\/\/esbozodeportivo.com\/wp-content\/uploads\/2023\/01\/Amalia-Perez-3-300x202.jpeg 300w, https:\/\/esbozodeportivo.com\/wp-content\/uploads\/2023\/01\/Amalia-Perez-3-768x517.jpeg 768w, https:\/\/esbozodeportivo.com\/wp-content\/uploads\/2023\/01\/Amalia-Perez-3.jpeg 1280w\" sizes=\"auto, (max-width: 640px) 100vw, 640px\" \/>\t\t\t\t\t\t\t\t\t\t\t\t\t\t\t<\/p>\n<p>(Foto: CONADE)<\/p>\n<p>Adem\u00e1s, comparti\u00f3 que su compromiso personal es estar al cien por ciento f\u00edsicamente, para lograr todas las metas planteadas.<\/p>\n<p>\u201cMi parte principal es estar consciente de lo que hago, somos atletas de alto rendimiento, es en todo momento cuidarse, entrenar, para que tengas las mejores condiciones y me considero muy bendecida por todo el equipo multidisciplinario que est\u00e1 a mi alrededor, psic\u00f3loga, nutri\u00f3logo, fisiatras, m\u00e9dicos, todos est\u00e1n muy pendientes de mi preparaci\u00f3n y lo agradezco mucho\u201d, finaliz\u00f3.<\/p>\n<p>\u00a0<\/p>\n","protected":false},"excerpt":{"rendered":"<p>(Foto: CONADE)\u00a0 (Conade).- La cuatro veces campeona de Juegos Paral\u00edmpicos, Amalia P\u00e9rez V\u00e1zquez, tendr\u00e1 en<\/p>\n","protected":false},"author":2,"featured_media":0,"comment_status":"open","ping_status":"open","sticky":false,"template":"","format":"standard","meta":{"_jetpack_memberships_contains_paid_content":false,"footnotes":""},"categories":[5],"tags":[],"class_list":["post-988","post","type-post","status-publish","format-standard","hentry","category-amateur"],"yoast_head":"<!-- This site is optimized with the Yoast SEO plugin v25.7 - https:\/\/yoast.com\/wordpress\/plugins\/seo\/ -->\n<title>El 2023 es un a\u00f1o muy competitivo para Amalia P\u00e9rez - Esbozo Deportivo<\/title>\n<meta name=\"robots\" content=\"index, follow, max-snippet:-1, max-image-preview:large, max-video-preview:-1\" \/>\n<link rel=\"canonical\" href=\"https:\/\/esbozodeportivo.com\/index.php\/2023\/01\/27\/el-2023-es-un-ano-muy-competitivo-para-amalia-perez\/\" \/>\n<meta property=\"og:locale\" content=\"es_MX\" \/>\n<meta property=\"og:type\" content=\"article\" \/>\n<meta property=\"og:title\" content=\"El 2023 es un a\u00f1o muy competitivo para Amalia P\u00e9rez - Esbozo Deportivo\" \/>\n<meta property=\"og:description\" content=\"(Foto: CONADE)\u00a0 (Conade).- La cuatro veces campeona de Juegos Paral\u00edmpicos, Amalia P\u00e9rez V\u00e1zquez, tendr\u00e1 en\" \/>\n<meta property=\"og:url\" content=\"https:\/\/esbozodeportivo.com\/index.php\/2023\/01\/27\/el-2023-es-un-ano-muy-competitivo-para-amalia-perez\/\" \/>\n<meta property=\"og:site_name\" content=\"Esbozo Deportivo\" \/>\n<meta property=\"article:published_time\" content=\"2023-01-27T02:08:02+00:00\" \/>\n<meta property=\"article:modified_time\" content=\"2023-01-27T02:13:16+00:00\" \/>\n<meta property=\"og:image\" content=\"https:\/\/esbozodeportivo.com\/wp-content\/uploads\/2023\/01\/Amalia-Perez-1-1024x683.jpeg\" \/>\n<meta name=\"author\" content=\"Javier De La Cruz\" \/>\n<meta name=\"twitter:card\" content=\"summary_large_image\" \/>\n<meta name=\"twitter:label1\" content=\"Escrito por\" \/>\n\t<meta name=\"twitter:data1\" content=\"Javier De La Cruz\" \/>\n\t<meta name=\"twitter:label2\" content=\"Tiempo de lectura\" \/>\n\t<meta name=\"twitter:data2\" content=\"4 minutos\" \/>\n<script type=\"application\/ld+json\" class=\"yoast-schema-graph\">{\"@context\":\"https:\/\/schema.org\",\"@graph\":[{\"@type\":\"Article\",\"@id\":\"https:\/\/esbozodeportivo.com\/index.php\/2023\/01\/27\/el-2023-es-un-ano-muy-competitivo-para-amalia-perez\/#article\",\"isPartOf\":{\"@id\":\"https:\/\/esbozodeportivo.com\/index.php\/2023\/01\/27\/el-2023-es-un-ano-muy-competitivo-para-amalia-perez\/\"},\"author\":{\"name\":\"Javier De La Cruz\",\"@id\":\"https:\/\/esbozodeportivo.com\/#\/schema\/person\/7277119c98823aec37bbb84e125efd44\"},\"headline\":\"El 2023 es un a\u00f1o muy competitivo para Amalia P\u00e9rez\",\"datePublished\":\"2023-01-27T02:08:02+00:00\",\"dateModified\":\"2023-01-27T02:13:16+00:00\",\"mainEntityOfPage\":{\"@id\":\"https:\/\/esbozodeportivo.com\/index.php\/2023\/01\/27\/el-2023-es-un-ano-muy-competitivo-para-amalia-perez\/\"},\"wordCount\":717,\"commentCount\":0,\"publisher\":{\"@id\":\"https:\/\/esbozodeportivo.com\/#organization\"},\"image\":{\"@id\":\"https:\/\/esbozodeportivo.com\/index.php\/2023\/01\/27\/el-2023-es-un-ano-muy-competitivo-para-amalia-perez\/#primaryimage\"},\"thumbnailUrl\":\"https:\/\/esbozodeportivo.com\/wp-content\/uploads\/2023\/01\/Amalia-Perez-1-1024x683.jpeg\",\"articleSection\":[\"Amateur\"],\"inLanguage\":\"es\",\"potentialAction\":[{\"@type\":\"CommentAction\",\"name\":\"Comment\",\"target\":[\"https:\/\/esbozodeportivo.com\/index.php\/2023\/01\/27\/el-2023-es-un-ano-muy-competitivo-para-amalia-perez\/#respond\"]}]},{\"@type\":\"WebPage\",\"@id\":\"https:\/\/esbozodeportivo.com\/index.php\/2023\/01\/27\/el-2023-es-un-ano-muy-competitivo-para-amalia-perez\/\",\"url\":\"https:\/\/esbozodeportivo.com\/index.php\/2023\/01\/27\/el-2023-es-un-ano-muy-competitivo-para-amalia-perez\/\",\"name\":\"El 2023 es un a\u00f1o muy competitivo para Amalia P\u00e9rez - Esbozo Deportivo\",\"isPartOf\":{\"@id\":\"https:\/\/esbozodeportivo.com\/#website\"},\"primaryImageOfPage\":{\"@id\":\"https:\/\/esbozodeportivo.com\/index.php\/2023\/01\/27\/el-2023-es-un-ano-muy-competitivo-para-amalia-perez\/#primaryimage\"},\"image\":{\"@id\":\"https:\/\/esbozodeportivo.com\/index.php\/2023\/01\/27\/el-2023-es-un-ano-muy-competitivo-para-amalia-perez\/#primaryimage\"},\"thumbnailUrl\":\"https:\/\/esbozodeportivo.com\/wp-content\/uploads\/2023\/01\/Amalia-Perez-1-1024x683.jpeg\",\"datePublished\":\"2023-01-27T02:08:02+00:00\",\"dateModified\":\"2023-01-27T02:13:16+00:00\",\"breadcrumb\":{\"@id\":\"https:\/\/esbozodeportivo.com\/index.php\/2023\/01\/27\/el-2023-es-un-ano-muy-competitivo-para-amalia-perez\/#breadcrumb\"},\"inLanguage\":\"es\",\"potentialAction\":[{\"@type\":\"ReadAction\",\"target\":[\"https:\/\/esbozodeportivo.com\/index.php\/2023\/01\/27\/el-2023-es-un-ano-muy-competitivo-para-amalia-perez\/\"]}]},{\"@type\":\"ImageObject\",\"inLanguage\":\"es\",\"@id\":\"https:\/\/esbozodeportivo.com\/index.php\/2023\/01\/27\/el-2023-es-un-ano-muy-competitivo-para-amalia-perez\/#primaryimage\",\"url\":\"https:\/\/esbozodeportivo.com\/wp-content\/uploads\/2023\/01\/Amalia-Perez-1-1024x683.jpeg\",\"contentUrl\":\"https:\/\/esbozodeportivo.com\/wp-content\/uploads\/2023\/01\/Amalia-Perez-1-1024x683.jpeg\"},{\"@type\":\"BreadcrumbList\",\"@id\":\"https:\/\/esbozodeportivo.com\/index.php\/2023\/01\/27\/el-2023-es-un-ano-muy-competitivo-para-amalia-perez\/#breadcrumb\",\"itemListElement\":[{\"@type\":\"ListItem\",\"position\":1,\"name\":\"Inicio\",\"item\":\"https:\/\/esbozodeportivo.com\/\"},{\"@type\":\"ListItem\",\"position\":2,\"name\":\"El 2023 es un a\u00f1o muy competitivo para Amalia P\u00e9rez\"}]},{\"@type\":\"WebSite\",\"@id\":\"https:\/\/esbozodeportivo.com\/#website\",\"url\":\"https:\/\/esbozodeportivo.com\/\",\"name\":\"Esbozo Deportivo\",\"description\":\"Lo m\u00e1s importante del Deporte\",\"publisher\":{\"@id\":\"https:\/\/esbozodeportivo.com\/#organization\"},\"potentialAction\":[{\"@type\":\"SearchAction\",\"target\":{\"@type\":\"EntryPoint\",\"urlTemplate\":\"https:\/\/esbozodeportivo.com\/?s={search_term_string}\"},\"query-input\":{\"@type\":\"PropertyValueSpecification\",\"valueRequired\":true,\"valueName\":\"search_term_string\"}}],\"inLanguage\":\"es\"},{\"@type\":\"Organization\",\"@id\":\"https:\/\/esbozodeportivo.com\/#organization\",\"name\":\"Esbozo Deportivo\",\"url\":\"https:\/\/esbozodeportivo.com\/\",\"logo\":{\"@type\":\"ImageObject\",\"inLanguage\":\"es\",\"@id\":\"https:\/\/esbozodeportivo.com\/#\/schema\/logo\/image\/\",\"url\":\"https:\/\/esbozodeportivo.com\/wp-content\/uploads\/2022\/08\/cropped-Logo-Esbozo-Web-2.png\",\"contentUrl\":\"https:\/\/esbozodeportivo.com\/wp-content\/uploads\/2022\/08\/cropped-Logo-Esbozo-Web-2.png\",\"width\":180,\"height\":50,\"caption\":\"Esbozo Deportivo\"},\"image\":{\"@id\":\"https:\/\/esbozodeportivo.com\/#\/schema\/logo\/image\/\"}},{\"@type\":\"Person\",\"@id\":\"https:\/\/esbozodeportivo.com\/#\/schema\/person\/7277119c98823aec37bbb84e125efd44\",\"name\":\"Javier De La Cruz\",\"image\":{\"@type\":\"ImageObject\",\"inLanguage\":\"es\",\"@id\":\"https:\/\/esbozodeportivo.com\/#\/schema\/person\/image\/\",\"url\":\"https:\/\/secure.gravatar.com\/avatar\/366235a56d20f1a6e8e3d0b295897639357bea880470ddf261d17bb0bc052eb1?s=96&d=mm&r=g\",\"contentUrl\":\"https:\/\/secure.gravatar.com\/avatar\/366235a56d20f1a6e8e3d0b295897639357bea880470ddf261d17bb0bc052eb1?s=96&d=mm&r=g\",\"caption\":\"Javier De La Cruz\"},\"url\":\"https:\/\/esbozodeportivo.com\/index.php\/author\/javier-de-la-cruz-de-la-cruz\/\"}]}<\/script>\n<!-- \/ Yoast SEO plugin. -->","yoast_head_json":{"title":"El 2023 es un a\u00f1o muy competitivo para Amalia P\u00e9rez - Esbozo Deportivo","robots":{"index":"index","follow":"follow","max-snippet":"max-snippet:-1","max-image-preview":"max-image-preview:large","max-video-preview":"max-video-preview:-1"},"canonical":"https:\/\/esbozodeportivo.com\/index.php\/2023\/01\/27\/el-2023-es-un-ano-muy-competitivo-para-amalia-perez\/","og_locale":"es_MX","og_type":"article","og_title":"El 2023 es un a\u00f1o muy competitivo para Amalia P\u00e9rez - Esbozo Deportivo","og_description":"(Foto: CONADE)\u00a0 (Conade).- La cuatro veces campeona de Juegos Paral\u00edmpicos, Amalia P\u00e9rez V\u00e1zquez, tendr\u00e1 en","og_url":"https:\/\/esbozodeportivo.com\/index.php\/2023\/01\/27\/el-2023-es-un-ano-muy-competitivo-para-amalia-perez\/","og_site_name":"Esbozo Deportivo","article_published_time":"2023-01-27T02:08:02+00:00","article_modified_time":"2023-01-27T02:13:16+00:00","og_image":[{"url":"https:\/\/esbozodeportivo.com\/wp-content\/uploads\/2023\/01\/Amalia-Perez-1-1024x683.jpeg","type":"","width":"","height":""}],"author":"Javier De La Cruz","twitter_card":"summary_large_image","twitter_misc":{"Escrito por":"Javier De La Cruz","Tiempo de lectura":"4 minutos"},"schema":{"@context":"https:\/\/schema.org","@graph":[{"@type":"Article","@id":"https:\/\/esbozodeportivo.com\/index.php\/2023\/01\/27\/el-2023-es-un-ano-muy-competitivo-para-amalia-perez\/#article","isPartOf":{"@id":"https:\/\/esbozodeportivo.com\/index.php\/2023\/01\/27\/el-2023-es-un-ano-muy-competitivo-para-amalia-perez\/"},"author":{"name":"Javier De La Cruz","@id":"https:\/\/esbozodeportivo.com\/#\/schema\/person\/7277119c98823aec37bbb84e125efd44"},"headline":"El 2023 es un a\u00f1o muy competitivo para Amalia P\u00e9rez","datePublished":"2023-01-27T02:08:02+00:00","dateModified":"2023-01-27T02:13:16+00:00","mainEntityOfPage":{"@id":"https:\/\/esbozodeportivo.com\/index.php\/2023\/01\/27\/el-2023-es-un-ano-muy-competitivo-para-amalia-perez\/"},"wordCount":717,"commentCount":0,"publisher":{"@id":"https:\/\/esbozodeportivo.com\/#organization"},"image":{"@id":"https:\/\/esbozodeportivo.com\/index.php\/2023\/01\/27\/el-2023-es-un-ano-muy-competitivo-para-amalia-perez\/#primaryimage"},"thumbnailUrl":"https:\/\/esbozodeportivo.com\/wp-content\/uploads\/2023\/01\/Amalia-Perez-1-1024x683.jpeg","articleSection":["Amateur"],"inLanguage":"es","potentialAction":[{"@type":"CommentAction","name":"Comment","target":["https:\/\/esbozodeportivo.com\/index.php\/2023\/01\/27\/el-2023-es-un-ano-muy-competitivo-para-amalia-perez\/#respond"]}]},{"@type":"WebPage","@id":"https:\/\/esbozodeportivo.com\/index.php\/2023\/01\/27\/el-2023-es-un-ano-muy-competitivo-para-amalia-perez\/","url":"https:\/\/esbozodeportivo.com\/index.php\/2023\/01\/27\/el-2023-es-un-ano-muy-competitivo-para-amalia-perez\/","name":"El 2023 es un a\u00f1o muy competitivo para Amalia P\u00e9rez - Esbozo Deportivo","isPartOf":{"@id":"https:\/\/esbozodeportivo.com\/#website"},"primaryImageOfPage":{"@id":"https:\/\/esbozodeportivo.com\/index.php\/2023\/01\/27\/el-2023-es-un-ano-muy-competitivo-para-amalia-perez\/#primaryimage"},"image":{"@id":"https:\/\/esbozodeportivo.com\/index.php\/2023\/01\/27\/el-2023-es-un-ano-muy-competitivo-para-amalia-perez\/#primaryimage"},"thumbnailUrl":"https:\/\/esbozodeportivo.com\/wp-content\/uploads\/2023\/01\/Amalia-Perez-1-1024x683.jpeg","datePublished":"2023-01-27T02:08:02+00:00","dateModified":"2023-01-27T02:13:16+00:00","breadcrumb":{"@id":"https:\/\/esbozodeportivo.com\/index.php\/2023\/01\/27\/el-2023-es-un-ano-muy-competitivo-para-amalia-perez\/#breadcrumb"},"inLanguage":"es","potentialAction":[{"@type":"ReadAction","target":["https:\/\/esbozodeportivo.com\/index.php\/2023\/01\/27\/el-2023-es-un-ano-muy-competitivo-para-amalia-perez\/"]}]},{"@type":"ImageObject","inLanguage":"es","@id":"https:\/\/esbozodeportivo.com\/index.php\/2023\/01\/27\/el-2023-es-un-ano-muy-competitivo-para-amalia-perez\/#primaryimage","url":"https:\/\/esbozodeportivo.com\/wp-content\/uploads\/2023\/01\/Amalia-Perez-1-1024x683.jpeg","contentUrl":"https:\/\/esbozodeportivo.com\/wp-content\/uploads\/2023\/01\/Amalia-Perez-1-1024x683.jpeg"},{"@type":"BreadcrumbList","@id":"https:\/\/esbozodeportivo.com\/index.php\/2023\/01\/27\/el-2023-es-un-ano-muy-competitivo-para-amalia-perez\/#breadcrumb","itemListElement":[{"@type":"ListItem","position":1,"name":"Inicio","item":"https:\/\/esbozodeportivo.com\/"},{"@type":"ListItem","position":2,"name":"El 2023 es un a\u00f1o muy competitivo para Amalia P\u00e9rez"}]},{"@type":"WebSite","@id":"https:\/\/esbozodeportivo.com\/#website","url":"https:\/\/esbozodeportivo.com\/","name":"Esbozo Deportivo","description":"Lo m\u00e1s importante del Deporte","publisher":{"@id":"https:\/\/esbozodeportivo.com\/#organization"},"potentialAction":[{"@type":"SearchAction","target":{"@type":"EntryPoint","urlTemplate":"https:\/\/esbozodeportivo.com\/?s={search_term_string}"},"query-input":{"@type":"PropertyValueSpecification","valueRequired":true,"valueName":"search_term_string"}}],"inLanguage":"es"},{"@type":"Organization","@id":"https:\/\/esbozodeportivo.com\/#organization","name":"Esbozo Deportivo","url":"https:\/\/esbozodeportivo.com\/","logo":{"@type":"ImageObject","inLanguage":"es","@id":"https:\/\/esbozodeportivo.com\/#\/schema\/logo\/image\/","url":"https:\/\/esbozodeportivo.com\/wp-content\/uploads\/2022\/08\/cropped-Logo-Esbozo-Web-2.png","contentUrl":"https:\/\/esbozodeportivo.com\/wp-content\/uploads\/2022\/08\/cropped-Logo-Esbozo-Web-2.png","width":180,"height":50,"caption":"Esbozo Deportivo"},"image":{"@id":"https:\/\/esbozodeportivo.com\/#\/schema\/logo\/image\/"}},{"@type":"Person","@id":"https:\/\/esbozodeportivo.com\/#\/schema\/person\/7277119c98823aec37bbb84e125efd44","name":"Javier De La Cruz","image":{"@type":"ImageObject","inLanguage":"es","@id":"https:\/\/esbozodeportivo.com\/#\/schema\/person\/image\/","url":"https:\/\/secure.gravatar.com\/avatar\/366235a56d20f1a6e8e3d0b295897639357bea880470ddf261d17bb0bc052eb1?s=96&d=mm&r=g","contentUrl":"https:\/\/secure.gravatar.com\/avatar\/366235a56d20f1a6e8e3d0b295897639357bea880470ddf261d17bb0bc052eb1?s=96&d=mm&r=g","caption":"Javier De La Cruz"},"url":"https:\/\/esbozodeportivo.com\/index.php\/author\/javier-de-la-cruz-de-la-cruz\/"}]}},"jetpack_featured_media_url":"","jetpack_sharing_enabled":true,"_links":{"self":[{"href":"https:\/\/esbozodeportivo.com\/index.php\/wp-json\/wp\/v2\/posts\/988","targetHints":{"allow":["GET"]}}],"collection":[{"href":"https:\/\/esbozodeportivo.com\/index.php\/wp-json\/wp\/v2\/posts"}],"about":[{"href":"https:\/\/esbozodeportivo.com\/index.php\/wp-json\/wp\/v2\/types\/post"}],"author":[{"embeddable":true,"href":"https:\/\/esbozodeportivo.com\/index.php\/wp-json\/wp\/v2\/users\/2"}],"replies":[{"embeddable":true,"href":"https:\/\/esbozodeportivo.com\/index.php\/wp-json\/wp\/v2\/comments?post=988"}],"version-history":[{"count":4,"href":"https:\/\/esbozodeportivo.com\/index.php\/wp-json\/wp\/v2\/posts\/988\/revisions"}],"predecessor-version":[{"id":996,"href":"https:\/\/esbozodeportivo.com\/index.php\/wp-json\/wp\/v2\/posts\/988\/revisions\/996"}],"wp:attachment":[{"href":"https:\/\/esbozodeportivo.com\/index.php\/wp-json\/wp\/v2\/media?parent=988"}],"wp:term":[{"taxonomy":"category","embeddable":true,"href":"https:\/\/esbozodeportivo.com\/index.php\/wp-json\/wp\/v2\/categories?post=988"},{"taxonomy":"post_tag","embeddable":true,"href":"https:\/\/esbozodeportivo.com\/index.php\/wp-json\/wp\/v2\/tags?post=988"}],"curies":[{"name":"wp","href":"https:\/\/api.w.org\/{rel}","templated":true}]}}