{"id":9931,"date":"2025-09-22T17:27:42","date_gmt":"2025-09-22T23:27:42","guid":{"rendered":"https:\/\/esbozodeportivo.com\/?p=9931"},"modified":"2025-09-22T17:31:10","modified_gmt":"2025-09-22T23:31:10","slug":"estudiantes-de-oaxaca-protestaranmanana-en-la-mananera-de-claudia-sheinbaum","status":"publish","type":"post","link":"https:\/\/esbozodeportivo.com\/index.php\/2025\/09\/22\/estudiantes-de-oaxaca-protestaranmanana-en-la-mananera-de-claudia-sheinbaum\/","title":{"rendered":"Estudiantes de Oaxaca protestar\u00e1n ma\u00f1ana en \u201cLa Ma\u00f1anera\u201d de Claudia Sheinbaum"},"content":{"rendered":"\n<p>(Foto: Cortes\u00eda) <\/p>\n\n\n\n<ul class=\"wp-block-list\">\n<li><strong>Solicitan intervenci\u00f3n del Gobierno Federal para que se detenga la persecuci\u00f3n y represi\u00f3n contra estudiantes.<\/strong><\/li>\n<\/ul>\n\n\n\n<ul class=\"wp-block-list\">\n<li><strong>Llevan m\u00e1s de 6 meses en lucha y el gobierno de Salom\u00f3n Jara no los escucha ni atiende.<\/strong><\/li>\n<\/ul>\n\n\n\n<p><strong>Ciudad de M\u00e9xico.-<\/strong> Cientos de estudiantes de Oaxaca, organizados en la Federaci\u00f3n Nacional de Estudiantes Revolucionarios \u201cRafael Ram\u00edrez\u201d (FNERRR), protestar\u00e1n ma\u00f1ana, martes 23 de septiembre, en &#8220;La Ma\u00f1anera&#8221; de la presidenta Claudia Sheinbaum Pardo para solicitarle una entrevista e informarle que en Oaxaca se reprime a los estudiantes, se les despoja de sus albergues estudiantiles y el gobierno del Estado que encabeza el morenista Salom\u00f3n Jara Cruz, no ha detenido a los autores intelectuales y materiales.<\/p>\n\n\n\n<p>La protesta en la Ciudad de M\u00e9xico se da luego de que, en Oaxaca, a pesar de haber solicitado la intervenci\u00f3n del gobierno Estatal para detener la represi\u00f3n y persecuci\u00f3n pol\u00edtica contra estudiantes y, tras realizar varias protestas como cadenas humanas, m\u00edtines, eventos culturales, difusiones y denuncias, el gobierno de la entidad no interviene y sigue mostrando una pol\u00edtica de o\u00eddos sordos hacia las peticiones y exigencias estudiantiles.<\/p>\n\n\n\n<figure class=\"wp-block-image size-large\"><img loading=\"lazy\" decoding=\"async\" width=\"1024\" height=\"671\" src=\"https:\/\/esbozodeportivo.com\/wp-content\/uploads\/2025\/09\/Antorcha-1024x671.jpg\" alt=\"\" class=\"wp-image-9932\" srcset=\"https:\/\/esbozodeportivo.com\/wp-content\/uploads\/2025\/09\/Antorcha-1024x671.jpg 1024w, https:\/\/esbozodeportivo.com\/wp-content\/uploads\/2025\/09\/Antorcha-300x197.jpg 300w, https:\/\/esbozodeportivo.com\/wp-content\/uploads\/2025\/09\/Antorcha-768x503.jpg 768w, https:\/\/esbozodeportivo.com\/wp-content\/uploads\/2025\/09\/Antorcha-1536x1006.jpg 1536w, https:\/\/esbozodeportivo.com\/wp-content\/uploads\/2025\/09\/Antorcha.jpg 1600w\" sizes=\"auto, (max-width: 1024px) 100vw, 1024px\" \/><\/figure>\n\n\n\n<p>(Foto: Cortes\u00eda) <\/p>\n\n\n\n<p>Cabe recordar que la \u00faltima acci\u00f3n represiva se dio la noche del 5 de agosto del presente a\u00f1o, cuando un grupo de veinte personas armadas allan\u00f3 el Albergue Estudiantil \u201cVillas de Monte Alb\u00e1n\u201d y saque\u00f3 una tienda de abarrotes del Movimiento Antorchista; con esa agresi\u00f3n ya van tres actos represivos, vand\u00e1licos y de persecuci\u00f3n pol\u00edtica y ninguna autoridad competente y encargada de velar por la seguridad de los oaxaque\u00f1os ha intervenido. Es por esto que los estudiantes organizados en la FNERRR y padres de familia organizados en Antorcha han decidido escalar su denuncia y se presentar\u00e1n ma\u00f1ana martes 23 de septiembre, en un grupo de al menos dos mil personas, frente a Palacio Nacional donde se realiza &#8220;La Ma\u00f1anera&#8221;.<\/p>\n\n\n\n<p>Rolando Reyes L\u00e1zaro, dirigente de Antorcha en Oaxaca, refiri\u00f3 que: &#8220;pediremos que la presidenta Claudia Sheinbaum intervenga en Oaxaca para que se haga justicia y se castigue a los responsables de allanar casas de estudiantes y saquear tiendas de abarrotes; exigimos seguridad para los albergues estudiantiles y que sean devueltas las pertenencias que fueron hurtadas a los j\u00f3venes\u201d.<\/p>\n\n\n\n<figure class=\"wp-block-image size-large\"><img loading=\"lazy\" decoding=\"async\" width=\"1024\" height=\"612\" src=\"https:\/\/esbozodeportivo.com\/wp-content\/uploads\/2025\/09\/Antorcha2-1024x612.jpg\" alt=\"\" class=\"wp-image-9934\" srcset=\"https:\/\/esbozodeportivo.com\/wp-content\/uploads\/2025\/09\/Antorcha2-1024x612.jpg 1024w, https:\/\/esbozodeportivo.com\/wp-content\/uploads\/2025\/09\/Antorcha2-300x179.jpg 300w, https:\/\/esbozodeportivo.com\/wp-content\/uploads\/2025\/09\/Antorcha2-768x459.jpg 768w, https:\/\/esbozodeportivo.com\/wp-content\/uploads\/2025\/09\/Antorcha2-1536x919.jpg 1536w, https:\/\/esbozodeportivo.com\/wp-content\/uploads\/2025\/09\/Antorcha2.jpg 1600w\" sizes=\"auto, (max-width: 1024px) 100vw, 1024px\" \/><\/figure>\n\n\n\n<p>(Foto: Cortes\u00eda) <\/p>\n\n\n\n<p>Los j\u00f3venes oaxaque\u00f1os ser\u00e1n respaldados por comisiones de estudiantes de otras casas de estudiantes y de escuelas de la Ciudad de M\u00e9xico y del Estado de M\u00e9xico y se sumar\u00e1 tambi\u00e9n un grupo de antorchistas, quienes han manifestado que si no son escuchados por parte de la m\u00e1s alta autoridad del pa\u00eds anunciar\u00e1n nuevas acciones de protestas para los pr\u00f3ximos d\u00edas tanto en Oaxaca, como a nivel nacional.<\/p>\n\n\n\n<figure class=\"wp-block-image size-large\"><img loading=\"lazy\" decoding=\"async\" width=\"1024\" height=\"658\" src=\"https:\/\/esbozodeportivo.com\/wp-content\/uploads\/2025\/09\/Antorcha1-1024x658.jpg\" alt=\"\" class=\"wp-image-9933\" srcset=\"https:\/\/esbozodeportivo.com\/wp-content\/uploads\/2025\/09\/Antorcha1-1024x658.jpg 1024w, https:\/\/esbozodeportivo.com\/wp-content\/uploads\/2025\/09\/Antorcha1-300x193.jpg 300w, https:\/\/esbozodeportivo.com\/wp-content\/uploads\/2025\/09\/Antorcha1-768x493.jpg 768w, https:\/\/esbozodeportivo.com\/wp-content\/uploads\/2025\/09\/Antorcha1-1536x987.jpg 1536w, https:\/\/esbozodeportivo.com\/wp-content\/uploads\/2025\/09\/Antorcha1.jpg 1600w\" sizes=\"auto, (max-width: 1024px) 100vw, 1024px\" \/><\/figure>\n\n\n\n<p>(Foto: Cortes\u00eda) <\/p>\n\n\n\n<p><\/p>\n","protected":false},"excerpt":{"rendered":"<p>(Foto: Cortes\u00eda) Ciudad de M\u00e9xico.- Cientos de estudiantes de Oaxaca, organizados en la Federaci\u00f3n Nacional<\/p>\n","protected":false},"author":4,"featured_media":9935,"comment_status":"closed","ping_status":"open","sticky":false,"template":"","format":"standard","meta":{"_jetpack_memberships_contains_paid_content":false,"footnotes":""},"categories":[36],"tags":[],"class_list":["post-9931","post","type-post","status-publish","format-standard","has-post-thumbnail","hentry","category-nacional"],"yoast_head":"<!-- This site is optimized with the Yoast SEO plugin v25.7 - https:\/\/yoast.com\/wordpress\/plugins\/seo\/ -->\n<title>Estudiantes de Oaxaca protestar\u00e1n ma\u00f1ana en \u201cLa Ma\u00f1anera\u201d de Claudia Sheinbaum - Esbozo Deportivo<\/title>\n<meta name=\"description\" content=\"Cientos de estudiantes de Oaxaca, organizados en la Federaci\u00f3n Nacional de Estudiantes Revolucionarios \u201cRafael Ram\u00edrez\u201d (FNERRR), protestar\u00e1n ma\u00f1ana, martes 23 de septiembre, en &quot;La Ma\u00f1anera&quot; de la presidenta Claudia Sheinbaum Pardo para solicitarle una entrevista e informarle que en Oaxaca se reprime a los estudiantes, se les despoja de sus albergues estudiantiles y el gobierno del Estado que encabeza el morenista Salom\u00f3n Jara Cruz, no ha detenido a los autores intelectuales y materiales.\" \/>\n<meta name=\"robots\" content=\"index, follow, max-snippet:-1, max-image-preview:large, max-video-preview:-1\" \/>\n<link rel=\"canonical\" href=\"https:\/\/esbozodeportivo.com\/index.php\/2025\/09\/22\/estudiantes-de-oaxaca-protestaranmanana-en-la-mananera-de-claudia-sheinbaum\/\" \/>\n<meta property=\"og:locale\" content=\"es_MX\" \/>\n<meta property=\"og:type\" content=\"article\" \/>\n<meta property=\"og:title\" content=\"Estudiantes de Oaxaca protestar\u00e1n ma\u00f1ana en \u201cLa Ma\u00f1anera\u201d de Claudia Sheinbaum - Esbozo Deportivo\" \/>\n<meta property=\"og:description\" content=\"Cientos de estudiantes de Oaxaca, organizados en la Federaci\u00f3n Nacional de Estudiantes Revolucionarios \u201cRafael Ram\u00edrez\u201d (FNERRR), protestar\u00e1n ma\u00f1ana, martes 23 de septiembre, en &quot;La Ma\u00f1anera&quot; de la presidenta Claudia Sheinbaum Pardo para solicitarle una entrevista e informarle que en Oaxaca se reprime a los estudiantes, se les despoja de sus albergues estudiantiles y el gobierno del Estado que encabeza el morenista Salom\u00f3n Jara Cruz, no ha detenido a los autores intelectuales y materiales.\" \/>\n<meta property=\"og:url\" content=\"https:\/\/esbozodeportivo.com\/index.php\/2025\/09\/22\/estudiantes-de-oaxaca-protestaranmanana-en-la-mananera-de-claudia-sheinbaum\/\" \/>\n<meta property=\"og:site_name\" content=\"Esbozo Deportivo\" \/>\n<meta property=\"article:published_time\" content=\"2025-09-22T23:27:42+00:00\" \/>\n<meta property=\"article:modified_time\" content=\"2025-09-22T23:31:10+00:00\" \/>\n<meta property=\"og:image\" content=\"https:\/\/esbozodeportivo.com\/wp-content\/uploads\/2025\/09\/Antorcha3.jpg\" \/>\n\t<meta property=\"og:image:width\" content=\"1455\" \/>\n\t<meta property=\"og:image:height\" content=\"952\" \/>\n\t<meta property=\"og:image:type\" content=\"image\/jpeg\" \/>\n<meta name=\"author\" content=\"Redacci\u00f3n\" \/>\n<meta name=\"twitter:card\" content=\"summary_large_image\" \/>\n<meta name=\"twitter:label1\" content=\"Escrito por\" \/>\n\t<meta name=\"twitter:data1\" content=\"Redacci\u00f3n\" \/>\n\t<meta name=\"twitter:label2\" content=\"Tiempo de lectura\" \/>\n\t<meta name=\"twitter:data2\" content=\"3 minutos\" \/>\n<script type=\"application\/ld+json\" class=\"yoast-schema-graph\">{\"@context\":\"https:\/\/schema.org\",\"@graph\":[{\"@type\":\"Article\",\"@id\":\"https:\/\/esbozodeportivo.com\/index.php\/2025\/09\/22\/estudiantes-de-oaxaca-protestaranmanana-en-la-mananera-de-claudia-sheinbaum\/#article\",\"isPartOf\":{\"@id\":\"https:\/\/esbozodeportivo.com\/index.php\/2025\/09\/22\/estudiantes-de-oaxaca-protestaranmanana-en-la-mananera-de-claudia-sheinbaum\/\"},\"author\":{\"name\":\"Redacci\u00f3n\",\"@id\":\"https:\/\/esbozodeportivo.com\/#\/schema\/person\/0f6df9196dfe6740dd0bb31bae50d374\"},\"headline\":\"Estudiantes de Oaxaca protestar\u00e1n ma\u00f1ana en \u201cLa Ma\u00f1anera\u201d de Claudia Sheinbaum\",\"datePublished\":\"2025-09-22T23:27:42+00:00\",\"dateModified\":\"2025-09-22T23:31:10+00:00\",\"mainEntityOfPage\":{\"@id\":\"https:\/\/esbozodeportivo.com\/index.php\/2025\/09\/22\/estudiantes-de-oaxaca-protestaranmanana-en-la-mananera-de-claudia-sheinbaum\/\"},\"wordCount\":489,\"publisher\":{\"@id\":\"https:\/\/esbozodeportivo.com\/#organization\"},\"image\":{\"@id\":\"https:\/\/esbozodeportivo.com\/index.php\/2025\/09\/22\/estudiantes-de-oaxaca-protestaranmanana-en-la-mananera-de-claudia-sheinbaum\/#primaryimage\"},\"thumbnailUrl\":\"https:\/\/esbozodeportivo.com\/wp-content\/uploads\/2025\/09\/Antorcha3.jpg\",\"articleSection\":[\"Nacional\"],\"inLanguage\":\"es\"},{\"@type\":\"WebPage\",\"@id\":\"https:\/\/esbozodeportivo.com\/index.php\/2025\/09\/22\/estudiantes-de-oaxaca-protestaranmanana-en-la-mananera-de-claudia-sheinbaum\/\",\"url\":\"https:\/\/esbozodeportivo.com\/index.php\/2025\/09\/22\/estudiantes-de-oaxaca-protestaranmanana-en-la-mananera-de-claudia-sheinbaum\/\",\"name\":\"Estudiantes de Oaxaca protestar\u00e1n ma\u00f1ana en \u201cLa Ma\u00f1anera\u201d de Claudia Sheinbaum - Esbozo Deportivo\",\"isPartOf\":{\"@id\":\"https:\/\/esbozodeportivo.com\/#website\"},\"primaryImageOfPage\":{\"@id\":\"https:\/\/esbozodeportivo.com\/index.php\/2025\/09\/22\/estudiantes-de-oaxaca-protestaranmanana-en-la-mananera-de-claudia-sheinbaum\/#primaryimage\"},\"image\":{\"@id\":\"https:\/\/esbozodeportivo.com\/index.php\/2025\/09\/22\/estudiantes-de-oaxaca-protestaranmanana-en-la-mananera-de-claudia-sheinbaum\/#primaryimage\"},\"thumbnailUrl\":\"https:\/\/esbozodeportivo.com\/wp-content\/uploads\/2025\/09\/Antorcha3.jpg\",\"datePublished\":\"2025-09-22T23:27:42+00:00\",\"dateModified\":\"2025-09-22T23:31:10+00:00\",\"description\":\"Cientos de estudiantes de Oaxaca, organizados en la Federaci\u00f3n Nacional de Estudiantes Revolucionarios \u201cRafael Ram\u00edrez\u201d (FNERRR), protestar\u00e1n ma\u00f1ana, martes 23 de septiembre, en \\\"La Ma\u00f1anera\\\" de la presidenta Claudia Sheinbaum Pardo para solicitarle una entrevista e informarle que en Oaxaca se reprime a los estudiantes, se les despoja de sus albergues estudiantiles y el gobierno del Estado que encabeza el morenista Salom\u00f3n Jara Cruz, no ha detenido a los autores intelectuales y materiales.\",\"breadcrumb\":{\"@id\":\"https:\/\/esbozodeportivo.com\/index.php\/2025\/09\/22\/estudiantes-de-oaxaca-protestaranmanana-en-la-mananera-de-claudia-sheinbaum\/#breadcrumb\"},\"inLanguage\":\"es\",\"potentialAction\":[{\"@type\":\"ReadAction\",\"target\":[\"https:\/\/esbozodeportivo.com\/index.php\/2025\/09\/22\/estudiantes-de-oaxaca-protestaranmanana-en-la-mananera-de-claudia-sheinbaum\/\"]}]},{\"@type\":\"ImageObject\",\"inLanguage\":\"es\",\"@id\":\"https:\/\/esbozodeportivo.com\/index.php\/2025\/09\/22\/estudiantes-de-oaxaca-protestaranmanana-en-la-mananera-de-claudia-sheinbaum\/#primaryimage\",\"url\":\"https:\/\/esbozodeportivo.com\/wp-content\/uploads\/2025\/09\/Antorcha3.jpg\",\"contentUrl\":\"https:\/\/esbozodeportivo.com\/wp-content\/uploads\/2025\/09\/Antorcha3.jpg\",\"width\":1455,\"height\":952},{\"@type\":\"BreadcrumbList\",\"@id\":\"https:\/\/esbozodeportivo.com\/index.php\/2025\/09\/22\/estudiantes-de-oaxaca-protestaranmanana-en-la-mananera-de-claudia-sheinbaum\/#breadcrumb\",\"itemListElement\":[{\"@type\":\"ListItem\",\"position\":1,\"name\":\"Inicio\",\"item\":\"https:\/\/esbozodeportivo.com\/\"},{\"@type\":\"ListItem\",\"position\":2,\"name\":\"Estudiantes de Oaxaca protestar\u00e1n ma\u00f1ana en \u201cLa Ma\u00f1anera\u201d de Claudia Sheinbaum\"}]},{\"@type\":\"WebSite\",\"@id\":\"https:\/\/esbozodeportivo.com\/#website\",\"url\":\"https:\/\/esbozodeportivo.com\/\",\"name\":\"Esbozo Deportivo\",\"description\":\"Lo m\u00e1s importante del Deporte\",\"publisher\":{\"@id\":\"https:\/\/esbozodeportivo.com\/#organization\"},\"potentialAction\":[{\"@type\":\"SearchAction\",\"target\":{\"@type\":\"EntryPoint\",\"urlTemplate\":\"https:\/\/esbozodeportivo.com\/?s={search_term_string}\"},\"query-input\":{\"@type\":\"PropertyValueSpecification\",\"valueRequired\":true,\"valueName\":\"search_term_string\"}}],\"inLanguage\":\"es\"},{\"@type\":\"Organization\",\"@id\":\"https:\/\/esbozodeportivo.com\/#organization\",\"name\":\"Esbozo Deportivo\",\"url\":\"https:\/\/esbozodeportivo.com\/\",\"logo\":{\"@type\":\"ImageObject\",\"inLanguage\":\"es\",\"@id\":\"https:\/\/esbozodeportivo.com\/#\/schema\/logo\/image\/\",\"url\":\"https:\/\/esbozodeportivo.com\/wp-content\/uploads\/2022\/08\/cropped-Logo-Esbozo-Web-2.png\",\"contentUrl\":\"https:\/\/esbozodeportivo.com\/wp-content\/uploads\/2022\/08\/cropped-Logo-Esbozo-Web-2.png\",\"width\":180,\"height\":50,\"caption\":\"Esbozo Deportivo\"},\"image\":{\"@id\":\"https:\/\/esbozodeportivo.com\/#\/schema\/logo\/image\/\"}},{\"@type\":\"Person\",\"@id\":\"https:\/\/esbozodeportivo.com\/#\/schema\/person\/0f6df9196dfe6740dd0bb31bae50d374\",\"name\":\"Redacci\u00f3n\",\"image\":{\"@type\":\"ImageObject\",\"inLanguage\":\"es\",\"@id\":\"https:\/\/esbozodeportivo.com\/#\/schema\/person\/image\/\",\"url\":\"https:\/\/secure.gravatar.com\/avatar\/f55268a89c3b418f2ef172ff52ab0d09b3e653c58de29539fe329fb93d78ebf3?s=96&d=mm&r=g\",\"contentUrl\":\"https:\/\/secure.gravatar.com\/avatar\/f55268a89c3b418f2ef172ff52ab0d09b3e653c58de29539fe329fb93d78ebf3?s=96&d=mm&r=g\",\"caption\":\"Redacci\u00f3n\"},\"url\":\"https:\/\/esbozodeportivo.com\/index.php\/author\/redaccion\/\"}]}<\/script>\n<!-- \/ Yoast SEO plugin. -->","yoast_head_json":{"title":"Estudiantes de Oaxaca protestar\u00e1n ma\u00f1ana en \u201cLa Ma\u00f1anera\u201d de Claudia Sheinbaum - Esbozo Deportivo","description":"Cientos de estudiantes de Oaxaca, organizados en la Federaci\u00f3n Nacional de Estudiantes Revolucionarios \u201cRafael Ram\u00edrez\u201d (FNERRR), protestar\u00e1n ma\u00f1ana, martes 23 de septiembre, en \"La Ma\u00f1anera\" de la presidenta Claudia Sheinbaum Pardo para solicitarle una entrevista e informarle que en Oaxaca se reprime a los estudiantes, se les despoja de sus albergues estudiantiles y el gobierno del Estado que encabeza el morenista Salom\u00f3n Jara Cruz, no ha detenido a los autores intelectuales y materiales.","robots":{"index":"index","follow":"follow","max-snippet":"max-snippet:-1","max-image-preview":"max-image-preview:large","max-video-preview":"max-video-preview:-1"},"canonical":"https:\/\/esbozodeportivo.com\/index.php\/2025\/09\/22\/estudiantes-de-oaxaca-protestaranmanana-en-la-mananera-de-claudia-sheinbaum\/","og_locale":"es_MX","og_type":"article","og_title":"Estudiantes de Oaxaca protestar\u00e1n ma\u00f1ana en \u201cLa Ma\u00f1anera\u201d de Claudia Sheinbaum - Esbozo Deportivo","og_description":"Cientos de estudiantes de Oaxaca, organizados en la Federaci\u00f3n Nacional de Estudiantes Revolucionarios \u201cRafael Ram\u00edrez\u201d (FNERRR), protestar\u00e1n ma\u00f1ana, martes 23 de septiembre, en \"La Ma\u00f1anera\" de la presidenta Claudia Sheinbaum Pardo para solicitarle una entrevista e informarle que en Oaxaca se reprime a los estudiantes, se les despoja de sus albergues estudiantiles y el gobierno del Estado que encabeza el morenista Salom\u00f3n Jara Cruz, no ha detenido a los autores intelectuales y materiales.","og_url":"https:\/\/esbozodeportivo.com\/index.php\/2025\/09\/22\/estudiantes-de-oaxaca-protestaranmanana-en-la-mananera-de-claudia-sheinbaum\/","og_site_name":"Esbozo Deportivo","article_published_time":"2025-09-22T23:27:42+00:00","article_modified_time":"2025-09-22T23:31:10+00:00","og_image":[{"width":1455,"height":952,"url":"https:\/\/esbozodeportivo.com\/wp-content\/uploads\/2025\/09\/Antorcha3.jpg","type":"image\/jpeg"}],"author":"Redacci\u00f3n","twitter_card":"summary_large_image","twitter_misc":{"Escrito por":"Redacci\u00f3n","Tiempo de lectura":"3 minutos"},"schema":{"@context":"https:\/\/schema.org","@graph":[{"@type":"Article","@id":"https:\/\/esbozodeportivo.com\/index.php\/2025\/09\/22\/estudiantes-de-oaxaca-protestaranmanana-en-la-mananera-de-claudia-sheinbaum\/#article","isPartOf":{"@id":"https:\/\/esbozodeportivo.com\/index.php\/2025\/09\/22\/estudiantes-de-oaxaca-protestaranmanana-en-la-mananera-de-claudia-sheinbaum\/"},"author":{"name":"Redacci\u00f3n","@id":"https:\/\/esbozodeportivo.com\/#\/schema\/person\/0f6df9196dfe6740dd0bb31bae50d374"},"headline":"Estudiantes de Oaxaca protestar\u00e1n ma\u00f1ana en \u201cLa Ma\u00f1anera\u201d de Claudia Sheinbaum","datePublished":"2025-09-22T23:27:42+00:00","dateModified":"2025-09-22T23:31:10+00:00","mainEntityOfPage":{"@id":"https:\/\/esbozodeportivo.com\/index.php\/2025\/09\/22\/estudiantes-de-oaxaca-protestaranmanana-en-la-mananera-de-claudia-sheinbaum\/"},"wordCount":489,"publisher":{"@id":"https:\/\/esbozodeportivo.com\/#organization"},"image":{"@id":"https:\/\/esbozodeportivo.com\/index.php\/2025\/09\/22\/estudiantes-de-oaxaca-protestaranmanana-en-la-mananera-de-claudia-sheinbaum\/#primaryimage"},"thumbnailUrl":"https:\/\/esbozodeportivo.com\/wp-content\/uploads\/2025\/09\/Antorcha3.jpg","articleSection":["Nacional"],"inLanguage":"es"},{"@type":"WebPage","@id":"https:\/\/esbozodeportivo.com\/index.php\/2025\/09\/22\/estudiantes-de-oaxaca-protestaranmanana-en-la-mananera-de-claudia-sheinbaum\/","url":"https:\/\/esbozodeportivo.com\/index.php\/2025\/09\/22\/estudiantes-de-oaxaca-protestaranmanana-en-la-mananera-de-claudia-sheinbaum\/","name":"Estudiantes de Oaxaca protestar\u00e1n ma\u00f1ana en \u201cLa Ma\u00f1anera\u201d de Claudia Sheinbaum - Esbozo Deportivo","isPartOf":{"@id":"https:\/\/esbozodeportivo.com\/#website"},"primaryImageOfPage":{"@id":"https:\/\/esbozodeportivo.com\/index.php\/2025\/09\/22\/estudiantes-de-oaxaca-protestaranmanana-en-la-mananera-de-claudia-sheinbaum\/#primaryimage"},"image":{"@id":"https:\/\/esbozodeportivo.com\/index.php\/2025\/09\/22\/estudiantes-de-oaxaca-protestaranmanana-en-la-mananera-de-claudia-sheinbaum\/#primaryimage"},"thumbnailUrl":"https:\/\/esbozodeportivo.com\/wp-content\/uploads\/2025\/09\/Antorcha3.jpg","datePublished":"2025-09-22T23:27:42+00:00","dateModified":"2025-09-22T23:31:10+00:00","description":"Cientos de estudiantes de Oaxaca, organizados en la Federaci\u00f3n Nacional de Estudiantes Revolucionarios \u201cRafael Ram\u00edrez\u201d (FNERRR), protestar\u00e1n ma\u00f1ana, martes 23 de septiembre, en \"La Ma\u00f1anera\" de la presidenta Claudia Sheinbaum Pardo para solicitarle una entrevista e informarle que en Oaxaca se reprime a los estudiantes, se les despoja de sus albergues estudiantiles y el gobierno del Estado que encabeza el morenista Salom\u00f3n Jara Cruz, no ha detenido a los autores intelectuales y materiales.","breadcrumb":{"@id":"https:\/\/esbozodeportivo.com\/index.php\/2025\/09\/22\/estudiantes-de-oaxaca-protestaranmanana-en-la-mananera-de-claudia-sheinbaum\/#breadcrumb"},"inLanguage":"es","potentialAction":[{"@type":"ReadAction","target":["https:\/\/esbozodeportivo.com\/index.php\/2025\/09\/22\/estudiantes-de-oaxaca-protestaranmanana-en-la-mananera-de-claudia-sheinbaum\/"]}]},{"@type":"ImageObject","inLanguage":"es","@id":"https:\/\/esbozodeportivo.com\/index.php\/2025\/09\/22\/estudiantes-de-oaxaca-protestaranmanana-en-la-mananera-de-claudia-sheinbaum\/#primaryimage","url":"https:\/\/esbozodeportivo.com\/wp-content\/uploads\/2025\/09\/Antorcha3.jpg","contentUrl":"https:\/\/esbozodeportivo.com\/wp-content\/uploads\/2025\/09\/Antorcha3.jpg","width":1455,"height":952},{"@type":"BreadcrumbList","@id":"https:\/\/esbozodeportivo.com\/index.php\/2025\/09\/22\/estudiantes-de-oaxaca-protestaranmanana-en-la-mananera-de-claudia-sheinbaum\/#breadcrumb","itemListElement":[{"@type":"ListItem","position":1,"name":"Inicio","item":"https:\/\/esbozodeportivo.com\/"},{"@type":"ListItem","position":2,"name":"Estudiantes de Oaxaca protestar\u00e1n ma\u00f1ana en \u201cLa Ma\u00f1anera\u201d de Claudia Sheinbaum"}]},{"@type":"WebSite","@id":"https:\/\/esbozodeportivo.com\/#website","url":"https:\/\/esbozodeportivo.com\/","name":"Esbozo Deportivo","description":"Lo m\u00e1s importante del Deporte","publisher":{"@id":"https:\/\/esbozodeportivo.com\/#organization"},"potentialAction":[{"@type":"SearchAction","target":{"@type":"EntryPoint","urlTemplate":"https:\/\/esbozodeportivo.com\/?s={search_term_string}"},"query-input":{"@type":"PropertyValueSpecification","valueRequired":true,"valueName":"search_term_string"}}],"inLanguage":"es"},{"@type":"Organization","@id":"https:\/\/esbozodeportivo.com\/#organization","name":"Esbozo Deportivo","url":"https:\/\/esbozodeportivo.com\/","logo":{"@type":"ImageObject","inLanguage":"es","@id":"https:\/\/esbozodeportivo.com\/#\/schema\/logo\/image\/","url":"https:\/\/esbozodeportivo.com\/wp-content\/uploads\/2022\/08\/cropped-Logo-Esbozo-Web-2.png","contentUrl":"https:\/\/esbozodeportivo.com\/wp-content\/uploads\/2022\/08\/cropped-Logo-Esbozo-Web-2.png","width":180,"height":50,"caption":"Esbozo Deportivo"},"image":{"@id":"https:\/\/esbozodeportivo.com\/#\/schema\/logo\/image\/"}},{"@type":"Person","@id":"https:\/\/esbozodeportivo.com\/#\/schema\/person\/0f6df9196dfe6740dd0bb31bae50d374","name":"Redacci\u00f3n","image":{"@type":"ImageObject","inLanguage":"es","@id":"https:\/\/esbozodeportivo.com\/#\/schema\/person\/image\/","url":"https:\/\/secure.gravatar.com\/avatar\/f55268a89c3b418f2ef172ff52ab0d09b3e653c58de29539fe329fb93d78ebf3?s=96&d=mm&r=g","contentUrl":"https:\/\/secure.gravatar.com\/avatar\/f55268a89c3b418f2ef172ff52ab0d09b3e653c58de29539fe329fb93d78ebf3?s=96&d=mm&r=g","caption":"Redacci\u00f3n"},"url":"https:\/\/esbozodeportivo.com\/index.php\/author\/redaccion\/"}]}},"jetpack_featured_media_url":"https:\/\/esbozodeportivo.com\/wp-content\/uploads\/2025\/09\/Antorcha3.jpg","jetpack_sharing_enabled":true,"_links":{"self":[{"href":"https:\/\/esbozodeportivo.com\/index.php\/wp-json\/wp\/v2\/posts\/9931","targetHints":{"allow":["GET"]}}],"collection":[{"href":"https:\/\/esbozodeportivo.com\/index.php\/wp-json\/wp\/v2\/posts"}],"about":[{"href":"https:\/\/esbozodeportivo.com\/index.php\/wp-json\/wp\/v2\/types\/post"}],"author":[{"embeddable":true,"href":"https:\/\/esbozodeportivo.com\/index.php\/wp-json\/wp\/v2\/users\/4"}],"replies":[{"embeddable":true,"href":"https:\/\/esbozodeportivo.com\/index.php\/wp-json\/wp\/v2\/comments?post=9931"}],"version-history":[{"count":2,"href":"https:\/\/esbozodeportivo.com\/index.php\/wp-json\/wp\/v2\/posts\/9931\/revisions"}],"predecessor-version":[{"id":9937,"href":"https:\/\/esbozodeportivo.com\/index.php\/wp-json\/wp\/v2\/posts\/9931\/revisions\/9937"}],"wp:featuredmedia":[{"embeddable":true,"href":"https:\/\/esbozodeportivo.com\/index.php\/wp-json\/wp\/v2\/media\/9935"}],"wp:attachment":[{"href":"https:\/\/esbozodeportivo.com\/index.php\/wp-json\/wp\/v2\/media?parent=9931"}],"wp:term":[{"taxonomy":"category","embeddable":true,"href":"https:\/\/esbozodeportivo.com\/index.php\/wp-json\/wp\/v2\/categories?post=9931"},{"taxonomy":"post_tag","embeddable":true,"href":"https:\/\/esbozodeportivo.com\/index.php\/wp-json\/wp\/v2\/tags?post=9931"}],"curies":[{"name":"wp","href":"https:\/\/api.w.org\/{rel}","templated":true}]}}