{"id":9941,"date":"2025-09-22T23:39:54","date_gmt":"2025-09-23T05:39:54","guid":{"rendered":"https:\/\/esbozodeportivo.com\/?p=9941"},"modified":"2025-09-22T23:39:55","modified_gmt":"2025-09-23T05:39:55","slug":"lista-la-seleccion-mexicana-de-golf-que-asistira-al-laac-2026-en-peru","status":"publish","type":"post","link":"https:\/\/esbozodeportivo.com\/index.php\/2025\/09\/22\/lista-la-seleccion-mexicana-de-golf-que-asistira-al-laac-2026-en-peru\/","title":{"rendered":"Lista la Selecci\u00f3n Mexicana de Golf que asistir\u00e1 al LAAC 2026 en Per\u00fa"},"content":{"rendered":"\n<p><strong>(Fotos: Cortes\u00eda)<\/strong> <\/p>\n\n\n\n<p>La Federaci\u00f3n Mexicana de Golf se complace en anunciar a los jugadores que representar\u00e1n a nuestro pa\u00eds en el <strong>Latin America Amateur Championship (LAAC) 2026<\/strong>, uno de los torneos m\u00e1s prestigiosos a nivel aficionado en el continente, organizado por el Masters Tournament, The R&amp;A y la USGA.<\/p>\n\n\n\n<p>El campeonato se disputar\u00e1 del <strong>15 al 18 de enero de 2026<\/strong> en el <strong>Lima Golf Club de Lima, Per\u00fa<\/strong>, y reunir\u00e1 a los mejores golfistas amateurs de Latinoam\u00e9rica y el Caribe.<\/p>\n\n\n\n<p>Con base en la convocatoria del torneo y el corte en la semana 36 del World Amateur Golf Ranking (WAGR), los seleccionados mexicanos son:<\/p>\n\n\n\n<figure class=\"wp-block-image size-large\"><img loading=\"lazy\" decoding=\"async\" width=\"1024\" height=\"682\" src=\"https:\/\/esbozodeportivo.com\/wp-content\/uploads\/2025\/09\/Golf-7-1024x682.jpg\" alt=\"\" class=\"wp-image-9942\" srcset=\"https:\/\/esbozodeportivo.com\/wp-content\/uploads\/2025\/09\/Golf-7-1024x682.jpg 1024w, https:\/\/esbozodeportivo.com\/wp-content\/uploads\/2025\/09\/Golf-7-300x200.jpg 300w, https:\/\/esbozodeportivo.com\/wp-content\/uploads\/2025\/09\/Golf-7-768x512.jpg 768w, https:\/\/esbozodeportivo.com\/wp-content\/uploads\/2025\/09\/Golf-7-1536x1023.jpg 1536w, https:\/\/esbozodeportivo.com\/wp-content\/uploads\/2025\/09\/Golf-7-2048x1364.jpg 2048w\" sizes=\"auto, (max-width: 1024px) 100vw, 1024px\" \/><\/figure>\n\n\n\n<p><strong>Carlos Astiazar\u00e1n <\/strong><\/p>\n\n\n\n<figure class=\"wp-block-image size-large\"><img loading=\"lazy\" decoding=\"async\" width=\"1024\" height=\"682\" src=\"https:\/\/esbozodeportivo.com\/wp-content\/uploads\/2025\/09\/Golf1-1-1024x682.jpg\" alt=\"\" class=\"wp-image-9943\" srcset=\"https:\/\/esbozodeportivo.com\/wp-content\/uploads\/2025\/09\/Golf1-1-1024x682.jpg 1024w, https:\/\/esbozodeportivo.com\/wp-content\/uploads\/2025\/09\/Golf1-1-300x200.jpg 300w, https:\/\/esbozodeportivo.com\/wp-content\/uploads\/2025\/09\/Golf1-1-768x512.jpg 768w, https:\/\/esbozodeportivo.com\/wp-content\/uploads\/2025\/09\/Golf1-1-1536x1023.jpg 1536w, https:\/\/esbozodeportivo.com\/wp-content\/uploads\/2025\/09\/Golf1-1-2048x1364.jpg 2048w\" sizes=\"auto, (max-width: 1024px) 100vw, 1024px\" \/><\/figure>\n\n\n\n<p><strong>Gerardo G\u00f3mez<\/strong><\/p>\n\n\n\n<figure class=\"wp-block-image size-large\"><img loading=\"lazy\" decoding=\"async\" width=\"1024\" height=\"635\" src=\"https:\/\/esbozodeportivo.com\/wp-content\/uploads\/2025\/09\/Golf2-1-1024x635.jpg\" alt=\"\" class=\"wp-image-9944\" srcset=\"https:\/\/esbozodeportivo.com\/wp-content\/uploads\/2025\/09\/Golf2-1-1024x635.jpg 1024w, https:\/\/esbozodeportivo.com\/wp-content\/uploads\/2025\/09\/Golf2-1-300x186.jpg 300w, https:\/\/esbozodeportivo.com\/wp-content\/uploads\/2025\/09\/Golf2-1-768x476.jpg 768w, https:\/\/esbozodeportivo.com\/wp-content\/uploads\/2025\/09\/Golf2-1-1536x953.jpg 1536w, https:\/\/esbozodeportivo.com\/wp-content\/uploads\/2025\/09\/Golf2-1-2048x1270.jpg 2048w\" sizes=\"auto, (max-width: 1024px) 100vw, 1024px\" \/><\/figure>\n\n\n\n<p><strong>H\u00e9ctor Gonz\u00e1lez Cramer<\/strong><\/p>\n\n\n\n<figure class=\"wp-block-image size-large\"><img loading=\"lazy\" decoding=\"async\" width=\"1024\" height=\"682\" src=\"https:\/\/esbozodeportivo.com\/wp-content\/uploads\/2025\/09\/Golf3-1-1024x682.jpg\" alt=\"\" class=\"wp-image-9945\" srcset=\"https:\/\/esbozodeportivo.com\/wp-content\/uploads\/2025\/09\/Golf3-1-1024x682.jpg 1024w, https:\/\/esbozodeportivo.com\/wp-content\/uploads\/2025\/09\/Golf3-1-300x200.jpg 300w, https:\/\/esbozodeportivo.com\/wp-content\/uploads\/2025\/09\/Golf3-1-768x511.jpg 768w, https:\/\/esbozodeportivo.com\/wp-content\/uploads\/2025\/09\/Golf3-1-1536x1022.jpg 1536w, https:\/\/esbozodeportivo.com\/wp-content\/uploads\/2025\/09\/Golf3-1.jpg 1600w\" sizes=\"auto, (max-width: 1024px) 100vw, 1024px\" \/><\/figure>\n\n\n\n<p><strong>Carlos Trevi\u00f1o Derbez<\/strong><\/p>\n\n\n\n<figure class=\"wp-block-image size-large is-resized\"><img loading=\"lazy\" decoding=\"async\" width=\"682\" height=\"1024\" src=\"https:\/\/esbozodeportivo.com\/wp-content\/uploads\/2025\/09\/Golf4-682x1024.jpg\" alt=\"\" class=\"wp-image-9946\" style=\"width:740px;height:auto\" srcset=\"https:\/\/esbozodeportivo.com\/wp-content\/uploads\/2025\/09\/Golf4-682x1024.jpg 682w, https:\/\/esbozodeportivo.com\/wp-content\/uploads\/2025\/09\/Golf4-200x300.jpg 200w, https:\/\/esbozodeportivo.com\/wp-content\/uploads\/2025\/09\/Golf4-768x1153.jpg 768w, https:\/\/esbozodeportivo.com\/wp-content\/uploads\/2025\/09\/Golf4-1023x1536.jpg 1023w, https:\/\/esbozodeportivo.com\/wp-content\/uploads\/2025\/09\/Golf4-1024x1537.jpg 1024w, https:\/\/esbozodeportivo.com\/wp-content\/uploads\/2025\/09\/Golf4.jpg 1066w\" sizes=\"auto, (max-width: 682px) 100vw, 682px\" \/><\/figure>\n\n\n\n<p><strong>Jos\u00e9 L\u00f3pez<\/strong><\/p>\n\n\n\n<figure class=\"wp-block-image size-large\"><img loading=\"lazy\" decoding=\"async\" width=\"1024\" height=\"655\" src=\"https:\/\/esbozodeportivo.com\/wp-content\/uploads\/2025\/09\/Golf5-1024x655.jpg\" alt=\"\" class=\"wp-image-9947\" srcset=\"https:\/\/esbozodeportivo.com\/wp-content\/uploads\/2025\/09\/Golf5-1024x655.jpg 1024w, https:\/\/esbozodeportivo.com\/wp-content\/uploads\/2025\/09\/Golf5-300x192.jpg 300w, https:\/\/esbozodeportivo.com\/wp-content\/uploads\/2025\/09\/Golf5-768x492.jpg 768w, https:\/\/esbozodeportivo.com\/wp-content\/uploads\/2025\/09\/Golf5-1536x983.jpg 1536w, https:\/\/esbozodeportivo.com\/wp-content\/uploads\/2025\/09\/Golf5.jpg 1600w\" sizes=\"auto, (max-width: 1024px) 100vw, 1024px\" \/><\/figure>\n\n\n\n<p><strong>Jos\u00e9 Antonio Safa<\/strong><\/p>\n\n\n\n<h2 class=\"wp-block-heading\">M\u00e9xico en el LAAC<\/h2>\n\n\n\n<p>Casa de Campo en Rep\u00fablica Dominicana vio a <strong>\u00c1lvaro Ortiz<\/strong> alcanzar la gloria en 2019 y <strong>Santiago de la Fuente<\/strong> hizo lo propio en la edici\u00f3n de 2024 con Santa Mar\u00eda Golf Club en Panam\u00e1 como sede. Ambos jugadores se hab\u00edan quedado cerca del t\u00edtulo en otras ediciones y finalmente consiguieron el triunfo para nuestro pa\u00eds en su etapa final como amateurs.<\/p>\n\n\n\n<p>Otros jugadores nacionales que se han subido al podio son: <strong>\u00d3mar Morales, Luis Carrera y Aaron Terrazas<\/strong> que fueron subcampeones en 2024, 2023 y 2020 respectivamente, mientras que <strong>Gerardo G\u00f3mez<\/strong> fue tercer lugar en 2025.<\/p>\n\n\n\n<p>El LAAC es considerado una de las m\u00e1ximas vitrinas para los golfistas amateurs de la regi\u00f3n. El campe\u00f3n recibir\u00e1 una invitaci\u00f3n al Masters Tournament y exenciones para The Open, el U.S. Open, The Amateur Championship, y el U.S. Amateur Championship; el subcampe\u00f3n recibir\u00e1 exenciones para las Etapas Finales de Clasificaci\u00f3n de The Open y el U.S. Open.<\/p>\n\n\n\n<p>La Federaci\u00f3n Mexicana de Golf felicita a nuestros representantes por obtener su lugar y les desea el mayor de los \u00e9xitos en esta importante competencia internacional. Seguiremos de cerca la participaci\u00f3n de estos seis talentosos golfistas y podr\u00e1n encontrar informaci\u00f3n en nuestras plataformas oficiales.<\/p>\n\n\n\n<p><\/p>\n","protected":false},"excerpt":{"rendered":"<p>(Fotos: Cortes\u00eda) La Federaci\u00f3n Mexicana de Golf se complace en anunciar a los jugadores que<\/p>\n","protected":false},"author":4,"featured_media":9948,"comment_status":"closed","ping_status":"open","sticky":false,"template":"","format":"standard","meta":{"_jetpack_memberships_contains_paid_content":false,"footnotes":""},"categories":[53],"tags":[],"class_list":["post-9941","post","type-post","status-publish","format-standard","has-post-thumbnail","hentry","category-golf-internacional"],"yoast_head":"<!-- This site is optimized with the Yoast SEO plugin v25.7 - https:\/\/yoast.com\/wordpress\/plugins\/seo\/ -->\n<title>Lista la Selecci\u00f3n Mexicana de Golf que asistir\u00e1 al LAAC 2026 en Per\u00fa - Esbozo Deportivo<\/title>\n<meta name=\"description\" content=\"La Federaci\u00f3n Mexicana de Golf se complace en anunciar a los jugadores que representar\u00e1n a nuestro pa\u00eds en el Latin America Amateur Championship (LAAC) 2026, uno de los torneos m\u00e1s prestigiosos a nivel aficionado en el continente, organizado por el Masters Tournament, The R&amp;A y la USGA.\" \/>\n<meta name=\"robots\" content=\"index, follow, max-snippet:-1, max-image-preview:large, max-video-preview:-1\" \/>\n<link rel=\"canonical\" href=\"https:\/\/esbozodeportivo.com\/index.php\/2025\/09\/22\/lista-la-seleccion-mexicana-de-golf-que-asistira-al-laac-2026-en-peru\/\" \/>\n<meta property=\"og:locale\" content=\"es_MX\" \/>\n<meta property=\"og:type\" content=\"article\" \/>\n<meta property=\"og:title\" content=\"Lista la Selecci\u00f3n Mexicana de Golf que asistir\u00e1 al LAAC 2026 en Per\u00fa - Esbozo Deportivo\" \/>\n<meta property=\"og:description\" content=\"La Federaci\u00f3n Mexicana de Golf se complace en anunciar a los jugadores que representar\u00e1n a nuestro pa\u00eds en el Latin America Amateur Championship (LAAC) 2026, uno de los torneos m\u00e1s prestigiosos a nivel aficionado en el continente, organizado por el Masters Tournament, The R&amp;A y la USGA.\" \/>\n<meta property=\"og:url\" content=\"https:\/\/esbozodeportivo.com\/index.php\/2025\/09\/22\/lista-la-seleccion-mexicana-de-golf-que-asistira-al-laac-2026-en-peru\/\" \/>\n<meta property=\"og:site_name\" content=\"Esbozo Deportivo\" \/>\n<meta property=\"article:published_time\" content=\"2025-09-23T05:39:54+00:00\" \/>\n<meta property=\"article:modified_time\" content=\"2025-09-23T05:39:55+00:00\" \/>\n<meta property=\"og:image\" content=\"https:\/\/esbozodeportivo.com\/wp-content\/uploads\/2025\/09\/Golf6.jpg\" \/>\n\t<meta property=\"og:image:width\" content=\"2560\" \/>\n\t<meta property=\"og:image:height\" content=\"1708\" \/>\n\t<meta property=\"og:image:type\" content=\"image\/jpeg\" \/>\n<meta name=\"author\" content=\"Redacci\u00f3n\" \/>\n<meta name=\"twitter:card\" content=\"summary_large_image\" \/>\n<meta name=\"twitter:label1\" content=\"Escrito por\" \/>\n\t<meta name=\"twitter:data1\" content=\"Redacci\u00f3n\" \/>\n\t<meta name=\"twitter:label2\" content=\"Tiempo de lectura\" \/>\n\t<meta name=\"twitter:data2\" content=\"3 minutos\" \/>\n<script type=\"application\/ld+json\" class=\"yoast-schema-graph\">{\"@context\":\"https:\/\/schema.org\",\"@graph\":[{\"@type\":\"Article\",\"@id\":\"https:\/\/esbozodeportivo.com\/index.php\/2025\/09\/22\/lista-la-seleccion-mexicana-de-golf-que-asistira-al-laac-2026-en-peru\/#article\",\"isPartOf\":{\"@id\":\"https:\/\/esbozodeportivo.com\/index.php\/2025\/09\/22\/lista-la-seleccion-mexicana-de-golf-que-asistira-al-laac-2026-en-peru\/\"},\"author\":{\"name\":\"Redacci\u00f3n\",\"@id\":\"https:\/\/esbozodeportivo.com\/#\/schema\/person\/0f6df9196dfe6740dd0bb31bae50d374\"},\"headline\":\"Lista la Selecci\u00f3n Mexicana de Golf que asistir\u00e1 al LAAC 2026 en Per\u00fa\",\"datePublished\":\"2025-09-23T05:39:54+00:00\",\"dateModified\":\"2025-09-23T05:39:55+00:00\",\"mainEntityOfPage\":{\"@id\":\"https:\/\/esbozodeportivo.com\/index.php\/2025\/09\/22\/lista-la-seleccion-mexicana-de-golf-que-asistira-al-laac-2026-en-peru\/\"},\"wordCount\":359,\"publisher\":{\"@id\":\"https:\/\/esbozodeportivo.com\/#organization\"},\"image\":{\"@id\":\"https:\/\/esbozodeportivo.com\/index.php\/2025\/09\/22\/lista-la-seleccion-mexicana-de-golf-que-asistira-al-laac-2026-en-peru\/#primaryimage\"},\"thumbnailUrl\":\"https:\/\/esbozodeportivo.com\/wp-content\/uploads\/2025\/09\/Golf6.jpg\",\"articleSection\":[\"Golf Internacional\"],\"inLanguage\":\"es\"},{\"@type\":\"WebPage\",\"@id\":\"https:\/\/esbozodeportivo.com\/index.php\/2025\/09\/22\/lista-la-seleccion-mexicana-de-golf-que-asistira-al-laac-2026-en-peru\/\",\"url\":\"https:\/\/esbozodeportivo.com\/index.php\/2025\/09\/22\/lista-la-seleccion-mexicana-de-golf-que-asistira-al-laac-2026-en-peru\/\",\"name\":\"Lista la Selecci\u00f3n Mexicana de Golf que asistir\u00e1 al LAAC 2026 en Per\u00fa - Esbozo Deportivo\",\"isPartOf\":{\"@id\":\"https:\/\/esbozodeportivo.com\/#website\"},\"primaryImageOfPage\":{\"@id\":\"https:\/\/esbozodeportivo.com\/index.php\/2025\/09\/22\/lista-la-seleccion-mexicana-de-golf-que-asistira-al-laac-2026-en-peru\/#primaryimage\"},\"image\":{\"@id\":\"https:\/\/esbozodeportivo.com\/index.php\/2025\/09\/22\/lista-la-seleccion-mexicana-de-golf-que-asistira-al-laac-2026-en-peru\/#primaryimage\"},\"thumbnailUrl\":\"https:\/\/esbozodeportivo.com\/wp-content\/uploads\/2025\/09\/Golf6.jpg\",\"datePublished\":\"2025-09-23T05:39:54+00:00\",\"dateModified\":\"2025-09-23T05:39:55+00:00\",\"description\":\"La Federaci\u00f3n Mexicana de Golf se complace en anunciar a los jugadores que representar\u00e1n a nuestro pa\u00eds en el Latin America Amateur Championship (LAAC) 2026, uno de los torneos m\u00e1s prestigiosos a nivel aficionado en el continente, organizado por el Masters Tournament, The R&A y la USGA.\",\"breadcrumb\":{\"@id\":\"https:\/\/esbozodeportivo.com\/index.php\/2025\/09\/22\/lista-la-seleccion-mexicana-de-golf-que-asistira-al-laac-2026-en-peru\/#breadcrumb\"},\"inLanguage\":\"es\",\"potentialAction\":[{\"@type\":\"ReadAction\",\"target\":[\"https:\/\/esbozodeportivo.com\/index.php\/2025\/09\/22\/lista-la-seleccion-mexicana-de-golf-que-asistira-al-laac-2026-en-peru\/\"]}]},{\"@type\":\"ImageObject\",\"inLanguage\":\"es\",\"@id\":\"https:\/\/esbozodeportivo.com\/index.php\/2025\/09\/22\/lista-la-seleccion-mexicana-de-golf-que-asistira-al-laac-2026-en-peru\/#primaryimage\",\"url\":\"https:\/\/esbozodeportivo.com\/wp-content\/uploads\/2025\/09\/Golf6.jpg\",\"contentUrl\":\"https:\/\/esbozodeportivo.com\/wp-content\/uploads\/2025\/09\/Golf6.jpg\",\"width\":2560,\"height\":1708},{\"@type\":\"BreadcrumbList\",\"@id\":\"https:\/\/esbozodeportivo.com\/index.php\/2025\/09\/22\/lista-la-seleccion-mexicana-de-golf-que-asistira-al-laac-2026-en-peru\/#breadcrumb\",\"itemListElement\":[{\"@type\":\"ListItem\",\"position\":1,\"name\":\"Inicio\",\"item\":\"https:\/\/esbozodeportivo.com\/\"},{\"@type\":\"ListItem\",\"position\":2,\"name\":\"Lista la Selecci\u00f3n Mexicana de Golf que asistir\u00e1 al LAAC 2026 en Per\u00fa\"}]},{\"@type\":\"WebSite\",\"@id\":\"https:\/\/esbozodeportivo.com\/#website\",\"url\":\"https:\/\/esbozodeportivo.com\/\",\"name\":\"Esbozo Deportivo\",\"description\":\"Lo m\u00e1s importante del Deporte\",\"publisher\":{\"@id\":\"https:\/\/esbozodeportivo.com\/#organization\"},\"potentialAction\":[{\"@type\":\"SearchAction\",\"target\":{\"@type\":\"EntryPoint\",\"urlTemplate\":\"https:\/\/esbozodeportivo.com\/?s={search_term_string}\"},\"query-input\":{\"@type\":\"PropertyValueSpecification\",\"valueRequired\":true,\"valueName\":\"search_term_string\"}}],\"inLanguage\":\"es\"},{\"@type\":\"Organization\",\"@id\":\"https:\/\/esbozodeportivo.com\/#organization\",\"name\":\"Esbozo Deportivo\",\"url\":\"https:\/\/esbozodeportivo.com\/\",\"logo\":{\"@type\":\"ImageObject\",\"inLanguage\":\"es\",\"@id\":\"https:\/\/esbozodeportivo.com\/#\/schema\/logo\/image\/\",\"url\":\"https:\/\/esbozodeportivo.com\/wp-content\/uploads\/2022\/08\/cropped-Logo-Esbozo-Web-2.png\",\"contentUrl\":\"https:\/\/esbozodeportivo.com\/wp-content\/uploads\/2022\/08\/cropped-Logo-Esbozo-Web-2.png\",\"width\":180,\"height\":50,\"caption\":\"Esbozo Deportivo\"},\"image\":{\"@id\":\"https:\/\/esbozodeportivo.com\/#\/schema\/logo\/image\/\"}},{\"@type\":\"Person\",\"@id\":\"https:\/\/esbozodeportivo.com\/#\/schema\/person\/0f6df9196dfe6740dd0bb31bae50d374\",\"name\":\"Redacci\u00f3n\",\"image\":{\"@type\":\"ImageObject\",\"inLanguage\":\"es\",\"@id\":\"https:\/\/esbozodeportivo.com\/#\/schema\/person\/image\/\",\"url\":\"https:\/\/secure.gravatar.com\/avatar\/f55268a89c3b418f2ef172ff52ab0d09b3e653c58de29539fe329fb93d78ebf3?s=96&d=mm&r=g\",\"contentUrl\":\"https:\/\/secure.gravatar.com\/avatar\/f55268a89c3b418f2ef172ff52ab0d09b3e653c58de29539fe329fb93d78ebf3?s=96&d=mm&r=g\",\"caption\":\"Redacci\u00f3n\"},\"url\":\"https:\/\/esbozodeportivo.com\/index.php\/author\/redaccion\/\"}]}<\/script>\n<!-- \/ Yoast SEO plugin. -->","yoast_head_json":{"title":"Lista la Selecci\u00f3n Mexicana de Golf que asistir\u00e1 al LAAC 2026 en Per\u00fa - Esbozo Deportivo","description":"La Federaci\u00f3n Mexicana de Golf se complace en anunciar a los jugadores que representar\u00e1n a nuestro pa\u00eds en el Latin America Amateur Championship (LAAC) 2026, uno de los torneos m\u00e1s prestigiosos a nivel aficionado en el continente, organizado por el Masters Tournament, The R&A y la USGA.","robots":{"index":"index","follow":"follow","max-snippet":"max-snippet:-1","max-image-preview":"max-image-preview:large","max-video-preview":"max-video-preview:-1"},"canonical":"https:\/\/esbozodeportivo.com\/index.php\/2025\/09\/22\/lista-la-seleccion-mexicana-de-golf-que-asistira-al-laac-2026-en-peru\/","og_locale":"es_MX","og_type":"article","og_title":"Lista la Selecci\u00f3n Mexicana de Golf que asistir\u00e1 al LAAC 2026 en Per\u00fa - Esbozo Deportivo","og_description":"La Federaci\u00f3n Mexicana de Golf se complace en anunciar a los jugadores que representar\u00e1n a nuestro pa\u00eds en el Latin America Amateur Championship (LAAC) 2026, uno de los torneos m\u00e1s prestigiosos a nivel aficionado en el continente, organizado por el Masters Tournament, The R&A y la USGA.","og_url":"https:\/\/esbozodeportivo.com\/index.php\/2025\/09\/22\/lista-la-seleccion-mexicana-de-golf-que-asistira-al-laac-2026-en-peru\/","og_site_name":"Esbozo Deportivo","article_published_time":"2025-09-23T05:39:54+00:00","article_modified_time":"2025-09-23T05:39:55+00:00","og_image":[{"width":2560,"height":1708,"url":"https:\/\/esbozodeportivo.com\/wp-content\/uploads\/2025\/09\/Golf6.jpg","type":"image\/jpeg"}],"author":"Redacci\u00f3n","twitter_card":"summary_large_image","twitter_misc":{"Escrito por":"Redacci\u00f3n","Tiempo de lectura":"3 minutos"},"schema":{"@context":"https:\/\/schema.org","@graph":[{"@type":"Article","@id":"https:\/\/esbozodeportivo.com\/index.php\/2025\/09\/22\/lista-la-seleccion-mexicana-de-golf-que-asistira-al-laac-2026-en-peru\/#article","isPartOf":{"@id":"https:\/\/esbozodeportivo.com\/index.php\/2025\/09\/22\/lista-la-seleccion-mexicana-de-golf-que-asistira-al-laac-2026-en-peru\/"},"author":{"name":"Redacci\u00f3n","@id":"https:\/\/esbozodeportivo.com\/#\/schema\/person\/0f6df9196dfe6740dd0bb31bae50d374"},"headline":"Lista la Selecci\u00f3n Mexicana de Golf que asistir\u00e1 al LAAC 2026 en Per\u00fa","datePublished":"2025-09-23T05:39:54+00:00","dateModified":"2025-09-23T05:39:55+00:00","mainEntityOfPage":{"@id":"https:\/\/esbozodeportivo.com\/index.php\/2025\/09\/22\/lista-la-seleccion-mexicana-de-golf-que-asistira-al-laac-2026-en-peru\/"},"wordCount":359,"publisher":{"@id":"https:\/\/esbozodeportivo.com\/#organization"},"image":{"@id":"https:\/\/esbozodeportivo.com\/index.php\/2025\/09\/22\/lista-la-seleccion-mexicana-de-golf-que-asistira-al-laac-2026-en-peru\/#primaryimage"},"thumbnailUrl":"https:\/\/esbozodeportivo.com\/wp-content\/uploads\/2025\/09\/Golf6.jpg","articleSection":["Golf Internacional"],"inLanguage":"es"},{"@type":"WebPage","@id":"https:\/\/esbozodeportivo.com\/index.php\/2025\/09\/22\/lista-la-seleccion-mexicana-de-golf-que-asistira-al-laac-2026-en-peru\/","url":"https:\/\/esbozodeportivo.com\/index.php\/2025\/09\/22\/lista-la-seleccion-mexicana-de-golf-que-asistira-al-laac-2026-en-peru\/","name":"Lista la Selecci\u00f3n Mexicana de Golf que asistir\u00e1 al LAAC 2026 en Per\u00fa - Esbozo Deportivo","isPartOf":{"@id":"https:\/\/esbozodeportivo.com\/#website"},"primaryImageOfPage":{"@id":"https:\/\/esbozodeportivo.com\/index.php\/2025\/09\/22\/lista-la-seleccion-mexicana-de-golf-que-asistira-al-laac-2026-en-peru\/#primaryimage"},"image":{"@id":"https:\/\/esbozodeportivo.com\/index.php\/2025\/09\/22\/lista-la-seleccion-mexicana-de-golf-que-asistira-al-laac-2026-en-peru\/#primaryimage"},"thumbnailUrl":"https:\/\/esbozodeportivo.com\/wp-content\/uploads\/2025\/09\/Golf6.jpg","datePublished":"2025-09-23T05:39:54+00:00","dateModified":"2025-09-23T05:39:55+00:00","description":"La Federaci\u00f3n Mexicana de Golf se complace en anunciar a los jugadores que representar\u00e1n a nuestro pa\u00eds en el Latin America Amateur Championship (LAAC) 2026, uno de los torneos m\u00e1s prestigiosos a nivel aficionado en el continente, organizado por el Masters Tournament, The R&A y la USGA.","breadcrumb":{"@id":"https:\/\/esbozodeportivo.com\/index.php\/2025\/09\/22\/lista-la-seleccion-mexicana-de-golf-que-asistira-al-laac-2026-en-peru\/#breadcrumb"},"inLanguage":"es","potentialAction":[{"@type":"ReadAction","target":["https:\/\/esbozodeportivo.com\/index.php\/2025\/09\/22\/lista-la-seleccion-mexicana-de-golf-que-asistira-al-laac-2026-en-peru\/"]}]},{"@type":"ImageObject","inLanguage":"es","@id":"https:\/\/esbozodeportivo.com\/index.php\/2025\/09\/22\/lista-la-seleccion-mexicana-de-golf-que-asistira-al-laac-2026-en-peru\/#primaryimage","url":"https:\/\/esbozodeportivo.com\/wp-content\/uploads\/2025\/09\/Golf6.jpg","contentUrl":"https:\/\/esbozodeportivo.com\/wp-content\/uploads\/2025\/09\/Golf6.jpg","width":2560,"height":1708},{"@type":"BreadcrumbList","@id":"https:\/\/esbozodeportivo.com\/index.php\/2025\/09\/22\/lista-la-seleccion-mexicana-de-golf-que-asistira-al-laac-2026-en-peru\/#breadcrumb","itemListElement":[{"@type":"ListItem","position":1,"name":"Inicio","item":"https:\/\/esbozodeportivo.com\/"},{"@type":"ListItem","position":2,"name":"Lista la Selecci\u00f3n Mexicana de Golf que asistir\u00e1 al LAAC 2026 en Per\u00fa"}]},{"@type":"WebSite","@id":"https:\/\/esbozodeportivo.com\/#website","url":"https:\/\/esbozodeportivo.com\/","name":"Esbozo Deportivo","description":"Lo m\u00e1s importante del Deporte","publisher":{"@id":"https:\/\/esbozodeportivo.com\/#organization"},"potentialAction":[{"@type":"SearchAction","target":{"@type":"EntryPoint","urlTemplate":"https:\/\/esbozodeportivo.com\/?s={search_term_string}"},"query-input":{"@type":"PropertyValueSpecification","valueRequired":true,"valueName":"search_term_string"}}],"inLanguage":"es"},{"@type":"Organization","@id":"https:\/\/esbozodeportivo.com\/#organization","name":"Esbozo Deportivo","url":"https:\/\/esbozodeportivo.com\/","logo":{"@type":"ImageObject","inLanguage":"es","@id":"https:\/\/esbozodeportivo.com\/#\/schema\/logo\/image\/","url":"https:\/\/esbozodeportivo.com\/wp-content\/uploads\/2022\/08\/cropped-Logo-Esbozo-Web-2.png","contentUrl":"https:\/\/esbozodeportivo.com\/wp-content\/uploads\/2022\/08\/cropped-Logo-Esbozo-Web-2.png","width":180,"height":50,"caption":"Esbozo Deportivo"},"image":{"@id":"https:\/\/esbozodeportivo.com\/#\/schema\/logo\/image\/"}},{"@type":"Person","@id":"https:\/\/esbozodeportivo.com\/#\/schema\/person\/0f6df9196dfe6740dd0bb31bae50d374","name":"Redacci\u00f3n","image":{"@type":"ImageObject","inLanguage":"es","@id":"https:\/\/esbozodeportivo.com\/#\/schema\/person\/image\/","url":"https:\/\/secure.gravatar.com\/avatar\/f55268a89c3b418f2ef172ff52ab0d09b3e653c58de29539fe329fb93d78ebf3?s=96&d=mm&r=g","contentUrl":"https:\/\/secure.gravatar.com\/avatar\/f55268a89c3b418f2ef172ff52ab0d09b3e653c58de29539fe329fb93d78ebf3?s=96&d=mm&r=g","caption":"Redacci\u00f3n"},"url":"https:\/\/esbozodeportivo.com\/index.php\/author\/redaccion\/"}]}},"jetpack_featured_media_url":"https:\/\/esbozodeportivo.com\/wp-content\/uploads\/2025\/09\/Golf6.jpg","jetpack_sharing_enabled":true,"_links":{"self":[{"href":"https:\/\/esbozodeportivo.com\/index.php\/wp-json\/wp\/v2\/posts\/9941","targetHints":{"allow":["GET"]}}],"collection":[{"href":"https:\/\/esbozodeportivo.com\/index.php\/wp-json\/wp\/v2\/posts"}],"about":[{"href":"https:\/\/esbozodeportivo.com\/index.php\/wp-json\/wp\/v2\/types\/post"}],"author":[{"embeddable":true,"href":"https:\/\/esbozodeportivo.com\/index.php\/wp-json\/wp\/v2\/users\/4"}],"replies":[{"embeddable":true,"href":"https:\/\/esbozodeportivo.com\/index.php\/wp-json\/wp\/v2\/comments?post=9941"}],"version-history":[{"count":1,"href":"https:\/\/esbozodeportivo.com\/index.php\/wp-json\/wp\/v2\/posts\/9941\/revisions"}],"predecessor-version":[{"id":9949,"href":"https:\/\/esbozodeportivo.com\/index.php\/wp-json\/wp\/v2\/posts\/9941\/revisions\/9949"}],"wp:featuredmedia":[{"embeddable":true,"href":"https:\/\/esbozodeportivo.com\/index.php\/wp-json\/wp\/v2\/media\/9948"}],"wp:attachment":[{"href":"https:\/\/esbozodeportivo.com\/index.php\/wp-json\/wp\/v2\/media?parent=9941"}],"wp:term":[{"taxonomy":"category","embeddable":true,"href":"https:\/\/esbozodeportivo.com\/index.php\/wp-json\/wp\/v2\/categories?post=9941"},{"taxonomy":"post_tag","embeddable":true,"href":"https:\/\/esbozodeportivo.com\/index.php\/wp-json\/wp\/v2\/tags?post=9941"}],"curies":[{"name":"wp","href":"https:\/\/api.w.org\/{rel}","templated":true}]}}