{"id":9968,"date":"2025-09-22T23:56:47","date_gmt":"2025-09-23T05:56:47","guid":{"rendered":"https:\/\/esbozodeportivo.com\/?p=9968"},"modified":"2025-09-22T23:56:48","modified_gmt":"2025-09-23T05:56:48","slug":"dembele-y-aitana-bonmati-ganan-balon-de-oro","status":"publish","type":"post","link":"https:\/\/esbozodeportivo.com\/index.php\/2025\/09\/22\/dembele-y-aitana-bonmati-ganan-balon-de-oro\/","title":{"rendered":"Demb\u00e9l\u00e9 \u00a0y Aitana Bonmati ganan Bal\u00f3n de Oro"},"content":{"rendered":"\n<p>(Foto: Agencias) <\/p>\n\n\n\n<p><strong>Ousmane Demb\u00e9l\u00e9<\/strong> obtuvo el <strong>Bal\u00f3n de Oro<\/strong> tras llevar al <strong>Paris Saint-Germain<\/strong> a su primer t\u00edtulo de la <strong>Liga de Campeones<\/strong>, mientras que <strong>Aitana Bonmat\u00ed<\/strong> recibi\u00f3 el premio femenino por tercer a\u00f1o consecutivo.<\/p>\n\n\n\n<p>En la ciudad donde juega, <strong>Demb\u00e9l\u00e9<\/strong> subi\u00f3 el lunes al trono del f\u00fatbol masculino para convertirse en el sexto franc\u00e9s en ganar el trofeo despu\u00e9s de <strong>Raymond Kopa, Michel Platini, Jean-Pierre Papin, Zinedine Zidane y Karim Benzema.<\/strong> El previo ganador fue <strong>Rodri Hern\u00e1ndez<\/strong>, el centrocampista espa\u00f1ol del <strong>Manchester City.<\/strong><\/p>\n\n\n\n<p><strong>Bonmat\u00ed<\/strong> gan\u00f3 por delante de <strong>Mariona Caldentey<\/strong>, su compa\u00f1era en la selecci\u00f3n de <strong>Espa\u00f1a<\/strong>. Al incluir ambas ramas, la volante del <strong>Barcelona<\/strong> es la tercera en recibir el premio en tres a\u00f1os consecutivos, siguiendo los pasos de <strong>Michel Platini <\/strong>(1983-85) y <strong>Lionel Messi<\/strong> (2009-12).<\/p>\n\n\n\n<p>Fue una temporada con un vuelco radical para <strong>Demb\u00e9l\u00e9<\/strong>. Su t\u00e9cnico <strong>Luis Enrique<\/strong> lleg\u00f3 a marginarlo por indisciplina. Pero una vez reasentado como el n\u00famero nueve, se convirti\u00f3 en una m\u00e1quina de goles e inspir\u00f3 la hist\u00f3rica campa\u00f1a europea del <strong>PSG<\/strong>. El club franc\u00e9s tambi\u00e9n complet\u00f3 un cu\u00e1druple de t\u00edtulos la temporada pasada.<\/p>\n\n\n\n<p>En la final de la <strong>Liga de Campeones<\/strong>, <strong>Demb\u00e9l\u00e9<\/strong> fue elogiado por su aportaci\u00f3n en la asfixiante presi\u00f3n del <strong>PSG<\/strong> y su capacidad para defender durante la goleada 5-0 al <strong>Inter de Mil\u00e1n.<\/strong><\/p>\n\n\n\n<p>Firm\u00f3 35 goles y 16 asistencias en 53 partidos oficiales la temporada pasada. Particip\u00f3 en 14 goles (ocho goles, seis asistencias) en la <strong>Liga de Campeones<\/strong> en 15 encuentros.<\/p>\n\n\n\n<p><strong>Demb\u00e9l\u00e9<\/strong> recibi\u00f3 el <strong>Bal\u00f3n de Oro<\/strong> de manos de <strong>Ronaldinho,<\/strong> el brasile\u00f1o que gan\u00f3 el premio en 2005, y se emocion\u00f3 durante su discurso de aceptaci\u00f3n en el que pidi\u00f3 a su madre que se uniera a \u00e9l en el escenario.<\/p>\n\n\n\n<p>\u201cEs incre\u00edble ganar un trofeo como este\u201d, dijo en franc\u00e9s. \u201cTrabaj\u00e9 para el equipo para ayudar a ganar la primera <strong>Champions<\/strong> Ser luego recompensado con un trofeo individual como el <strong>Bal\u00f3n de Oro<\/strong> es realmente excepcional\u201d.<\/p>\n\n\n\n<p>\u201cQuiero dar las gracias al <strong>PSG<\/strong> que me vino a buscar en 2023 &#8230; y a <strong>Luis Enrique<\/strong> que es como mi padre\u201d, agreg\u00f3. \u201cEste equipo estuvo maravilloso en la temporada. Han estado conmigo en las buenas y en las malas. Este premio individual nos lo llevamos todos como equipo\u201d.<\/p>\n\n\n\n<p><strong>Demb\u00e9l\u00e9<\/strong> super\u00f3 al adolescente <strong>Lamine Yamal<\/strong>. El delantero del <strong>Barcelona<\/strong>, que cumpli\u00f3 18 a\u00f1os en julio, brill\u00f3 para que su club se consagrase en <strong>La Liga <\/strong>y la <strong>Copa del Rey <\/strong>la temporada pasada, adem\u00e1s de alcanzar las semifinales de la <strong>Liga de Campeones.<\/strong> Tambi\u00e9n irrumpi\u00f3 a lo grande para que <strong>Espa\u00f1a<\/strong> conquistase la <strong>Eurocopa<\/strong> en julio de 2024.<\/p>\n\n\n\n<p><strong>Lamine<\/strong> recibi\u00f3 el premio <strong>Kopa<\/strong> al mejor jugador Sub21 por segundo a\u00f1o consecutivo.<\/p>\n\n\n\n<p>\u201cNecesito seguir trabajando para ganar otros premios en el futuro\u201d, dijo <strong>Yamal.<\/strong><\/p>\n\n\n\n<p><strong>Demb\u00e9l\u00e9<\/strong> estaba lesionado y pudo asistir a la ceremonia que se realiz\u00f3 en el Teatro del <strong>Ch\u00e2telet de Par\u00eds<\/strong> al mismo tiempo que su equipo perd\u00eda en <strong>Marsella<\/strong> 1-0 en la liga francesa. Fue uno de los nueve jugadores del <strong>PSG <\/strong>nominados para el premio masculino, incluyendo al portero <strong>Gianluigi Donnarumma<\/strong>, el delantero <strong>D\u00e9sir\u00e9 Dou\u00e9<\/strong>, autor de dos goles en la final de la <strong>Champions<\/strong>, y el extremo <strong>Khvitcha Kvaratskhelia.<\/strong><\/p>\n\n\n\n<figure class=\"wp-block-image size-large\"><img loading=\"lazy\" decoding=\"async\" width=\"1024\" height=\"683\" src=\"https:\/\/esbozodeportivo.com\/wp-content\/uploads\/2025\/09\/Balon-de-Oro1-1024x683.jpg\" alt=\"\" class=\"wp-image-9957\" srcset=\"https:\/\/esbozodeportivo.com\/wp-content\/uploads\/2025\/09\/Balon-de-Oro1-1024x683.jpg 1024w, https:\/\/esbozodeportivo.com\/wp-content\/uploads\/2025\/09\/Balon-de-Oro1-300x200.jpg 300w, https:\/\/esbozodeportivo.com\/wp-content\/uploads\/2025\/09\/Balon-de-Oro1-768x512.jpg 768w, https:\/\/esbozodeportivo.com\/wp-content\/uploads\/2025\/09\/Balon-de-Oro1.jpg 1440w\" sizes=\"auto, (max-width: 1024px) 100vw, 1024px\" \/><\/figure>\n\n\n\n<p>(Foto: Agencias) <\/p>\n\n\n\n<p><strong>Bonmat\u00ed<\/strong><\/p>\n\n\n\n<p>Aunque <strong>Bonmat\u00ed <\/strong>sali\u00f3 derrotada ante Inglaterra en una tanda de penales en la final del <strong>Campeonato Europeo Femenino<\/strong> el verano pasado, fue nombrada la mejor jugadora del torneo, que comenz\u00f3 solo d\u00edas despu\u00e9s de ser hospitalizada por meningitis viral.<\/p>\n\n\n\n<p>El penal de <strong>Bonmat\u00ed<\/strong> en la tanda fue uno de los dos detenidos por <strong>Hannah Hampton<\/strong>, quien fue votada como la mejor portera femenina.<\/p>\n\n\n\n<p>\u201cEs incre\u00edble este sentimiento. Nunca lo imagin\u00e9 de ni\u00f1a\u201d, dijo <strong>Bonmat\u00ed<\/strong>. \u201cCuando era peque\u00f1a no pod\u00eda pensar que pod\u00eda existir el f\u00fatbol femenino. Es un honor poder hacer historia. Hemos pasado un a\u00f1o complicado, ganamos unos trofeos y perdimos otros\u201d.<\/p>\n\n\n\n<p><strong>Bonmat\u00ed<\/strong> complet\u00f3 un triplete dom\u00e9stico de t\u00edtulos con el Barcelona y tambi\u00e9n lleg\u00f3 a la final de la <strong>Liga de Campeones.<\/strong><\/p>\n\n\n\n<p><strong>Otros premios<\/strong><\/p>\n\n\n\n<p>El <strong>Barcelona <\/strong>ha ganado los \u00faltimos cinco premios femeninos, pero se esperaba que una inglesa ganara por primera vez. <strong>Inglaterra<\/strong> gan\u00f3 la <strong>Eurocopa <\/strong>y <strong>Arsenal <\/strong>se llev\u00f3 la <strong>Liga de Campeones Femenina<\/strong>. Pero con cinco jugadoras inglesas entre las diez mejores nominadas femeninas, la mejor ubicada fue <strong>Alessia Russo<\/strong> en el tercer lugar.<\/p>\n\n\n\n<p>El <strong>Kopa <\/strong>femenino tambi\u00e9n qued\u00f3 en manos del Barcelona, para la delantera <strong>Vicky L\u00f3pez. Sarina Wiegman<\/strong>, quien llev\u00f3 a Inglaterra a la victoria europea, se llev\u00f3 el premio <strong>Johan Cruyff<\/strong> a la mejor entrenadora femenina. En una gran noche para el <strong>PSG<\/strong>, <strong>Luis Enrique<\/strong> se impuso en la categor\u00eda masculina.<\/p>\n\n\n\n<p>El <strong>PSG<\/strong> fue votado como el mejor club masculino y <strong>Donnarumma<\/strong> recibi\u00f3 el premio <strong>Lev Yashin<\/strong> al mejor portero. <strong>Donnarumma<\/strong>, cuyas intervenciones providenciales en la fase de eliminaci\u00f3n directa de la <strong>Champions<\/strong> fue crucial para el \u00e9xito del <strong>PSG<\/strong>, se fue al <strong>Manchester City<\/strong> durante la temporada baja.<\/p>\n\n\n\n<p>Los trofeos <strong>Gerd M\u00fcller<\/strong> masculino y femenino para los m\u00e1ximos goleadores fueron para <strong>Ewa Pajor<\/strong> del Barcelona <strong>y Viktor Gyokeres<\/strong>, quien fich\u00f3 con Arsenal este verano procedente del <strong>Sporting Lisboa.<\/strong><\/p>\n\n\n\n<p><\/p>\n","protected":false},"excerpt":{"rendered":"<p>(Foto: Agencias) Ousmane Demb\u00e9l\u00e9 obtuvo el Bal\u00f3n de Oro tras llevar al Paris Saint-Germain a<\/p>\n","protected":false},"author":4,"featured_media":9956,"comment_status":"closed","ping_status":"open","sticky":false,"template":"","format":"standard","meta":{"_jetpack_memberships_contains_paid_content":false,"footnotes":""},"categories":[14],"tags":[],"class_list":["post-9968","post","type-post","status-publish","format-standard","has-post-thumbnail","hentry","category-futbol"],"yoast_head":"<!-- This site is optimized with the Yoast SEO plugin v25.7 - https:\/\/yoast.com\/wordpress\/plugins\/seo\/ -->\n<title>Demb\u00e9l\u00e9 \u00a0y Aitana Bonmati ganan Bal\u00f3n de Oro - Esbozo Deportivo<\/title>\n<meta name=\"description\" content=\"En la ciudad donde juega, Demb\u00e9l\u00e9 subi\u00f3 el lunes al trono del f\u00fatbol masculino para convertirse en el sexto franc\u00e9s en ganar el trofeo despu\u00e9s de Raymond Kopa, Michel Platini, Jean-Pierre Papin, Zinedine Zidane y Karim Benzema. El previo ganador fue Rodri Hern\u00e1ndez, el centrocampista espa\u00f1ol del Manchester City.\" \/>\n<meta name=\"robots\" content=\"index, follow, max-snippet:-1, max-image-preview:large, max-video-preview:-1\" \/>\n<link rel=\"canonical\" href=\"https:\/\/esbozodeportivo.com\/index.php\/2025\/09\/22\/dembele-y-aitana-bonmati-ganan-balon-de-oro\/\" \/>\n<meta property=\"og:locale\" content=\"es_MX\" \/>\n<meta property=\"og:type\" content=\"article\" \/>\n<meta property=\"og:title\" content=\"Demb\u00e9l\u00e9 \u00a0y Aitana Bonmati ganan Bal\u00f3n de Oro - Esbozo Deportivo\" \/>\n<meta property=\"og:description\" content=\"En la ciudad donde juega, Demb\u00e9l\u00e9 subi\u00f3 el lunes al trono del f\u00fatbol masculino para convertirse en el sexto franc\u00e9s en ganar el trofeo despu\u00e9s de Raymond Kopa, Michel Platini, Jean-Pierre Papin, Zinedine Zidane y Karim Benzema. El previo ganador fue Rodri Hern\u00e1ndez, el centrocampista espa\u00f1ol del Manchester City.\" \/>\n<meta property=\"og:url\" content=\"https:\/\/esbozodeportivo.com\/index.php\/2025\/09\/22\/dembele-y-aitana-bonmati-ganan-balon-de-oro\/\" \/>\n<meta property=\"og:site_name\" content=\"Esbozo Deportivo\" \/>\n<meta property=\"article:published_time\" content=\"2025-09-23T05:56:47+00:00\" \/>\n<meta property=\"article:modified_time\" content=\"2025-09-23T05:56:48+00:00\" \/>\n<meta property=\"og:image\" content=\"https:\/\/esbozodeportivo.com\/wp-content\/uploads\/2025\/09\/Balon-de-Oro.jpg\" \/>\n\t<meta property=\"og:image:width\" content=\"1440\" \/>\n\t<meta property=\"og:image:height\" content=\"960\" \/>\n\t<meta property=\"og:image:type\" content=\"image\/jpeg\" \/>\n<meta name=\"author\" content=\"Redacci\u00f3n\" \/>\n<meta name=\"twitter:card\" content=\"summary_large_image\" \/>\n<meta name=\"twitter:label1\" content=\"Escrito por\" \/>\n\t<meta name=\"twitter:data1\" content=\"Redacci\u00f3n\" \/>\n\t<meta name=\"twitter:label2\" content=\"Tiempo de lectura\" \/>\n\t<meta name=\"twitter:data2\" content=\"5 minutos\" \/>\n<script type=\"application\/ld+json\" class=\"yoast-schema-graph\">{\"@context\":\"https:\/\/schema.org\",\"@graph\":[{\"@type\":\"Article\",\"@id\":\"https:\/\/esbozodeportivo.com\/index.php\/2025\/09\/22\/dembele-y-aitana-bonmati-ganan-balon-de-oro\/#article\",\"isPartOf\":{\"@id\":\"https:\/\/esbozodeportivo.com\/index.php\/2025\/09\/22\/dembele-y-aitana-bonmati-ganan-balon-de-oro\/\"},\"author\":{\"name\":\"Redacci\u00f3n\",\"@id\":\"https:\/\/esbozodeportivo.com\/#\/schema\/person\/0f6df9196dfe6740dd0bb31bae50d374\"},\"headline\":\"Demb\u00e9l\u00e9 \u00a0y Aitana Bonmati ganan Bal\u00f3n de Oro\",\"datePublished\":\"2025-09-23T05:56:47+00:00\",\"dateModified\":\"2025-09-23T05:56:48+00:00\",\"mainEntityOfPage\":{\"@id\":\"https:\/\/esbozodeportivo.com\/index.php\/2025\/09\/22\/dembele-y-aitana-bonmati-ganan-balon-de-oro\/\"},\"wordCount\":898,\"publisher\":{\"@id\":\"https:\/\/esbozodeportivo.com\/#organization\"},\"image\":{\"@id\":\"https:\/\/esbozodeportivo.com\/index.php\/2025\/09\/22\/dembele-y-aitana-bonmati-ganan-balon-de-oro\/#primaryimage\"},\"thumbnailUrl\":\"https:\/\/esbozodeportivo.com\/wp-content\/uploads\/2025\/09\/Balon-de-Oro.jpg\",\"articleSection\":[\"Futbol Internacional\"],\"inLanguage\":\"es\"},{\"@type\":\"WebPage\",\"@id\":\"https:\/\/esbozodeportivo.com\/index.php\/2025\/09\/22\/dembele-y-aitana-bonmati-ganan-balon-de-oro\/\",\"url\":\"https:\/\/esbozodeportivo.com\/index.php\/2025\/09\/22\/dembele-y-aitana-bonmati-ganan-balon-de-oro\/\",\"name\":\"Demb\u00e9l\u00e9 \u00a0y Aitana Bonmati ganan Bal\u00f3n de Oro - Esbozo Deportivo\",\"isPartOf\":{\"@id\":\"https:\/\/esbozodeportivo.com\/#website\"},\"primaryImageOfPage\":{\"@id\":\"https:\/\/esbozodeportivo.com\/index.php\/2025\/09\/22\/dembele-y-aitana-bonmati-ganan-balon-de-oro\/#primaryimage\"},\"image\":{\"@id\":\"https:\/\/esbozodeportivo.com\/index.php\/2025\/09\/22\/dembele-y-aitana-bonmati-ganan-balon-de-oro\/#primaryimage\"},\"thumbnailUrl\":\"https:\/\/esbozodeportivo.com\/wp-content\/uploads\/2025\/09\/Balon-de-Oro.jpg\",\"datePublished\":\"2025-09-23T05:56:47+00:00\",\"dateModified\":\"2025-09-23T05:56:48+00:00\",\"description\":\"En la ciudad donde juega, Demb\u00e9l\u00e9 subi\u00f3 el lunes al trono del f\u00fatbol masculino para convertirse en el sexto franc\u00e9s en ganar el trofeo despu\u00e9s de Raymond Kopa, Michel Platini, Jean-Pierre Papin, Zinedine Zidane y Karim Benzema. El previo ganador fue Rodri Hern\u00e1ndez, el centrocampista espa\u00f1ol del Manchester City.\",\"breadcrumb\":{\"@id\":\"https:\/\/esbozodeportivo.com\/index.php\/2025\/09\/22\/dembele-y-aitana-bonmati-ganan-balon-de-oro\/#breadcrumb\"},\"inLanguage\":\"es\",\"potentialAction\":[{\"@type\":\"ReadAction\",\"target\":[\"https:\/\/esbozodeportivo.com\/index.php\/2025\/09\/22\/dembele-y-aitana-bonmati-ganan-balon-de-oro\/\"]}]},{\"@type\":\"ImageObject\",\"inLanguage\":\"es\",\"@id\":\"https:\/\/esbozodeportivo.com\/index.php\/2025\/09\/22\/dembele-y-aitana-bonmati-ganan-balon-de-oro\/#primaryimage\",\"url\":\"https:\/\/esbozodeportivo.com\/wp-content\/uploads\/2025\/09\/Balon-de-Oro.jpg\",\"contentUrl\":\"https:\/\/esbozodeportivo.com\/wp-content\/uploads\/2025\/09\/Balon-de-Oro.jpg\",\"width\":1440,\"height\":960},{\"@type\":\"BreadcrumbList\",\"@id\":\"https:\/\/esbozodeportivo.com\/index.php\/2025\/09\/22\/dembele-y-aitana-bonmati-ganan-balon-de-oro\/#breadcrumb\",\"itemListElement\":[{\"@type\":\"ListItem\",\"position\":1,\"name\":\"Inicio\",\"item\":\"https:\/\/esbozodeportivo.com\/\"},{\"@type\":\"ListItem\",\"position\":2,\"name\":\"Demb\u00e9l\u00e9 \u00a0y Aitana Bonmati ganan Bal\u00f3n de Oro\"}]},{\"@type\":\"WebSite\",\"@id\":\"https:\/\/esbozodeportivo.com\/#website\",\"url\":\"https:\/\/esbozodeportivo.com\/\",\"name\":\"Esbozo Deportivo\",\"description\":\"Lo m\u00e1s importante del Deporte\",\"publisher\":{\"@id\":\"https:\/\/esbozodeportivo.com\/#organization\"},\"potentialAction\":[{\"@type\":\"SearchAction\",\"target\":{\"@type\":\"EntryPoint\",\"urlTemplate\":\"https:\/\/esbozodeportivo.com\/?s={search_term_string}\"},\"query-input\":{\"@type\":\"PropertyValueSpecification\",\"valueRequired\":true,\"valueName\":\"search_term_string\"}}],\"inLanguage\":\"es\"},{\"@type\":\"Organization\",\"@id\":\"https:\/\/esbozodeportivo.com\/#organization\",\"name\":\"Esbozo Deportivo\",\"url\":\"https:\/\/esbozodeportivo.com\/\",\"logo\":{\"@type\":\"ImageObject\",\"inLanguage\":\"es\",\"@id\":\"https:\/\/esbozodeportivo.com\/#\/schema\/logo\/image\/\",\"url\":\"https:\/\/esbozodeportivo.com\/wp-content\/uploads\/2022\/08\/cropped-Logo-Esbozo-Web-2.png\",\"contentUrl\":\"https:\/\/esbozodeportivo.com\/wp-content\/uploads\/2022\/08\/cropped-Logo-Esbozo-Web-2.png\",\"width\":180,\"height\":50,\"caption\":\"Esbozo Deportivo\"},\"image\":{\"@id\":\"https:\/\/esbozodeportivo.com\/#\/schema\/logo\/image\/\"}},{\"@type\":\"Person\",\"@id\":\"https:\/\/esbozodeportivo.com\/#\/schema\/person\/0f6df9196dfe6740dd0bb31bae50d374\",\"name\":\"Redacci\u00f3n\",\"image\":{\"@type\":\"ImageObject\",\"inLanguage\":\"es\",\"@id\":\"https:\/\/esbozodeportivo.com\/#\/schema\/person\/image\/\",\"url\":\"https:\/\/secure.gravatar.com\/avatar\/f55268a89c3b418f2ef172ff52ab0d09b3e653c58de29539fe329fb93d78ebf3?s=96&d=mm&r=g\",\"contentUrl\":\"https:\/\/secure.gravatar.com\/avatar\/f55268a89c3b418f2ef172ff52ab0d09b3e653c58de29539fe329fb93d78ebf3?s=96&d=mm&r=g\",\"caption\":\"Redacci\u00f3n\"},\"url\":\"https:\/\/esbozodeportivo.com\/index.php\/author\/redaccion\/\"}]}<\/script>\n<!-- \/ Yoast SEO plugin. -->","yoast_head_json":{"title":"Demb\u00e9l\u00e9 \u00a0y Aitana Bonmati ganan Bal\u00f3n de Oro - Esbozo Deportivo","description":"En la ciudad donde juega, Demb\u00e9l\u00e9 subi\u00f3 el lunes al trono del f\u00fatbol masculino para convertirse en el sexto franc\u00e9s en ganar el trofeo despu\u00e9s de Raymond Kopa, Michel Platini, Jean-Pierre Papin, Zinedine Zidane y Karim Benzema. El previo ganador fue Rodri Hern\u00e1ndez, el centrocampista espa\u00f1ol del Manchester City.","robots":{"index":"index","follow":"follow","max-snippet":"max-snippet:-1","max-image-preview":"max-image-preview:large","max-video-preview":"max-video-preview:-1"},"canonical":"https:\/\/esbozodeportivo.com\/index.php\/2025\/09\/22\/dembele-y-aitana-bonmati-ganan-balon-de-oro\/","og_locale":"es_MX","og_type":"article","og_title":"Demb\u00e9l\u00e9 \u00a0y Aitana Bonmati ganan Bal\u00f3n de Oro - Esbozo Deportivo","og_description":"En la ciudad donde juega, Demb\u00e9l\u00e9 subi\u00f3 el lunes al trono del f\u00fatbol masculino para convertirse en el sexto franc\u00e9s en ganar el trofeo despu\u00e9s de Raymond Kopa, Michel Platini, Jean-Pierre Papin, Zinedine Zidane y Karim Benzema. El previo ganador fue Rodri Hern\u00e1ndez, el centrocampista espa\u00f1ol del Manchester City.","og_url":"https:\/\/esbozodeportivo.com\/index.php\/2025\/09\/22\/dembele-y-aitana-bonmati-ganan-balon-de-oro\/","og_site_name":"Esbozo Deportivo","article_published_time":"2025-09-23T05:56:47+00:00","article_modified_time":"2025-09-23T05:56:48+00:00","og_image":[{"width":1440,"height":960,"url":"https:\/\/esbozodeportivo.com\/wp-content\/uploads\/2025\/09\/Balon-de-Oro.jpg","type":"image\/jpeg"}],"author":"Redacci\u00f3n","twitter_card":"summary_large_image","twitter_misc":{"Escrito por":"Redacci\u00f3n","Tiempo de lectura":"5 minutos"},"schema":{"@context":"https:\/\/schema.org","@graph":[{"@type":"Article","@id":"https:\/\/esbozodeportivo.com\/index.php\/2025\/09\/22\/dembele-y-aitana-bonmati-ganan-balon-de-oro\/#article","isPartOf":{"@id":"https:\/\/esbozodeportivo.com\/index.php\/2025\/09\/22\/dembele-y-aitana-bonmati-ganan-balon-de-oro\/"},"author":{"name":"Redacci\u00f3n","@id":"https:\/\/esbozodeportivo.com\/#\/schema\/person\/0f6df9196dfe6740dd0bb31bae50d374"},"headline":"Demb\u00e9l\u00e9 \u00a0y Aitana Bonmati ganan Bal\u00f3n de Oro","datePublished":"2025-09-23T05:56:47+00:00","dateModified":"2025-09-23T05:56:48+00:00","mainEntityOfPage":{"@id":"https:\/\/esbozodeportivo.com\/index.php\/2025\/09\/22\/dembele-y-aitana-bonmati-ganan-balon-de-oro\/"},"wordCount":898,"publisher":{"@id":"https:\/\/esbozodeportivo.com\/#organization"},"image":{"@id":"https:\/\/esbozodeportivo.com\/index.php\/2025\/09\/22\/dembele-y-aitana-bonmati-ganan-balon-de-oro\/#primaryimage"},"thumbnailUrl":"https:\/\/esbozodeportivo.com\/wp-content\/uploads\/2025\/09\/Balon-de-Oro.jpg","articleSection":["Futbol Internacional"],"inLanguage":"es"},{"@type":"WebPage","@id":"https:\/\/esbozodeportivo.com\/index.php\/2025\/09\/22\/dembele-y-aitana-bonmati-ganan-balon-de-oro\/","url":"https:\/\/esbozodeportivo.com\/index.php\/2025\/09\/22\/dembele-y-aitana-bonmati-ganan-balon-de-oro\/","name":"Demb\u00e9l\u00e9 \u00a0y Aitana Bonmati ganan Bal\u00f3n de Oro - Esbozo Deportivo","isPartOf":{"@id":"https:\/\/esbozodeportivo.com\/#website"},"primaryImageOfPage":{"@id":"https:\/\/esbozodeportivo.com\/index.php\/2025\/09\/22\/dembele-y-aitana-bonmati-ganan-balon-de-oro\/#primaryimage"},"image":{"@id":"https:\/\/esbozodeportivo.com\/index.php\/2025\/09\/22\/dembele-y-aitana-bonmati-ganan-balon-de-oro\/#primaryimage"},"thumbnailUrl":"https:\/\/esbozodeportivo.com\/wp-content\/uploads\/2025\/09\/Balon-de-Oro.jpg","datePublished":"2025-09-23T05:56:47+00:00","dateModified":"2025-09-23T05:56:48+00:00","description":"En la ciudad donde juega, Demb\u00e9l\u00e9 subi\u00f3 el lunes al trono del f\u00fatbol masculino para convertirse en el sexto franc\u00e9s en ganar el trofeo despu\u00e9s de Raymond Kopa, Michel Platini, Jean-Pierre Papin, Zinedine Zidane y Karim Benzema. El previo ganador fue Rodri Hern\u00e1ndez, el centrocampista espa\u00f1ol del Manchester City.","breadcrumb":{"@id":"https:\/\/esbozodeportivo.com\/index.php\/2025\/09\/22\/dembele-y-aitana-bonmati-ganan-balon-de-oro\/#breadcrumb"},"inLanguage":"es","potentialAction":[{"@type":"ReadAction","target":["https:\/\/esbozodeportivo.com\/index.php\/2025\/09\/22\/dembele-y-aitana-bonmati-ganan-balon-de-oro\/"]}]},{"@type":"ImageObject","inLanguage":"es","@id":"https:\/\/esbozodeportivo.com\/index.php\/2025\/09\/22\/dembele-y-aitana-bonmati-ganan-balon-de-oro\/#primaryimage","url":"https:\/\/esbozodeportivo.com\/wp-content\/uploads\/2025\/09\/Balon-de-Oro.jpg","contentUrl":"https:\/\/esbozodeportivo.com\/wp-content\/uploads\/2025\/09\/Balon-de-Oro.jpg","width":1440,"height":960},{"@type":"BreadcrumbList","@id":"https:\/\/esbozodeportivo.com\/index.php\/2025\/09\/22\/dembele-y-aitana-bonmati-ganan-balon-de-oro\/#breadcrumb","itemListElement":[{"@type":"ListItem","position":1,"name":"Inicio","item":"https:\/\/esbozodeportivo.com\/"},{"@type":"ListItem","position":2,"name":"Demb\u00e9l\u00e9 \u00a0y Aitana Bonmati ganan Bal\u00f3n de Oro"}]},{"@type":"WebSite","@id":"https:\/\/esbozodeportivo.com\/#website","url":"https:\/\/esbozodeportivo.com\/","name":"Esbozo Deportivo","description":"Lo m\u00e1s importante del Deporte","publisher":{"@id":"https:\/\/esbozodeportivo.com\/#organization"},"potentialAction":[{"@type":"SearchAction","target":{"@type":"EntryPoint","urlTemplate":"https:\/\/esbozodeportivo.com\/?s={search_term_string}"},"query-input":{"@type":"PropertyValueSpecification","valueRequired":true,"valueName":"search_term_string"}}],"inLanguage":"es"},{"@type":"Organization","@id":"https:\/\/esbozodeportivo.com\/#organization","name":"Esbozo Deportivo","url":"https:\/\/esbozodeportivo.com\/","logo":{"@type":"ImageObject","inLanguage":"es","@id":"https:\/\/esbozodeportivo.com\/#\/schema\/logo\/image\/","url":"https:\/\/esbozodeportivo.com\/wp-content\/uploads\/2022\/08\/cropped-Logo-Esbozo-Web-2.png","contentUrl":"https:\/\/esbozodeportivo.com\/wp-content\/uploads\/2022\/08\/cropped-Logo-Esbozo-Web-2.png","width":180,"height":50,"caption":"Esbozo Deportivo"},"image":{"@id":"https:\/\/esbozodeportivo.com\/#\/schema\/logo\/image\/"}},{"@type":"Person","@id":"https:\/\/esbozodeportivo.com\/#\/schema\/person\/0f6df9196dfe6740dd0bb31bae50d374","name":"Redacci\u00f3n","image":{"@type":"ImageObject","inLanguage":"es","@id":"https:\/\/esbozodeportivo.com\/#\/schema\/person\/image\/","url":"https:\/\/secure.gravatar.com\/avatar\/f55268a89c3b418f2ef172ff52ab0d09b3e653c58de29539fe329fb93d78ebf3?s=96&d=mm&r=g","contentUrl":"https:\/\/secure.gravatar.com\/avatar\/f55268a89c3b418f2ef172ff52ab0d09b3e653c58de29539fe329fb93d78ebf3?s=96&d=mm&r=g","caption":"Redacci\u00f3n"},"url":"https:\/\/esbozodeportivo.com\/index.php\/author\/redaccion\/"}]}},"jetpack_featured_media_url":"https:\/\/esbozodeportivo.com\/wp-content\/uploads\/2025\/09\/Balon-de-Oro.jpg","jetpack_sharing_enabled":true,"_links":{"self":[{"href":"https:\/\/esbozodeportivo.com\/index.php\/wp-json\/wp\/v2\/posts\/9968","targetHints":{"allow":["GET"]}}],"collection":[{"href":"https:\/\/esbozodeportivo.com\/index.php\/wp-json\/wp\/v2\/posts"}],"about":[{"href":"https:\/\/esbozodeportivo.com\/index.php\/wp-json\/wp\/v2\/types\/post"}],"author":[{"embeddable":true,"href":"https:\/\/esbozodeportivo.com\/index.php\/wp-json\/wp\/v2\/users\/4"}],"replies":[{"embeddable":true,"href":"https:\/\/esbozodeportivo.com\/index.php\/wp-json\/wp\/v2\/comments?post=9968"}],"version-history":[{"count":1,"href":"https:\/\/esbozodeportivo.com\/index.php\/wp-json\/wp\/v2\/posts\/9968\/revisions"}],"predecessor-version":[{"id":9969,"href":"https:\/\/esbozodeportivo.com\/index.php\/wp-json\/wp\/v2\/posts\/9968\/revisions\/9969"}],"wp:featuredmedia":[{"embeddable":true,"href":"https:\/\/esbozodeportivo.com\/index.php\/wp-json\/wp\/v2\/media\/9956"}],"wp:attachment":[{"href":"https:\/\/esbozodeportivo.com\/index.php\/wp-json\/wp\/v2\/media?parent=9968"}],"wp:term":[{"taxonomy":"category","embeddable":true,"href":"https:\/\/esbozodeportivo.com\/index.php\/wp-json\/wp\/v2\/categories?post=9968"},{"taxonomy":"post_tag","embeddable":true,"href":"https:\/\/esbozodeportivo.com\/index.php\/wp-json\/wp\/v2\/tags?post=9968"}],"curies":[{"name":"wp","href":"https:\/\/api.w.org\/{rel}","templated":true}]}}