{"id":9983,"date":"2025-09-23T20:00:18","date_gmt":"2025-09-24T02:00:18","guid":{"rendered":"https:\/\/esbozodeportivo.com\/?p=9983"},"modified":"2025-09-23T20:01:35","modified_gmt":"2025-09-24T02:01:35","slug":"gobierno-de-sheinbaum-ignora-a-estudiantes-de-oaxaca-anuncian-mas-protestas","status":"publish","type":"post","link":"https:\/\/esbozodeportivo.com\/index.php\/2025\/09\/23\/gobierno-de-sheinbaum-ignora-a-estudiantes-de-oaxaca-anuncian-mas-protestas\/","title":{"rendered":"Gobierno de Sheinbaum ignora a estudiantes de Oaxaca; anuncian m\u00e1s protestas"},"content":{"rendered":"\n<p><strong>(Fotos: Cortes\u00eda) <\/strong><\/p>\n\n\n\n<p><strong>* Reprimen a los estudiantes los granaderos de la CDMX<\/strong><\/p>\n\n\n\n<p><strong>* Denunciaron el despojo de albergue a estudiantes en Oaxaca<\/strong><\/p>\n\n\n\n<p><strong>Ciudad de M\u00e9xico.- <\/strong>El gobierno de Claudia Sheinbaum Pardo no atendi\u00f3 la protesta de m\u00e1s de dos mil estudiantes, quienes en Palacio Nacional fueron recibidos con un operativo de granaderos de los que recibieron a empujones y golpes. Tras evadir el cerco policiaco, los estudiantes denunciaron que el gobierno de Oaxaca no ha intervenido ni mucho menos regresado dos albergues estudiantiles para j\u00f3venes pobres; y a pesar de la solicitud de los estudiantes, el gobernador oaxaque\u00f1o Salom\u00f3n Jara no ha frenado las agresiones contra ellos.<\/p>\n\n\n\n<p>Los estudiantes agremiados a la Federaci\u00f3n Nacional de Estudiantes Revolucionarios Rafael Ram\u00edrez (FNERRR) y apoyados por integrantes del Movimiento Antorchista Nacional, padres de familia y maestros, arribaron al Z\u00f3calo de la Ciudad de M\u00e9xico para hacerse escuchar. Sin embargo, un cerco de granaderos les impidi\u00f3 el acceso por todas las avenidas y calles principales, aunque, luego de empujones de parte del cuerpo policiaco, los j\u00f3venes lograron entrar al Z\u00f3calo, marchar y realizar un mitin.<\/p>\n\n\n\n<p>La inconformidad estudiantil se hizo presente en la capital del pa\u00eds despu\u00e9s de que en Oaxaca han solicitado la intervenci\u00f3n del gobernador Salom\u00f3n Jara, pero este ha sido omiso desde enero pasado, fecha en que les fue arrebatado uno de los alberges.<\/p>\n\n\n\n<figure class=\"wp-block-image size-large\"><img loading=\"lazy\" decoding=\"async\" width=\"1024\" height=\"576\" src=\"https:\/\/esbozodeportivo.com\/wp-content\/uploads\/2025\/09\/Estudiantes1-1024x576.jpg\" alt=\"\" class=\"wp-image-9985\" srcset=\"https:\/\/esbozodeportivo.com\/wp-content\/uploads\/2025\/09\/Estudiantes1-1024x576.jpg 1024w, https:\/\/esbozodeportivo.com\/wp-content\/uploads\/2025\/09\/Estudiantes1-300x169.jpg 300w, https:\/\/esbozodeportivo.com\/wp-content\/uploads\/2025\/09\/Estudiantes1-768x432.jpg 768w, https:\/\/esbozodeportivo.com\/wp-content\/uploads\/2025\/09\/Estudiantes1.jpg 1280w\" sizes=\"auto, (max-width: 1024px) 100vw, 1024px\" \/><\/figure>\n\n\n\n<p>\u201cHemos realizado varias protestas, cadenas humanas, m\u00edtines, eventos culturales, difusiones y denuncias, y el gobierno de la entidad no interviene, nosotros le hemos reiterado al gobernador en las reuniones que hemos tenido con algunos funcionarios, pero sigue sin resolver. Nuestra demanda principal es que se nos regresen nuestros albergues\u201d, dijo en entrevista Anah\u00ed Mart\u00ednez Flores, dirigente estudiantil en Oaxaca.<\/p>\n\n\n\n<p>A pesar de los llamados de los j\u00f3venes, las agresiones en contra de los estudiantes siguen. La noche del 5 de agosto del presente a\u00f1o, un grupo de 20 personas armadas allan\u00f3 el Albergue Estudiantil \u201cVillas de Monte Alb\u00e1n\u201d y saque\u00f3 una tienda de abarrotes del Movimiento Antorchista; con esa agresi\u00f3n ya van tres actos represivos, vand\u00e1licos y de persecuci\u00f3n pol\u00edtica y ninguna autoridad competente y encargada de velar por la seguridad de los oaxaque\u00f1os ha intervenido.<\/p>\n\n\n\n<figure class=\"wp-block-image size-large\"><img loading=\"lazy\" decoding=\"async\" width=\"1024\" height=\"576\" src=\"https:\/\/esbozodeportivo.com\/wp-content\/uploads\/2025\/09\/Estudiantes-1024x576.jpg\" alt=\"\" class=\"wp-image-9986\" srcset=\"https:\/\/esbozodeportivo.com\/wp-content\/uploads\/2025\/09\/Estudiantes-1024x576.jpg 1024w, https:\/\/esbozodeportivo.com\/wp-content\/uploads\/2025\/09\/Estudiantes-300x169.jpg 300w, https:\/\/esbozodeportivo.com\/wp-content\/uploads\/2025\/09\/Estudiantes-768x432.jpg 768w, https:\/\/esbozodeportivo.com\/wp-content\/uploads\/2025\/09\/Estudiantes.jpg 1280w\" sizes=\"auto, (max-width: 1024px) 100vw, 1024px\" \/><\/figure>\n\n\n\n<p>Isolda Mor\u00e1n, dirigente nacional de la FNERRR conden\u00f3 el agresivo cerco de granaderos en el Z\u00f3calo de la capital, ya que los estudiantes agremiados a dicha organizaci\u00f3n se han caracterizado por protestar de manera pac\u00edfica. Y su visita obedeci\u00f3 a que \u201cqueremos exponer a la presidenta Claudia Sheinbaum nuestras demandas, que sean atendidas nuestras necesidades, ya que en Oaxaca se est\u00e1n atacando a los estudiantes y el gobernador estatal no ha sido capaz de resolver, queremos que nos regresen los albergues estudiantiles\u201d, enfatiz\u00f3.<\/p>\n\n\n\n<p>El contingente de estudiantes de Oaxaca fue apoyado por j\u00f3venes agremiados a la FNERRR provenientes del estado de Puebla, Estado de M\u00e9xico y la Ciudad de M\u00e9xico. Asimismo, acudieron padres de familia y maestros.<\/p>\n\n\n\n<figure class=\"wp-block-image size-large\"><img loading=\"lazy\" decoding=\"async\" width=\"1024\" height=\"576\" src=\"https:\/\/esbozodeportivo.com\/wp-content\/uploads\/2025\/09\/Estudiantes3-1024x576.jpg\" alt=\"\" class=\"wp-image-9987\" srcset=\"https:\/\/esbozodeportivo.com\/wp-content\/uploads\/2025\/09\/Estudiantes3-1024x576.jpg 1024w, https:\/\/esbozodeportivo.com\/wp-content\/uploads\/2025\/09\/Estudiantes3-300x169.jpg 300w, https:\/\/esbozodeportivo.com\/wp-content\/uploads\/2025\/09\/Estudiantes3-768x432.jpg 768w, https:\/\/esbozodeportivo.com\/wp-content\/uploads\/2025\/09\/Estudiantes3.jpg 1280w\" sizes=\"auto, (max-width: 1024px) 100vw, 1024px\" \/><\/figure>\n\n\n\n<p>Homero Aguirre Enr\u00edquez, vocero nacional del Movimiento Antorchista, en entrevista critic\u00f3 que el gobierno de la Cuarta Transformaci\u00f3n se mantenga en una cerraz\u00f3n y no atienda a los estudiantes y que acciones como el Z\u00f3calo blindado de granaderos \u201csolo provoca que el movimiento crezca. Hay una gran injusticia, hay un atropello en Oaxaca\u201d. Asimismo, expuso, que quienes ahora est\u00e1n en el poder, por a\u00f1os protestaron cuando eran oposici\u00f3n, y hoy parad\u00f3jicamente se niegan a atender los reclamos populares.<\/p>\n\n\n\n<p>Tras m\u00e1s de cuatro horas de mitin, los j\u00f3venes presenciaron un programa cultural a cargo de j\u00f3venes de las preparatorias L\u00e1zaro C\u00e1rdenas del R\u00edo de la Ciudad de M\u00e9xico, con bailes de Sinaloa y Tabasco.<\/p>\n\n\n\n<p>Finalmente, los estudiantes anunciaron m\u00e1s protestas en \u201cLa Ma\u00f1anera\u201d de Claudia Sheinbaum en el mes de octubre.<\/p>\n\n\n\n<figure class=\"wp-block-image size-large\"><img loading=\"lazy\" decoding=\"async\" width=\"1024\" height=\"683\" src=\"https:\/\/esbozodeportivo.com\/wp-content\/uploads\/2025\/09\/Estudiantes4-1024x683.jpg\" alt=\"\" class=\"wp-image-9988\" srcset=\"https:\/\/esbozodeportivo.com\/wp-content\/uploads\/2025\/09\/Estudiantes4-1024x683.jpg 1024w, https:\/\/esbozodeportivo.com\/wp-content\/uploads\/2025\/09\/Estudiantes4-300x200.jpg 300w, https:\/\/esbozodeportivo.com\/wp-content\/uploads\/2025\/09\/Estudiantes4-768x512.jpg 768w, https:\/\/esbozodeportivo.com\/wp-content\/uploads\/2025\/09\/Estudiantes4.jpg 1280w\" sizes=\"auto, (max-width: 1024px) 100vw, 1024px\" \/><\/figure>\n\n\n\n<p><\/p>\n","protected":false},"excerpt":{"rendered":"<p>(Fotos: Cortes\u00eda) * Reprimen a los estudiantes los granaderos de la CDMX * Denunciaron el<\/p>\n","protected":false},"author":2,"featured_media":9984,"comment_status":"closed","ping_status":"open","sticky":false,"template":"","format":"standard","meta":{"_jetpack_memberships_contains_paid_content":false,"footnotes":""},"categories":[36],"tags":[],"class_list":["post-9983","post","type-post","status-publish","format-standard","has-post-thumbnail","hentry","category-nacional"],"yoast_head":"<!-- This site is optimized with the Yoast SEO plugin v25.7 - https:\/\/yoast.com\/wordpress\/plugins\/seo\/ -->\n<title>Gobierno de Sheinbaum ignora a estudiantes de Oaxaca; anuncian m\u00e1s protestas - Esbozo Deportivo<\/title>\n<meta name=\"description\" content=\"El gobierno de Claudia Sheinbaum Pardo no atendi\u00f3 la protesta de m\u00e1s de dos mil estudiantes, quienes en Palacio Nacional fueron recibidos con un operativo de granaderos de los que recibieron a empujones y golpes. Tras evadir el cerco policiaco, los estudiantes denunciaron que el gobierno de Oaxaca no ha intervenido ni mucho menos regresado dos albergues estudiantiles para j\u00f3venes pobres; y a pesar de la solicitud de los estudiantes, el gobernador oaxaque\u00f1o Salom\u00f3n Jara no ha frenado las agresiones contra ellos.\" \/>\n<meta name=\"robots\" content=\"index, follow, max-snippet:-1, max-image-preview:large, max-video-preview:-1\" \/>\n<link rel=\"canonical\" href=\"https:\/\/esbozodeportivo.com\/index.php\/2025\/09\/23\/gobierno-de-sheinbaum-ignora-a-estudiantes-de-oaxaca-anuncian-mas-protestas\/\" \/>\n<meta property=\"og:locale\" content=\"es_MX\" \/>\n<meta property=\"og:type\" content=\"article\" \/>\n<meta property=\"og:title\" content=\"Gobierno de Sheinbaum ignora a estudiantes de Oaxaca; anuncian m\u00e1s protestas - Esbozo Deportivo\" \/>\n<meta property=\"og:description\" content=\"El gobierno de Claudia Sheinbaum Pardo no atendi\u00f3 la protesta de m\u00e1s de dos mil estudiantes, quienes en Palacio Nacional fueron recibidos con un operativo de granaderos de los que recibieron a empujones y golpes. Tras evadir el cerco policiaco, los estudiantes denunciaron que el gobierno de Oaxaca no ha intervenido ni mucho menos regresado dos albergues estudiantiles para j\u00f3venes pobres; y a pesar de la solicitud de los estudiantes, el gobernador oaxaque\u00f1o Salom\u00f3n Jara no ha frenado las agresiones contra ellos.\" \/>\n<meta property=\"og:url\" content=\"https:\/\/esbozodeportivo.com\/index.php\/2025\/09\/23\/gobierno-de-sheinbaum-ignora-a-estudiantes-de-oaxaca-anuncian-mas-protestas\/\" \/>\n<meta property=\"og:site_name\" content=\"Esbozo Deportivo\" \/>\n<meta property=\"article:published_time\" content=\"2025-09-24T02:00:18+00:00\" \/>\n<meta property=\"article:modified_time\" content=\"2025-09-24T02:01:35+00:00\" \/>\n<meta property=\"og:image\" content=\"https:\/\/esbozodeportivo.com\/wp-content\/uploads\/2025\/09\/Granaderos.jpg\" \/>\n\t<meta property=\"og:image:width\" content=\"1600\" \/>\n\t<meta property=\"og:image:height\" content=\"900\" \/>\n\t<meta property=\"og:image:type\" content=\"image\/jpeg\" \/>\n<meta name=\"author\" content=\"Javier De La Cruz\" \/>\n<meta name=\"twitter:card\" content=\"summary_large_image\" \/>\n<meta name=\"twitter:label1\" content=\"Escrito por\" \/>\n\t<meta name=\"twitter:data1\" content=\"Javier De La Cruz\" \/>\n\t<meta name=\"twitter:label2\" content=\"Tiempo de lectura\" \/>\n\t<meta name=\"twitter:data2\" content=\"4 minutos\" \/>\n<script type=\"application\/ld+json\" class=\"yoast-schema-graph\">{\"@context\":\"https:\/\/schema.org\",\"@graph\":[{\"@type\":\"Article\",\"@id\":\"https:\/\/esbozodeportivo.com\/index.php\/2025\/09\/23\/gobierno-de-sheinbaum-ignora-a-estudiantes-de-oaxaca-anuncian-mas-protestas\/#article\",\"isPartOf\":{\"@id\":\"https:\/\/esbozodeportivo.com\/index.php\/2025\/09\/23\/gobierno-de-sheinbaum-ignora-a-estudiantes-de-oaxaca-anuncian-mas-protestas\/\"},\"author\":{\"name\":\"Javier De La Cruz\",\"@id\":\"https:\/\/esbozodeportivo.com\/#\/schema\/person\/7277119c98823aec37bbb84e125efd44\"},\"headline\":\"Gobierno de Sheinbaum ignora a estudiantes de Oaxaca; anuncian m\u00e1s protestas\",\"datePublished\":\"2025-09-24T02:00:18+00:00\",\"dateModified\":\"2025-09-24T02:01:35+00:00\",\"mainEntityOfPage\":{\"@id\":\"https:\/\/esbozodeportivo.com\/index.php\/2025\/09\/23\/gobierno-de-sheinbaum-ignora-a-estudiantes-de-oaxaca-anuncian-mas-protestas\/\"},\"wordCount\":666,\"publisher\":{\"@id\":\"https:\/\/esbozodeportivo.com\/#organization\"},\"image\":{\"@id\":\"https:\/\/esbozodeportivo.com\/index.php\/2025\/09\/23\/gobierno-de-sheinbaum-ignora-a-estudiantes-de-oaxaca-anuncian-mas-protestas\/#primaryimage\"},\"thumbnailUrl\":\"https:\/\/esbozodeportivo.com\/wp-content\/uploads\/2025\/09\/Granaderos.jpg\",\"articleSection\":[\"Nacional\"],\"inLanguage\":\"es\"},{\"@type\":\"WebPage\",\"@id\":\"https:\/\/esbozodeportivo.com\/index.php\/2025\/09\/23\/gobierno-de-sheinbaum-ignora-a-estudiantes-de-oaxaca-anuncian-mas-protestas\/\",\"url\":\"https:\/\/esbozodeportivo.com\/index.php\/2025\/09\/23\/gobierno-de-sheinbaum-ignora-a-estudiantes-de-oaxaca-anuncian-mas-protestas\/\",\"name\":\"Gobierno de Sheinbaum ignora a estudiantes de Oaxaca; anuncian m\u00e1s protestas - Esbozo Deportivo\",\"isPartOf\":{\"@id\":\"https:\/\/esbozodeportivo.com\/#website\"},\"primaryImageOfPage\":{\"@id\":\"https:\/\/esbozodeportivo.com\/index.php\/2025\/09\/23\/gobierno-de-sheinbaum-ignora-a-estudiantes-de-oaxaca-anuncian-mas-protestas\/#primaryimage\"},\"image\":{\"@id\":\"https:\/\/esbozodeportivo.com\/index.php\/2025\/09\/23\/gobierno-de-sheinbaum-ignora-a-estudiantes-de-oaxaca-anuncian-mas-protestas\/#primaryimage\"},\"thumbnailUrl\":\"https:\/\/esbozodeportivo.com\/wp-content\/uploads\/2025\/09\/Granaderos.jpg\",\"datePublished\":\"2025-09-24T02:00:18+00:00\",\"dateModified\":\"2025-09-24T02:01:35+00:00\",\"description\":\"El gobierno de Claudia Sheinbaum Pardo no atendi\u00f3 la protesta de m\u00e1s de dos mil estudiantes, quienes en Palacio Nacional fueron recibidos con un operativo de granaderos de los que recibieron a empujones y golpes. Tras evadir el cerco policiaco, los estudiantes denunciaron que el gobierno de Oaxaca no ha intervenido ni mucho menos regresado dos albergues estudiantiles para j\u00f3venes pobres; y a pesar de la solicitud de los estudiantes, el gobernador oaxaque\u00f1o Salom\u00f3n Jara no ha frenado las agresiones contra ellos.\",\"breadcrumb\":{\"@id\":\"https:\/\/esbozodeportivo.com\/index.php\/2025\/09\/23\/gobierno-de-sheinbaum-ignora-a-estudiantes-de-oaxaca-anuncian-mas-protestas\/#breadcrumb\"},\"inLanguage\":\"es\",\"potentialAction\":[{\"@type\":\"ReadAction\",\"target\":[\"https:\/\/esbozodeportivo.com\/index.php\/2025\/09\/23\/gobierno-de-sheinbaum-ignora-a-estudiantes-de-oaxaca-anuncian-mas-protestas\/\"]}]},{\"@type\":\"ImageObject\",\"inLanguage\":\"es\",\"@id\":\"https:\/\/esbozodeportivo.com\/index.php\/2025\/09\/23\/gobierno-de-sheinbaum-ignora-a-estudiantes-de-oaxaca-anuncian-mas-protestas\/#primaryimage\",\"url\":\"https:\/\/esbozodeportivo.com\/wp-content\/uploads\/2025\/09\/Granaderos.jpg\",\"contentUrl\":\"https:\/\/esbozodeportivo.com\/wp-content\/uploads\/2025\/09\/Granaderos.jpg\",\"width\":1600,\"height\":900},{\"@type\":\"BreadcrumbList\",\"@id\":\"https:\/\/esbozodeportivo.com\/index.php\/2025\/09\/23\/gobierno-de-sheinbaum-ignora-a-estudiantes-de-oaxaca-anuncian-mas-protestas\/#breadcrumb\",\"itemListElement\":[{\"@type\":\"ListItem\",\"position\":1,\"name\":\"Inicio\",\"item\":\"https:\/\/esbozodeportivo.com\/\"},{\"@type\":\"ListItem\",\"position\":2,\"name\":\"Gobierno de Sheinbaum ignora a estudiantes de Oaxaca; anuncian m\u00e1s protestas\"}]},{\"@type\":\"WebSite\",\"@id\":\"https:\/\/esbozodeportivo.com\/#website\",\"url\":\"https:\/\/esbozodeportivo.com\/\",\"name\":\"Esbozo Deportivo\",\"description\":\"Lo m\u00e1s importante del Deporte\",\"publisher\":{\"@id\":\"https:\/\/esbozodeportivo.com\/#organization\"},\"potentialAction\":[{\"@type\":\"SearchAction\",\"target\":{\"@type\":\"EntryPoint\",\"urlTemplate\":\"https:\/\/esbozodeportivo.com\/?s={search_term_string}\"},\"query-input\":{\"@type\":\"PropertyValueSpecification\",\"valueRequired\":true,\"valueName\":\"search_term_string\"}}],\"inLanguage\":\"es\"},{\"@type\":\"Organization\",\"@id\":\"https:\/\/esbozodeportivo.com\/#organization\",\"name\":\"Esbozo Deportivo\",\"url\":\"https:\/\/esbozodeportivo.com\/\",\"logo\":{\"@type\":\"ImageObject\",\"inLanguage\":\"es\",\"@id\":\"https:\/\/esbozodeportivo.com\/#\/schema\/logo\/image\/\",\"url\":\"https:\/\/esbozodeportivo.com\/wp-content\/uploads\/2022\/08\/cropped-Logo-Esbozo-Web-2.png\",\"contentUrl\":\"https:\/\/esbozodeportivo.com\/wp-content\/uploads\/2022\/08\/cropped-Logo-Esbozo-Web-2.png\",\"width\":180,\"height\":50,\"caption\":\"Esbozo Deportivo\"},\"image\":{\"@id\":\"https:\/\/esbozodeportivo.com\/#\/schema\/logo\/image\/\"}},{\"@type\":\"Person\",\"@id\":\"https:\/\/esbozodeportivo.com\/#\/schema\/person\/7277119c98823aec37bbb84e125efd44\",\"name\":\"Javier De La Cruz\",\"image\":{\"@type\":\"ImageObject\",\"inLanguage\":\"es\",\"@id\":\"https:\/\/esbozodeportivo.com\/#\/schema\/person\/image\/\",\"url\":\"https:\/\/secure.gravatar.com\/avatar\/366235a56d20f1a6e8e3d0b295897639357bea880470ddf261d17bb0bc052eb1?s=96&d=mm&r=g\",\"contentUrl\":\"https:\/\/secure.gravatar.com\/avatar\/366235a56d20f1a6e8e3d0b295897639357bea880470ddf261d17bb0bc052eb1?s=96&d=mm&r=g\",\"caption\":\"Javier De La Cruz\"},\"url\":\"https:\/\/esbozodeportivo.com\/index.php\/author\/javier-de-la-cruz-de-la-cruz\/\"}]}<\/script>\n<!-- \/ Yoast SEO plugin. -->","yoast_head_json":{"title":"Gobierno de Sheinbaum ignora a estudiantes de Oaxaca; anuncian m\u00e1s protestas - Esbozo Deportivo","description":"El gobierno de Claudia Sheinbaum Pardo no atendi\u00f3 la protesta de m\u00e1s de dos mil estudiantes, quienes en Palacio Nacional fueron recibidos con un operativo de granaderos de los que recibieron a empujones y golpes. Tras evadir el cerco policiaco, los estudiantes denunciaron que el gobierno de Oaxaca no ha intervenido ni mucho menos regresado dos albergues estudiantiles para j\u00f3venes pobres; y a pesar de la solicitud de los estudiantes, el gobernador oaxaque\u00f1o Salom\u00f3n Jara no ha frenado las agresiones contra ellos.","robots":{"index":"index","follow":"follow","max-snippet":"max-snippet:-1","max-image-preview":"max-image-preview:large","max-video-preview":"max-video-preview:-1"},"canonical":"https:\/\/esbozodeportivo.com\/index.php\/2025\/09\/23\/gobierno-de-sheinbaum-ignora-a-estudiantes-de-oaxaca-anuncian-mas-protestas\/","og_locale":"es_MX","og_type":"article","og_title":"Gobierno de Sheinbaum ignora a estudiantes de Oaxaca; anuncian m\u00e1s protestas - Esbozo Deportivo","og_description":"El gobierno de Claudia Sheinbaum Pardo no atendi\u00f3 la protesta de m\u00e1s de dos mil estudiantes, quienes en Palacio Nacional fueron recibidos con un operativo de granaderos de los que recibieron a empujones y golpes. Tras evadir el cerco policiaco, los estudiantes denunciaron que el gobierno de Oaxaca no ha intervenido ni mucho menos regresado dos albergues estudiantiles para j\u00f3venes pobres; y a pesar de la solicitud de los estudiantes, el gobernador oaxaque\u00f1o Salom\u00f3n Jara no ha frenado las agresiones contra ellos.","og_url":"https:\/\/esbozodeportivo.com\/index.php\/2025\/09\/23\/gobierno-de-sheinbaum-ignora-a-estudiantes-de-oaxaca-anuncian-mas-protestas\/","og_site_name":"Esbozo Deportivo","article_published_time":"2025-09-24T02:00:18+00:00","article_modified_time":"2025-09-24T02:01:35+00:00","og_image":[{"width":1600,"height":900,"url":"https:\/\/esbozodeportivo.com\/wp-content\/uploads\/2025\/09\/Granaderos.jpg","type":"image\/jpeg"}],"author":"Javier De La Cruz","twitter_card":"summary_large_image","twitter_misc":{"Escrito por":"Javier De La Cruz","Tiempo de lectura":"4 minutos"},"schema":{"@context":"https:\/\/schema.org","@graph":[{"@type":"Article","@id":"https:\/\/esbozodeportivo.com\/index.php\/2025\/09\/23\/gobierno-de-sheinbaum-ignora-a-estudiantes-de-oaxaca-anuncian-mas-protestas\/#article","isPartOf":{"@id":"https:\/\/esbozodeportivo.com\/index.php\/2025\/09\/23\/gobierno-de-sheinbaum-ignora-a-estudiantes-de-oaxaca-anuncian-mas-protestas\/"},"author":{"name":"Javier De La Cruz","@id":"https:\/\/esbozodeportivo.com\/#\/schema\/person\/7277119c98823aec37bbb84e125efd44"},"headline":"Gobierno de Sheinbaum ignora a estudiantes de Oaxaca; anuncian m\u00e1s protestas","datePublished":"2025-09-24T02:00:18+00:00","dateModified":"2025-09-24T02:01:35+00:00","mainEntityOfPage":{"@id":"https:\/\/esbozodeportivo.com\/index.php\/2025\/09\/23\/gobierno-de-sheinbaum-ignora-a-estudiantes-de-oaxaca-anuncian-mas-protestas\/"},"wordCount":666,"publisher":{"@id":"https:\/\/esbozodeportivo.com\/#organization"},"image":{"@id":"https:\/\/esbozodeportivo.com\/index.php\/2025\/09\/23\/gobierno-de-sheinbaum-ignora-a-estudiantes-de-oaxaca-anuncian-mas-protestas\/#primaryimage"},"thumbnailUrl":"https:\/\/esbozodeportivo.com\/wp-content\/uploads\/2025\/09\/Granaderos.jpg","articleSection":["Nacional"],"inLanguage":"es"},{"@type":"WebPage","@id":"https:\/\/esbozodeportivo.com\/index.php\/2025\/09\/23\/gobierno-de-sheinbaum-ignora-a-estudiantes-de-oaxaca-anuncian-mas-protestas\/","url":"https:\/\/esbozodeportivo.com\/index.php\/2025\/09\/23\/gobierno-de-sheinbaum-ignora-a-estudiantes-de-oaxaca-anuncian-mas-protestas\/","name":"Gobierno de Sheinbaum ignora a estudiantes de Oaxaca; anuncian m\u00e1s protestas - Esbozo Deportivo","isPartOf":{"@id":"https:\/\/esbozodeportivo.com\/#website"},"primaryImageOfPage":{"@id":"https:\/\/esbozodeportivo.com\/index.php\/2025\/09\/23\/gobierno-de-sheinbaum-ignora-a-estudiantes-de-oaxaca-anuncian-mas-protestas\/#primaryimage"},"image":{"@id":"https:\/\/esbozodeportivo.com\/index.php\/2025\/09\/23\/gobierno-de-sheinbaum-ignora-a-estudiantes-de-oaxaca-anuncian-mas-protestas\/#primaryimage"},"thumbnailUrl":"https:\/\/esbozodeportivo.com\/wp-content\/uploads\/2025\/09\/Granaderos.jpg","datePublished":"2025-09-24T02:00:18+00:00","dateModified":"2025-09-24T02:01:35+00:00","description":"El gobierno de Claudia Sheinbaum Pardo no atendi\u00f3 la protesta de m\u00e1s de dos mil estudiantes, quienes en Palacio Nacional fueron recibidos con un operativo de granaderos de los que recibieron a empujones y golpes. Tras evadir el cerco policiaco, los estudiantes denunciaron que el gobierno de Oaxaca no ha intervenido ni mucho menos regresado dos albergues estudiantiles para j\u00f3venes pobres; y a pesar de la solicitud de los estudiantes, el gobernador oaxaque\u00f1o Salom\u00f3n Jara no ha frenado las agresiones contra ellos.","breadcrumb":{"@id":"https:\/\/esbozodeportivo.com\/index.php\/2025\/09\/23\/gobierno-de-sheinbaum-ignora-a-estudiantes-de-oaxaca-anuncian-mas-protestas\/#breadcrumb"},"inLanguage":"es","potentialAction":[{"@type":"ReadAction","target":["https:\/\/esbozodeportivo.com\/index.php\/2025\/09\/23\/gobierno-de-sheinbaum-ignora-a-estudiantes-de-oaxaca-anuncian-mas-protestas\/"]}]},{"@type":"ImageObject","inLanguage":"es","@id":"https:\/\/esbozodeportivo.com\/index.php\/2025\/09\/23\/gobierno-de-sheinbaum-ignora-a-estudiantes-de-oaxaca-anuncian-mas-protestas\/#primaryimage","url":"https:\/\/esbozodeportivo.com\/wp-content\/uploads\/2025\/09\/Granaderos.jpg","contentUrl":"https:\/\/esbozodeportivo.com\/wp-content\/uploads\/2025\/09\/Granaderos.jpg","width":1600,"height":900},{"@type":"BreadcrumbList","@id":"https:\/\/esbozodeportivo.com\/index.php\/2025\/09\/23\/gobierno-de-sheinbaum-ignora-a-estudiantes-de-oaxaca-anuncian-mas-protestas\/#breadcrumb","itemListElement":[{"@type":"ListItem","position":1,"name":"Inicio","item":"https:\/\/esbozodeportivo.com\/"},{"@type":"ListItem","position":2,"name":"Gobierno de Sheinbaum ignora a estudiantes de Oaxaca; anuncian m\u00e1s protestas"}]},{"@type":"WebSite","@id":"https:\/\/esbozodeportivo.com\/#website","url":"https:\/\/esbozodeportivo.com\/","name":"Esbozo Deportivo","description":"Lo m\u00e1s importante del Deporte","publisher":{"@id":"https:\/\/esbozodeportivo.com\/#organization"},"potentialAction":[{"@type":"SearchAction","target":{"@type":"EntryPoint","urlTemplate":"https:\/\/esbozodeportivo.com\/?s={search_term_string}"},"query-input":{"@type":"PropertyValueSpecification","valueRequired":true,"valueName":"search_term_string"}}],"inLanguage":"es"},{"@type":"Organization","@id":"https:\/\/esbozodeportivo.com\/#organization","name":"Esbozo Deportivo","url":"https:\/\/esbozodeportivo.com\/","logo":{"@type":"ImageObject","inLanguage":"es","@id":"https:\/\/esbozodeportivo.com\/#\/schema\/logo\/image\/","url":"https:\/\/esbozodeportivo.com\/wp-content\/uploads\/2022\/08\/cropped-Logo-Esbozo-Web-2.png","contentUrl":"https:\/\/esbozodeportivo.com\/wp-content\/uploads\/2022\/08\/cropped-Logo-Esbozo-Web-2.png","width":180,"height":50,"caption":"Esbozo Deportivo"},"image":{"@id":"https:\/\/esbozodeportivo.com\/#\/schema\/logo\/image\/"}},{"@type":"Person","@id":"https:\/\/esbozodeportivo.com\/#\/schema\/person\/7277119c98823aec37bbb84e125efd44","name":"Javier De La Cruz","image":{"@type":"ImageObject","inLanguage":"es","@id":"https:\/\/esbozodeportivo.com\/#\/schema\/person\/image\/","url":"https:\/\/secure.gravatar.com\/avatar\/366235a56d20f1a6e8e3d0b295897639357bea880470ddf261d17bb0bc052eb1?s=96&d=mm&r=g","contentUrl":"https:\/\/secure.gravatar.com\/avatar\/366235a56d20f1a6e8e3d0b295897639357bea880470ddf261d17bb0bc052eb1?s=96&d=mm&r=g","caption":"Javier De La Cruz"},"url":"https:\/\/esbozodeportivo.com\/index.php\/author\/javier-de-la-cruz-de-la-cruz\/"}]}},"jetpack_featured_media_url":"https:\/\/esbozodeportivo.com\/wp-content\/uploads\/2025\/09\/Granaderos.jpg","jetpack_sharing_enabled":true,"_links":{"self":[{"href":"https:\/\/esbozodeportivo.com\/index.php\/wp-json\/wp\/v2\/posts\/9983","targetHints":{"allow":["GET"]}}],"collection":[{"href":"https:\/\/esbozodeportivo.com\/index.php\/wp-json\/wp\/v2\/posts"}],"about":[{"href":"https:\/\/esbozodeportivo.com\/index.php\/wp-json\/wp\/v2\/types\/post"}],"author":[{"embeddable":true,"href":"https:\/\/esbozodeportivo.com\/index.php\/wp-json\/wp\/v2\/users\/2"}],"replies":[{"embeddable":true,"href":"https:\/\/esbozodeportivo.com\/index.php\/wp-json\/wp\/v2\/comments?post=9983"}],"version-history":[{"count":2,"href":"https:\/\/esbozodeportivo.com\/index.php\/wp-json\/wp\/v2\/posts\/9983\/revisions"}],"predecessor-version":[{"id":9990,"href":"https:\/\/esbozodeportivo.com\/index.php\/wp-json\/wp\/v2\/posts\/9983\/revisions\/9990"}],"wp:featuredmedia":[{"embeddable":true,"href":"https:\/\/esbozodeportivo.com\/index.php\/wp-json\/wp\/v2\/media\/9984"}],"wp:attachment":[{"href":"https:\/\/esbozodeportivo.com\/index.php\/wp-json\/wp\/v2\/media?parent=9983"}],"wp:term":[{"taxonomy":"category","embeddable":true,"href":"https:\/\/esbozodeportivo.com\/index.php\/wp-json\/wp\/v2\/categories?post=9983"},{"taxonomy":"post_tag","embeddable":true,"href":"https:\/\/esbozodeportivo.com\/index.php\/wp-json\/wp\/v2\/tags?post=9983"}],"curies":[{"name":"wp","href":"https:\/\/api.w.org\/{rel}","templated":true}]}}