{"id":9991,"date":"2025-09-23T21:40:49","date_gmt":"2025-09-24T03:40:49","guid":{"rendered":"https:\/\/esbozodeportivo.com\/?p=9991"},"modified":"2025-09-23T21:40:51","modified_gmt":"2025-09-24T03:40:51","slug":"presentan-feria-nacional-del-mole-en-su-edicion-2025-que-sera-del-3-al-26-de-octubre-en-milpa-alta","status":"publish","type":"post","link":"https:\/\/esbozodeportivo.com\/index.php\/2025\/09\/23\/presentan-feria-nacional-del-mole-en-su-edicion-2025-que-sera-del-3-al-26-de-octubre-en-milpa-alta\/","title":{"rendered":"Presentan Feria Nacional del Mole en su edici\u00f3n 2025, que ser\u00e1 del 3 al 26 de octubre en Milpa Alta"},"content":{"rendered":"\n<p><strong>(Foto: esbozodeportivo) <\/strong><\/p>\n\n\n\n<p><strong>Por Javier de la Cruz<\/strong><\/p>\n\n\n\n<p><em><strong>Ciudad de M\u00e9xico, 23 de septiembre de 2025<\/strong><\/em> \u2014 Esta tarde se llev\u00f3 acabo la &nbsp;conferencia de prensa, donde se dio a conocer los pormenores de la edici\u00f3n <strong>2025 de la Feria Nacional del Mole<\/strong>, que se celebrar\u00e1 del 3 <strong>al 26 de octubre<\/strong> en <strong>San Pedro Actopan, alcald\u00eda Milpa Alta.<\/strong><\/p>\n\n\n\n<p>Durante el evento, <strong>Miriam Alvarado<\/strong>, directora de la Feria, comparti\u00f3 detalles sobre esta tradicional celebraci\u00f3n gastron\u00f3mica que re\u00fane a familias productoras de mole, artesanos y cocineros de todo el pa\u00eds. Se\u00f1al\u00f3 que este a\u00f1o se espera superar la derrama econ\u00f3mica del a\u00f1o pasado, alcanzando m\u00e1s de <strong>30 millones de pesos<\/strong>, as\u00ed como rebasar las <strong>50 toneladas de mole<\/strong> distribuidas en 2024.<\/p>\n\n\n\n<p>Por su parte, el presidente municipal de <strong>Milpa Alta<\/strong>, <strong>Octavio Rivero Villase\u00f1or<\/strong>, destac\u00f3 la importancia cultural y econ\u00f3mica del evento para la comunidad local. Mencion\u00f3 que la feria no solo impulsa el desarrollo econ\u00f3mico, sino que tambi\u00e9n preserva una de las tradiciones culinarias m\u00e1s representativas de M\u00e9xico.<\/p>\n\n\n\n<figure class=\"wp-block-image size-large\"><img loading=\"lazy\" decoding=\"async\" width=\"1024\" height=\"682\" src=\"https:\/\/esbozodeportivo.com\/wp-content\/uploads\/2025\/09\/DSC07075-1024x682.jpg\" alt=\"\" class=\"wp-image-9996\" srcset=\"https:\/\/esbozodeportivo.com\/wp-content\/uploads\/2025\/09\/DSC07075-1024x682.jpg 1024w, https:\/\/esbozodeportivo.com\/wp-content\/uploads\/2025\/09\/DSC07075-300x200.jpg 300w, https:\/\/esbozodeportivo.com\/wp-content\/uploads\/2025\/09\/DSC07075-768x511.jpg 768w, https:\/\/esbozodeportivo.com\/wp-content\/uploads\/2025\/09\/DSC07075-1536x1022.jpg 1536w, https:\/\/esbozodeportivo.com\/wp-content\/uploads\/2025\/09\/DSC07075-2048x1363.jpg 2048w\" sizes=\"auto, (max-width: 1024px) 100vw, 1024px\" \/><\/figure>\n\n\n\n<p>En esta edici\u00f3n, <strong>los estados invitados ser\u00e1n Veracruz y Oaxaca<\/strong>, quienes participar\u00e1n con una muestra de su vasta riqueza gastron\u00f3mica y cultural.<\/p>\n\n\n\n<p>La <strong>Feria Nacional del Mole 2025<\/strong> espera recibir a m\u00e1s de <strong>130 mil visitantes<\/strong>, entre locales y turistas nacionales e internacionales, consolid\u00e1ndose como uno de los eventos m\u00e1s esperados del calendario cultural y gastron\u00f3mico de la Ciudad de M\u00e9xico.<\/p>\n\n\n\n<p><\/p>\n\n\n\n<figure class=\"wp-block-image size-large is-resized\"><img loading=\"lazy\" decoding=\"async\" width=\"682\" height=\"1024\" src=\"https:\/\/esbozodeportivo.com\/wp-content\/uploads\/2025\/09\/DSC07062-682x1024.jpg\" alt=\"\" class=\"wp-image-9992\" style=\"width:740px;height:auto\" srcset=\"https:\/\/esbozodeportivo.com\/wp-content\/uploads\/2025\/09\/DSC07062-682x1024.jpg 682w, https:\/\/esbozodeportivo.com\/wp-content\/uploads\/2025\/09\/DSC07062-200x300.jpg 200w, https:\/\/esbozodeportivo.com\/wp-content\/uploads\/2025\/09\/DSC07062-768x1154.jpg 768w, https:\/\/esbozodeportivo.com\/wp-content\/uploads\/2025\/09\/DSC07062-1022x1536.jpg 1022w, https:\/\/esbozodeportivo.com\/wp-content\/uploads\/2025\/09\/DSC07062-1363x2048.jpg 1363w, https:\/\/esbozodeportivo.com\/wp-content\/uploads\/2025\/09\/DSC07062-1024x1538.jpg 1024w, https:\/\/esbozodeportivo.com\/wp-content\/uploads\/2025\/09\/DSC07062-scaled.jpg 1704w\" sizes=\"auto, (max-width: 682px) 100vw, 682px\" \/><\/figure>\n\n\n\n<figure class=\"wp-block-image size-large\"><img loading=\"lazy\" decoding=\"async\" width=\"1024\" height=\"682\" src=\"https:\/\/esbozodeportivo.com\/wp-content\/uploads\/2025\/09\/DSC07065-1024x682.jpg\" alt=\"\" class=\"wp-image-9993\" srcset=\"https:\/\/esbozodeportivo.com\/wp-content\/uploads\/2025\/09\/DSC07065-1024x682.jpg 1024w, https:\/\/esbozodeportivo.com\/wp-content\/uploads\/2025\/09\/DSC07065-300x200.jpg 300w, https:\/\/esbozodeportivo.com\/wp-content\/uploads\/2025\/09\/DSC07065-768x511.jpg 768w, https:\/\/esbozodeportivo.com\/wp-content\/uploads\/2025\/09\/DSC07065-1536x1022.jpg 1536w, https:\/\/esbozodeportivo.com\/wp-content\/uploads\/2025\/09\/DSC07065-2048x1363.jpg 2048w\" sizes=\"auto, (max-width: 1024px) 100vw, 1024px\" \/><\/figure>\n\n\n\n<figure class=\"wp-block-image size-large\"><img loading=\"lazy\" decoding=\"async\" width=\"1024\" height=\"682\" src=\"https:\/\/esbozodeportivo.com\/wp-content\/uploads\/2025\/09\/DSC07067-1024x682.jpg\" alt=\"\" class=\"wp-image-9994\" srcset=\"https:\/\/esbozodeportivo.com\/wp-content\/uploads\/2025\/09\/DSC07067-1024x682.jpg 1024w, https:\/\/esbozodeportivo.com\/wp-content\/uploads\/2025\/09\/DSC07067-300x200.jpg 300w, https:\/\/esbozodeportivo.com\/wp-content\/uploads\/2025\/09\/DSC07067-768x511.jpg 768w, https:\/\/esbozodeportivo.com\/wp-content\/uploads\/2025\/09\/DSC07067-1536x1022.jpg 1536w, https:\/\/esbozodeportivo.com\/wp-content\/uploads\/2025\/09\/DSC07067-2048x1363.jpg 2048w\" sizes=\"auto, (max-width: 1024px) 100vw, 1024px\" \/><\/figure>\n\n\n\n<figure class=\"wp-block-image size-large\"><img loading=\"lazy\" decoding=\"async\" width=\"1024\" height=\"682\" src=\"https:\/\/esbozodeportivo.com\/wp-content\/uploads\/2025\/09\/DSC07072-1024x682.jpg\" alt=\"\" class=\"wp-image-9995\" srcset=\"https:\/\/esbozodeportivo.com\/wp-content\/uploads\/2025\/09\/DSC07072-1024x682.jpg 1024w, https:\/\/esbozodeportivo.com\/wp-content\/uploads\/2025\/09\/DSC07072-300x200.jpg 300w, https:\/\/esbozodeportivo.com\/wp-content\/uploads\/2025\/09\/DSC07072-768x511.jpg 768w, https:\/\/esbozodeportivo.com\/wp-content\/uploads\/2025\/09\/DSC07072-1536x1022.jpg 1536w, https:\/\/esbozodeportivo.com\/wp-content\/uploads\/2025\/09\/DSC07072-2048x1363.jpg 2048w\" sizes=\"auto, (max-width: 1024px) 100vw, 1024px\" \/><\/figure>\n\n\n\n<figure class=\"wp-block-image size-large\"><img loading=\"lazy\" decoding=\"async\" width=\"1024\" height=\"682\" src=\"https:\/\/esbozodeportivo.com\/wp-content\/uploads\/2025\/09\/DSC07105-1024x682.jpg\" alt=\"\" class=\"wp-image-9997\" srcset=\"https:\/\/esbozodeportivo.com\/wp-content\/uploads\/2025\/09\/DSC07105-1024x682.jpg 1024w, https:\/\/esbozodeportivo.com\/wp-content\/uploads\/2025\/09\/DSC07105-300x200.jpg 300w, https:\/\/esbozodeportivo.com\/wp-content\/uploads\/2025\/09\/DSC07105-768x511.jpg 768w, https:\/\/esbozodeportivo.com\/wp-content\/uploads\/2025\/09\/DSC07105-1536x1022.jpg 1536w, https:\/\/esbozodeportivo.com\/wp-content\/uploads\/2025\/09\/DSC07105-2048x1363.jpg 2048w\" sizes=\"auto, (max-width: 1024px) 100vw, 1024px\" \/><\/figure>\n\n\n\n<p><\/p>\n","protected":false},"excerpt":{"rendered":"<p>(Foto: esbozodeportivo) Por Javier de la Cruz Ciudad de M\u00e9xico, 23 de septiembre de 2025<\/p>\n","protected":false},"author":4,"featured_media":9998,"comment_status":"closed","ping_status":"open","sticky":false,"template":"","format":"standard","meta":{"_jetpack_memberships_contains_paid_content":false,"footnotes":""},"categories":[49],"tags":[],"class_list":["post-9991","post","type-post","status-publish","format-standard","has-post-thumbnail","hentry","category-cultura"],"yoast_head":"<!-- This site is optimized with the Yoast SEO plugin v25.7 - https:\/\/yoast.com\/wordpress\/plugins\/seo\/ -->\n<title>Presentan Feria Nacional del Mole en su edici\u00f3n 2025, que ser\u00e1 del 3 al 26 de octubre en Milpa Alta - Esbozo Deportivo<\/title>\n<meta name=\"description\" content=\"Durante el evento, Miriam Alvarado, directora de la Feria, comparti\u00f3 detalles sobre esta tradicional celebraci\u00f3n gastron\u00f3mica que re\u00fane a familias productoras de mole, artesanos y cocineros de todo el pa\u00eds. Se\u00f1al\u00f3 que este a\u00f1o se espera superar la derrama econ\u00f3mica del a\u00f1o pasado, alcanzando m\u00e1s de 30 millones de pesos, as\u00ed como rebasar las 50 toneladas de mole distribuidas en 2024.\" \/>\n<meta name=\"robots\" content=\"index, follow, max-snippet:-1, max-image-preview:large, max-video-preview:-1\" \/>\n<link rel=\"canonical\" href=\"https:\/\/esbozodeportivo.com\/index.php\/2025\/09\/23\/presentan-feria-nacional-del-mole-en-su-edicion-2025-que-sera-del-3-al-26-de-octubre-en-milpa-alta\/\" \/>\n<meta property=\"og:locale\" content=\"es_MX\" \/>\n<meta property=\"og:type\" content=\"article\" \/>\n<meta property=\"og:title\" content=\"Presentan Feria Nacional del Mole en su edici\u00f3n 2025, que ser\u00e1 del 3 al 26 de octubre en Milpa Alta - Esbozo Deportivo\" \/>\n<meta property=\"og:description\" content=\"Durante el evento, Miriam Alvarado, directora de la Feria, comparti\u00f3 detalles sobre esta tradicional celebraci\u00f3n gastron\u00f3mica que re\u00fane a familias productoras de mole, artesanos y cocineros de todo el pa\u00eds. Se\u00f1al\u00f3 que este a\u00f1o se espera superar la derrama econ\u00f3mica del a\u00f1o pasado, alcanzando m\u00e1s de 30 millones de pesos, as\u00ed como rebasar las 50 toneladas de mole distribuidas en 2024.\" \/>\n<meta property=\"og:url\" content=\"https:\/\/esbozodeportivo.com\/index.php\/2025\/09\/23\/presentan-feria-nacional-del-mole-en-su-edicion-2025-que-sera-del-3-al-26-de-octubre-en-milpa-alta\/\" \/>\n<meta property=\"og:site_name\" content=\"Esbozo Deportivo\" \/>\n<meta property=\"article:published_time\" content=\"2025-09-24T03:40:49+00:00\" \/>\n<meta property=\"article:modified_time\" content=\"2025-09-24T03:40:51+00:00\" \/>\n<meta property=\"og:image\" content=\"https:\/\/esbozodeportivo.com\/wp-content\/uploads\/2025\/09\/DSC07111-scaled.jpg\" \/>\n\t<meta property=\"og:image:width\" content=\"2560\" \/>\n\t<meta property=\"og:image:height\" content=\"1704\" \/>\n\t<meta property=\"og:image:type\" content=\"image\/jpeg\" \/>\n<meta name=\"author\" content=\"Redacci\u00f3n\" \/>\n<meta name=\"twitter:card\" content=\"summary_large_image\" \/>\n<meta name=\"twitter:label1\" content=\"Escrito por\" \/>\n\t<meta name=\"twitter:data1\" content=\"Redacci\u00f3n\" \/>\n\t<meta name=\"twitter:label2\" content=\"Tiempo de lectura\" \/>\n\t<meta name=\"twitter:data2\" content=\"3 minutos\" \/>\n<script type=\"application\/ld+json\" class=\"yoast-schema-graph\">{\"@context\":\"https:\/\/schema.org\",\"@graph\":[{\"@type\":\"Article\",\"@id\":\"https:\/\/esbozodeportivo.com\/index.php\/2025\/09\/23\/presentan-feria-nacional-del-mole-en-su-edicion-2025-que-sera-del-3-al-26-de-octubre-en-milpa-alta\/#article\",\"isPartOf\":{\"@id\":\"https:\/\/esbozodeportivo.com\/index.php\/2025\/09\/23\/presentan-feria-nacional-del-mole-en-su-edicion-2025-que-sera-del-3-al-26-de-octubre-en-milpa-alta\/\"},\"author\":{\"name\":\"Redacci\u00f3n\",\"@id\":\"https:\/\/esbozodeportivo.com\/#\/schema\/person\/0f6df9196dfe6740dd0bb31bae50d374\"},\"headline\":\"Presentan Feria Nacional del Mole en su edici\u00f3n 2025, que ser\u00e1 del 3 al 26 de octubre en Milpa Alta\",\"datePublished\":\"2025-09-24T03:40:49+00:00\",\"dateModified\":\"2025-09-24T03:40:51+00:00\",\"mainEntityOfPage\":{\"@id\":\"https:\/\/esbozodeportivo.com\/index.php\/2025\/09\/23\/presentan-feria-nacional-del-mole-en-su-edicion-2025-que-sera-del-3-al-26-de-octubre-en-milpa-alta\/\"},\"wordCount\":262,\"publisher\":{\"@id\":\"https:\/\/esbozodeportivo.com\/#organization\"},\"image\":{\"@id\":\"https:\/\/esbozodeportivo.com\/index.php\/2025\/09\/23\/presentan-feria-nacional-del-mole-en-su-edicion-2025-que-sera-del-3-al-26-de-octubre-en-milpa-alta\/#primaryimage\"},\"thumbnailUrl\":\"https:\/\/esbozodeportivo.com\/wp-content\/uploads\/2025\/09\/DSC07111-scaled.jpg\",\"articleSection\":[\"Cultura\"],\"inLanguage\":\"es\"},{\"@type\":\"WebPage\",\"@id\":\"https:\/\/esbozodeportivo.com\/index.php\/2025\/09\/23\/presentan-feria-nacional-del-mole-en-su-edicion-2025-que-sera-del-3-al-26-de-octubre-en-milpa-alta\/\",\"url\":\"https:\/\/esbozodeportivo.com\/index.php\/2025\/09\/23\/presentan-feria-nacional-del-mole-en-su-edicion-2025-que-sera-del-3-al-26-de-octubre-en-milpa-alta\/\",\"name\":\"Presentan Feria Nacional del Mole en su edici\u00f3n 2025, que ser\u00e1 del 3 al 26 de octubre en Milpa Alta - Esbozo Deportivo\",\"isPartOf\":{\"@id\":\"https:\/\/esbozodeportivo.com\/#website\"},\"primaryImageOfPage\":{\"@id\":\"https:\/\/esbozodeportivo.com\/index.php\/2025\/09\/23\/presentan-feria-nacional-del-mole-en-su-edicion-2025-que-sera-del-3-al-26-de-octubre-en-milpa-alta\/#primaryimage\"},\"image\":{\"@id\":\"https:\/\/esbozodeportivo.com\/index.php\/2025\/09\/23\/presentan-feria-nacional-del-mole-en-su-edicion-2025-que-sera-del-3-al-26-de-octubre-en-milpa-alta\/#primaryimage\"},\"thumbnailUrl\":\"https:\/\/esbozodeportivo.com\/wp-content\/uploads\/2025\/09\/DSC07111-scaled.jpg\",\"datePublished\":\"2025-09-24T03:40:49+00:00\",\"dateModified\":\"2025-09-24T03:40:51+00:00\",\"description\":\"Durante el evento, Miriam Alvarado, directora de la Feria, comparti\u00f3 detalles sobre esta tradicional celebraci\u00f3n gastron\u00f3mica que re\u00fane a familias productoras de mole, artesanos y cocineros de todo el pa\u00eds. Se\u00f1al\u00f3 que este a\u00f1o se espera superar la derrama econ\u00f3mica del a\u00f1o pasado, alcanzando m\u00e1s de 30 millones de pesos, as\u00ed como rebasar las 50 toneladas de mole distribuidas en 2024.\",\"breadcrumb\":{\"@id\":\"https:\/\/esbozodeportivo.com\/index.php\/2025\/09\/23\/presentan-feria-nacional-del-mole-en-su-edicion-2025-que-sera-del-3-al-26-de-octubre-en-milpa-alta\/#breadcrumb\"},\"inLanguage\":\"es\",\"potentialAction\":[{\"@type\":\"ReadAction\",\"target\":[\"https:\/\/esbozodeportivo.com\/index.php\/2025\/09\/23\/presentan-feria-nacional-del-mole-en-su-edicion-2025-que-sera-del-3-al-26-de-octubre-en-milpa-alta\/\"]}]},{\"@type\":\"ImageObject\",\"inLanguage\":\"es\",\"@id\":\"https:\/\/esbozodeportivo.com\/index.php\/2025\/09\/23\/presentan-feria-nacional-del-mole-en-su-edicion-2025-que-sera-del-3-al-26-de-octubre-en-milpa-alta\/#primaryimage\",\"url\":\"https:\/\/esbozodeportivo.com\/wp-content\/uploads\/2025\/09\/DSC07111-scaled.jpg\",\"contentUrl\":\"https:\/\/esbozodeportivo.com\/wp-content\/uploads\/2025\/09\/DSC07111-scaled.jpg\",\"width\":2560,\"height\":1704},{\"@type\":\"BreadcrumbList\",\"@id\":\"https:\/\/esbozodeportivo.com\/index.php\/2025\/09\/23\/presentan-feria-nacional-del-mole-en-su-edicion-2025-que-sera-del-3-al-26-de-octubre-en-milpa-alta\/#breadcrumb\",\"itemListElement\":[{\"@type\":\"ListItem\",\"position\":1,\"name\":\"Inicio\",\"item\":\"https:\/\/esbozodeportivo.com\/\"},{\"@type\":\"ListItem\",\"position\":2,\"name\":\"Presentan Feria Nacional del Mole en su edici\u00f3n 2025, que ser\u00e1 del 3 al 26 de octubre en Milpa Alta\"}]},{\"@type\":\"WebSite\",\"@id\":\"https:\/\/esbozodeportivo.com\/#website\",\"url\":\"https:\/\/esbozodeportivo.com\/\",\"name\":\"Esbozo Deportivo\",\"description\":\"Lo m\u00e1s importante del Deporte\",\"publisher\":{\"@id\":\"https:\/\/esbozodeportivo.com\/#organization\"},\"potentialAction\":[{\"@type\":\"SearchAction\",\"target\":{\"@type\":\"EntryPoint\",\"urlTemplate\":\"https:\/\/esbozodeportivo.com\/?s={search_term_string}\"},\"query-input\":{\"@type\":\"PropertyValueSpecification\",\"valueRequired\":true,\"valueName\":\"search_term_string\"}}],\"inLanguage\":\"es\"},{\"@type\":\"Organization\",\"@id\":\"https:\/\/esbozodeportivo.com\/#organization\",\"name\":\"Esbozo Deportivo\",\"url\":\"https:\/\/esbozodeportivo.com\/\",\"logo\":{\"@type\":\"ImageObject\",\"inLanguage\":\"es\",\"@id\":\"https:\/\/esbozodeportivo.com\/#\/schema\/logo\/image\/\",\"url\":\"https:\/\/esbozodeportivo.com\/wp-content\/uploads\/2022\/08\/cropped-Logo-Esbozo-Web-2.png\",\"contentUrl\":\"https:\/\/esbozodeportivo.com\/wp-content\/uploads\/2022\/08\/cropped-Logo-Esbozo-Web-2.png\",\"width\":180,\"height\":50,\"caption\":\"Esbozo Deportivo\"},\"image\":{\"@id\":\"https:\/\/esbozodeportivo.com\/#\/schema\/logo\/image\/\"}},{\"@type\":\"Person\",\"@id\":\"https:\/\/esbozodeportivo.com\/#\/schema\/person\/0f6df9196dfe6740dd0bb31bae50d374\",\"name\":\"Redacci\u00f3n\",\"image\":{\"@type\":\"ImageObject\",\"inLanguage\":\"es\",\"@id\":\"https:\/\/esbozodeportivo.com\/#\/schema\/person\/image\/\",\"url\":\"https:\/\/secure.gravatar.com\/avatar\/f55268a89c3b418f2ef172ff52ab0d09b3e653c58de29539fe329fb93d78ebf3?s=96&d=mm&r=g\",\"contentUrl\":\"https:\/\/secure.gravatar.com\/avatar\/f55268a89c3b418f2ef172ff52ab0d09b3e653c58de29539fe329fb93d78ebf3?s=96&d=mm&r=g\",\"caption\":\"Redacci\u00f3n\"},\"url\":\"https:\/\/esbozodeportivo.com\/index.php\/author\/redaccion\/\"}]}<\/script>\n<!-- \/ Yoast SEO plugin. -->","yoast_head_json":{"title":"Presentan Feria Nacional del Mole en su edici\u00f3n 2025, que ser\u00e1 del 3 al 26 de octubre en Milpa Alta - Esbozo Deportivo","description":"Durante el evento, Miriam Alvarado, directora de la Feria, comparti\u00f3 detalles sobre esta tradicional celebraci\u00f3n gastron\u00f3mica que re\u00fane a familias productoras de mole, artesanos y cocineros de todo el pa\u00eds. Se\u00f1al\u00f3 que este a\u00f1o se espera superar la derrama econ\u00f3mica del a\u00f1o pasado, alcanzando m\u00e1s de 30 millones de pesos, as\u00ed como rebasar las 50 toneladas de mole distribuidas en 2024.","robots":{"index":"index","follow":"follow","max-snippet":"max-snippet:-1","max-image-preview":"max-image-preview:large","max-video-preview":"max-video-preview:-1"},"canonical":"https:\/\/esbozodeportivo.com\/index.php\/2025\/09\/23\/presentan-feria-nacional-del-mole-en-su-edicion-2025-que-sera-del-3-al-26-de-octubre-en-milpa-alta\/","og_locale":"es_MX","og_type":"article","og_title":"Presentan Feria Nacional del Mole en su edici\u00f3n 2025, que ser\u00e1 del 3 al 26 de octubre en Milpa Alta - Esbozo Deportivo","og_description":"Durante el evento, Miriam Alvarado, directora de la Feria, comparti\u00f3 detalles sobre esta tradicional celebraci\u00f3n gastron\u00f3mica que re\u00fane a familias productoras de mole, artesanos y cocineros de todo el pa\u00eds. Se\u00f1al\u00f3 que este a\u00f1o se espera superar la derrama econ\u00f3mica del a\u00f1o pasado, alcanzando m\u00e1s de 30 millones de pesos, as\u00ed como rebasar las 50 toneladas de mole distribuidas en 2024.","og_url":"https:\/\/esbozodeportivo.com\/index.php\/2025\/09\/23\/presentan-feria-nacional-del-mole-en-su-edicion-2025-que-sera-del-3-al-26-de-octubre-en-milpa-alta\/","og_site_name":"Esbozo Deportivo","article_published_time":"2025-09-24T03:40:49+00:00","article_modified_time":"2025-09-24T03:40:51+00:00","og_image":[{"width":2560,"height":1704,"url":"https:\/\/esbozodeportivo.com\/wp-content\/uploads\/2025\/09\/DSC07111-scaled.jpg","type":"image\/jpeg"}],"author":"Redacci\u00f3n","twitter_card":"summary_large_image","twitter_misc":{"Escrito por":"Redacci\u00f3n","Tiempo de lectura":"3 minutos"},"schema":{"@context":"https:\/\/schema.org","@graph":[{"@type":"Article","@id":"https:\/\/esbozodeportivo.com\/index.php\/2025\/09\/23\/presentan-feria-nacional-del-mole-en-su-edicion-2025-que-sera-del-3-al-26-de-octubre-en-milpa-alta\/#article","isPartOf":{"@id":"https:\/\/esbozodeportivo.com\/index.php\/2025\/09\/23\/presentan-feria-nacional-del-mole-en-su-edicion-2025-que-sera-del-3-al-26-de-octubre-en-milpa-alta\/"},"author":{"name":"Redacci\u00f3n","@id":"https:\/\/esbozodeportivo.com\/#\/schema\/person\/0f6df9196dfe6740dd0bb31bae50d374"},"headline":"Presentan Feria Nacional del Mole en su edici\u00f3n 2025, que ser\u00e1 del 3 al 26 de octubre en Milpa Alta","datePublished":"2025-09-24T03:40:49+00:00","dateModified":"2025-09-24T03:40:51+00:00","mainEntityOfPage":{"@id":"https:\/\/esbozodeportivo.com\/index.php\/2025\/09\/23\/presentan-feria-nacional-del-mole-en-su-edicion-2025-que-sera-del-3-al-26-de-octubre-en-milpa-alta\/"},"wordCount":262,"publisher":{"@id":"https:\/\/esbozodeportivo.com\/#organization"},"image":{"@id":"https:\/\/esbozodeportivo.com\/index.php\/2025\/09\/23\/presentan-feria-nacional-del-mole-en-su-edicion-2025-que-sera-del-3-al-26-de-octubre-en-milpa-alta\/#primaryimage"},"thumbnailUrl":"https:\/\/esbozodeportivo.com\/wp-content\/uploads\/2025\/09\/DSC07111-scaled.jpg","articleSection":["Cultura"],"inLanguage":"es"},{"@type":"WebPage","@id":"https:\/\/esbozodeportivo.com\/index.php\/2025\/09\/23\/presentan-feria-nacional-del-mole-en-su-edicion-2025-que-sera-del-3-al-26-de-octubre-en-milpa-alta\/","url":"https:\/\/esbozodeportivo.com\/index.php\/2025\/09\/23\/presentan-feria-nacional-del-mole-en-su-edicion-2025-que-sera-del-3-al-26-de-octubre-en-milpa-alta\/","name":"Presentan Feria Nacional del Mole en su edici\u00f3n 2025, que ser\u00e1 del 3 al 26 de octubre en Milpa Alta - Esbozo Deportivo","isPartOf":{"@id":"https:\/\/esbozodeportivo.com\/#website"},"primaryImageOfPage":{"@id":"https:\/\/esbozodeportivo.com\/index.php\/2025\/09\/23\/presentan-feria-nacional-del-mole-en-su-edicion-2025-que-sera-del-3-al-26-de-octubre-en-milpa-alta\/#primaryimage"},"image":{"@id":"https:\/\/esbozodeportivo.com\/index.php\/2025\/09\/23\/presentan-feria-nacional-del-mole-en-su-edicion-2025-que-sera-del-3-al-26-de-octubre-en-milpa-alta\/#primaryimage"},"thumbnailUrl":"https:\/\/esbozodeportivo.com\/wp-content\/uploads\/2025\/09\/DSC07111-scaled.jpg","datePublished":"2025-09-24T03:40:49+00:00","dateModified":"2025-09-24T03:40:51+00:00","description":"Durante el evento, Miriam Alvarado, directora de la Feria, comparti\u00f3 detalles sobre esta tradicional celebraci\u00f3n gastron\u00f3mica que re\u00fane a familias productoras de mole, artesanos y cocineros de todo el pa\u00eds. Se\u00f1al\u00f3 que este a\u00f1o se espera superar la derrama econ\u00f3mica del a\u00f1o pasado, alcanzando m\u00e1s de 30 millones de pesos, as\u00ed como rebasar las 50 toneladas de mole distribuidas en 2024.","breadcrumb":{"@id":"https:\/\/esbozodeportivo.com\/index.php\/2025\/09\/23\/presentan-feria-nacional-del-mole-en-su-edicion-2025-que-sera-del-3-al-26-de-octubre-en-milpa-alta\/#breadcrumb"},"inLanguage":"es","potentialAction":[{"@type":"ReadAction","target":["https:\/\/esbozodeportivo.com\/index.php\/2025\/09\/23\/presentan-feria-nacional-del-mole-en-su-edicion-2025-que-sera-del-3-al-26-de-octubre-en-milpa-alta\/"]}]},{"@type":"ImageObject","inLanguage":"es","@id":"https:\/\/esbozodeportivo.com\/index.php\/2025\/09\/23\/presentan-feria-nacional-del-mole-en-su-edicion-2025-que-sera-del-3-al-26-de-octubre-en-milpa-alta\/#primaryimage","url":"https:\/\/esbozodeportivo.com\/wp-content\/uploads\/2025\/09\/DSC07111-scaled.jpg","contentUrl":"https:\/\/esbozodeportivo.com\/wp-content\/uploads\/2025\/09\/DSC07111-scaled.jpg","width":2560,"height":1704},{"@type":"BreadcrumbList","@id":"https:\/\/esbozodeportivo.com\/index.php\/2025\/09\/23\/presentan-feria-nacional-del-mole-en-su-edicion-2025-que-sera-del-3-al-26-de-octubre-en-milpa-alta\/#breadcrumb","itemListElement":[{"@type":"ListItem","position":1,"name":"Inicio","item":"https:\/\/esbozodeportivo.com\/"},{"@type":"ListItem","position":2,"name":"Presentan Feria Nacional del Mole en su edici\u00f3n 2025, que ser\u00e1 del 3 al 26 de octubre en Milpa Alta"}]},{"@type":"WebSite","@id":"https:\/\/esbozodeportivo.com\/#website","url":"https:\/\/esbozodeportivo.com\/","name":"Esbozo Deportivo","description":"Lo m\u00e1s importante del Deporte","publisher":{"@id":"https:\/\/esbozodeportivo.com\/#organization"},"potentialAction":[{"@type":"SearchAction","target":{"@type":"EntryPoint","urlTemplate":"https:\/\/esbozodeportivo.com\/?s={search_term_string}"},"query-input":{"@type":"PropertyValueSpecification","valueRequired":true,"valueName":"search_term_string"}}],"inLanguage":"es"},{"@type":"Organization","@id":"https:\/\/esbozodeportivo.com\/#organization","name":"Esbozo Deportivo","url":"https:\/\/esbozodeportivo.com\/","logo":{"@type":"ImageObject","inLanguage":"es","@id":"https:\/\/esbozodeportivo.com\/#\/schema\/logo\/image\/","url":"https:\/\/esbozodeportivo.com\/wp-content\/uploads\/2022\/08\/cropped-Logo-Esbozo-Web-2.png","contentUrl":"https:\/\/esbozodeportivo.com\/wp-content\/uploads\/2022\/08\/cropped-Logo-Esbozo-Web-2.png","width":180,"height":50,"caption":"Esbozo Deportivo"},"image":{"@id":"https:\/\/esbozodeportivo.com\/#\/schema\/logo\/image\/"}},{"@type":"Person","@id":"https:\/\/esbozodeportivo.com\/#\/schema\/person\/0f6df9196dfe6740dd0bb31bae50d374","name":"Redacci\u00f3n","image":{"@type":"ImageObject","inLanguage":"es","@id":"https:\/\/esbozodeportivo.com\/#\/schema\/person\/image\/","url":"https:\/\/secure.gravatar.com\/avatar\/f55268a89c3b418f2ef172ff52ab0d09b3e653c58de29539fe329fb93d78ebf3?s=96&d=mm&r=g","contentUrl":"https:\/\/secure.gravatar.com\/avatar\/f55268a89c3b418f2ef172ff52ab0d09b3e653c58de29539fe329fb93d78ebf3?s=96&d=mm&r=g","caption":"Redacci\u00f3n"},"url":"https:\/\/esbozodeportivo.com\/index.php\/author\/redaccion\/"}]}},"jetpack_featured_media_url":"https:\/\/esbozodeportivo.com\/wp-content\/uploads\/2025\/09\/DSC07111-scaled.jpg","jetpack_sharing_enabled":true,"_links":{"self":[{"href":"https:\/\/esbozodeportivo.com\/index.php\/wp-json\/wp\/v2\/posts\/9991","targetHints":{"allow":["GET"]}}],"collection":[{"href":"https:\/\/esbozodeportivo.com\/index.php\/wp-json\/wp\/v2\/posts"}],"about":[{"href":"https:\/\/esbozodeportivo.com\/index.php\/wp-json\/wp\/v2\/types\/post"}],"author":[{"embeddable":true,"href":"https:\/\/esbozodeportivo.com\/index.php\/wp-json\/wp\/v2\/users\/4"}],"replies":[{"embeddable":true,"href":"https:\/\/esbozodeportivo.com\/index.php\/wp-json\/wp\/v2\/comments?post=9991"}],"version-history":[{"count":1,"href":"https:\/\/esbozodeportivo.com\/index.php\/wp-json\/wp\/v2\/posts\/9991\/revisions"}],"predecessor-version":[{"id":9999,"href":"https:\/\/esbozodeportivo.com\/index.php\/wp-json\/wp\/v2\/posts\/9991\/revisions\/9999"}],"wp:featuredmedia":[{"embeddable":true,"href":"https:\/\/esbozodeportivo.com\/index.php\/wp-json\/wp\/v2\/media\/9998"}],"wp:attachment":[{"href":"https:\/\/esbozodeportivo.com\/index.php\/wp-json\/wp\/v2\/media?parent=9991"}],"wp:term":[{"taxonomy":"category","embeddable":true,"href":"https:\/\/esbozodeportivo.com\/index.php\/wp-json\/wp\/v2\/categories?post=9991"},{"taxonomy":"post_tag","embeddable":true,"href":"https:\/\/esbozodeportivo.com\/index.php\/wp-json\/wp\/v2\/tags?post=9991"}],"curies":[{"name":"wp","href":"https:\/\/api.w.org\/{rel}","templated":true}]}}